{"id":9029,"date":"2026-08-04T10:57:46","date_gmt":"2026-08-04T10:57:46","guid":{"rendered":"https:\/\/elegancebymelya.com\/?p=9029"},"modified":"2026-07-28T12:21:52","modified_gmt":"2026-07-28T12:21:52","slug":"vivre-a-betera","status":"publish","type":"post","link":"https:\/\/elegancebymelya.com\/es\/vivre-a-betera\/","title":{"rendered":"Vivre \u00e0 B\u00e9tera pr\u00e8s de Valencia : quartiers, \u00e9coles et vie quotidienne"},"content":{"rendered":"\t\t<div data-elementor-type=\"wp-post\" data-elementor-id=\"9029\" class=\"elementor elementor-9029\" data-elementor-post-type=\"post\">\n\t\t\t\t<div class=\"elementor-element elementor-element-f8bcdd2 e-flex e-con-boxed e-con e-parent\" data-id=\"f8bcdd2\" data-element_type=\"container\" data-e-type=\"container\">\n\t\t\t\t\t<div class=\"e-con-inner\">\n\t\t\t\t<div class=\"elementor-element elementor-element-6a22756 elementor-widget elementor-widget-html\" data-id=\"6a22756\" data-element_type=\"widget\" data-e-type=\"widget\" data-widget_type=\"html.default\">\n\t\t\t\t<div class=\"elementor-widget-container\">\n\t\t\t\t\t<!-- Article blog : Vivre \u00e0 B\u00e9tera pr\u00e8s de Valencia \u2014 quartiers, \u00e9coles et vie quotidienne -->\r\n<!-- Style V4 \u2014 elegancebymelya.com -->\r\n\r\n<script type=\"application\/ld+json\">\r\n{\r\n  \"@context\": \"https:\/\/schema.org\",\r\n  \"@type\": \"FAQPage\",\r\n  \"mainEntity\": [\r\n    {\r\n      \"@type\": \"Question\",\r\n      \"name\": \"Quelle diff\u00e9rence entre vivre \u00e0 Mas Camarena et vivre au centre de B\u00e9tera ?\",\r\n      \"acceptedAnswer\": {\r\n        \"@type\": \"Answer\",\r\n        \"text\": \"Le centre de B\u00e9tera est un village espagnol classique avec commerces, bars, march\u00e9 et station de m\u00e9tro. On peut y vivre avec moins de d\u00e9pendance \u00e0 la voiture et b\u00e9n\u00e9ficier d'une vie de quartier espagnole. Mas Camarena est un secteur r\u00e9sidentiel familial compos\u00e9 de plusieurs ensembles et r\u00e9sidences, avec \u00e9cole bilingue, services, piscines collectives et \u00e9quipements sportifs. La vie y est plus organis\u00e9e en circuit, enti\u00e8rement en voiture, mais tr\u00e8s confortable pour les familles avec enfants. Ce ne sont pas les m\u00eames modes de vie.\"\r\n      }\r\n    },\r\n    {\r\n      \"@type\": \"Question\",\r\n      \"name\": \"Mas Camarena convient-elle \u00e0 une famille francophone qui souhaite s'int\u00e9grer \u00e0 la vie espagnole ?\",\r\n      \"acceptedAnswer\": {\r\n        \"@type\": \"Answer\",\r\n        \"text\": \"Mas Camarena est un secteur \u00e0 forte pr\u00e9sence internationale. Pour les familles qui souhaitent une vraie immersion dans la vie espagnole quotidienne, le centre de B\u00e9tera ou d'autres communes comme Moncada offrent un cadre plus adapt\u00e9. Mas Camarena convient davantage aux familles qui privil\u00e9gient la logistique scolaire et le confort r\u00e9sidentiel \u2014 avec l'\u00e9cole, les services et les activit\u00e9s \u00e0 port\u00e9e de main \u2014 sur l'int\u00e9gration locale au sens strict.\"\r\n      }\r\n    },\r\n    {\r\n      \"@type\": \"Question\",\r\n      \"name\": \"B\u00e9tera convient-il aux familles avec jeunes enfants ?\",\r\n      \"acceptedAnswer\": {\r\n        \"@type\": \"Answer\",\r\n        \"text\": \"Oui, B\u00e9tera est particuli\u00e8rement adapt\u00e9 aux familles avec enfants, notamment dans le secteur de Mas Camarena. L'\u00e9cole bilingue int\u00e9gr\u00e9e, les piscines collectives, l'environnement r\u00e9sidentiel calme et les \u00e9quipements de proximit\u00e9 en font un cadre confortable pour les enfants. Il faut cependant anticiper une organisation enti\u00e8rement structur\u00e9e autour de la voiture pour les d\u00e9placements hors urbanisation.\"\r\n      }\r\n    },\r\n    {\r\n      \"@type\": \"Question\",\r\n      \"name\": \"B\u00e9tera est-elle une commune anim\u00e9e ? Y a-t-il de la vie en dehors des urbanisations ?\",\r\n      \"acceptedAnswer\": {\r\n        \"@type\": \"Answer\",\r\n        \"text\": \"Le centre de B\u00e9tera offre une vraie vie de village espagnole : commerces, bars, restaurants, march\u00e9 hebdomadaire, \u00e9quipements municipaux. Les urbanisations (Mas Camarena, Torre en Conill) ont leurs propres services int\u00e9gr\u00e9s mais sont moins anim\u00e9es au sens d'une vie de quartier spontan\u00e9e. Pour les sorties, la culture et les \u00e9v\u00e9nements, Valencia reste la r\u00e9f\u00e9rence depuis B\u00e9tera.\"\r\n      }\r\n    },\r\n    {\r\n      \"@type\": \"Question\",\r\n      \"name\": \"Quelles \u00e9coles \u00e0 B\u00e9tera pour les enfants de familles francophones ?\",\r\n      \"acceptedAnswer\": {\r\n        \"@type\": \"Answer\",\r\n        \"text\": \"L'option la plus utilis\u00e9e \u00e0 B\u00e9tera est le Colegio Biling\u00fce Mas Camarena, \u00e9tablissement bilingue espagnol-anglais int\u00e9gr\u00e9 dans l'urbanisation, de la petite enfance au Bachillerato. \u00c0 proximit\u00e9, Cambridge House (Rocafort) et le CEU San Pablo (Moncada, environ 10 minutes) sont fr\u00e9quemment consid\u00e9r\u00e9s. Le British School of Valencia, situ\u00e9 dans le centre de Valencia, implique un trajet quotidien plus cons\u00e9quent depuis B\u00e9tera. Pour un enseignement en fran\u00e7ais, le Lyc\u00e9e Fran\u00e7ais de Valencia est accessible en voiture, mais le trajet peut \u00eatre important selon l'heure et le trafic. Les listes d'attente dans les \u00e9tablissements bilingues proches peuvent \u00eatre longues : \u00e0 v\u00e9rifier avant toute d\u00e9cision.\"\r\n      }\r\n    },\r\n    {\r\n      \"@type\": \"Question\",\r\n      \"name\": \"B\u00e9tera ou Rocafort : quelle commune choisir pour s'installer ?\",\r\n      \"acceptedAnswer\": {\r\n        \"@type\": \"Answer\",\r\n        \"text\": \"Rocafort est plus proche de Valencia (10 km), plus compact, avec une ambiance tr\u00e8s r\u00e9sidentielle et un acc\u00e8s m\u00e9tro. L'offre de biens y est structurellement limit\u00e9e. B\u00e9tera est plus loin (15 km) mais propose plus de diversit\u00e9 : un centre-village anim\u00e9, des urbanisations familiales avec \u00e9cole int\u00e9gr\u00e9e (Mas Camarena) et un secteur golf premium (Torre en Conill). B\u00e9tera convient mieux aux familles avec enfants qui ont besoin d'un \u00e9tablissement scolaire int\u00e9gr\u00e9. Rocafort convient mieux aux profils cherchant un cadre compact et premium tr\u00e8s proche de Valencia.\"\r\n      }\r\n    },\r\n    {\r\n      \"@type\": \"Question\",\r\n      \"name\": \"Faut-il absolument une voiture pour vivre \u00e0 B\u00e9tera ?\",\r\n      \"acceptedAnswer\": {\r\n        \"@type\": \"Answer\",\r\n        \"text\": \"Dans le centre de B\u00e9tera, la voiture n'est pas indispensable pour les d\u00e9placements du quotidien : commerces, services et station de m\u00e9tro sont accessibles \u00e0 pied. Dans les urbanisations (Mas Camarena, Torre en Conill et autres), la voiture est indispensable pour pratiquement tous les d\u00e9placements hors urbanisation. Avant de choisir un bien, il est utile de tester le trajet r\u00e9el depuis l'adresse exacte jusqu'au lieu de travail, \u00e0 l'\u00e9cole et \u00e0 la station de m\u00e9tro \u2014 les temps varient beaucoup selon l'emplacement dans la commune.\"\r\n      }\r\n    },\r\n    {\r\n      \"@type\": \"Question\",\r\n      \"name\": \"Qu'est-ce que Torre en Conill offre de diff\u00e9rent par rapport au centre de B\u00e9tera ?\",\r\n      \"acceptedAnswer\": {\r\n        \"@type\": \"Answer\",\r\n        \"text\": \"Torre en Conill s'est d\u00e9velopp\u00e9e autour du golf Escorpi\u00f3n \u2014 un parcours priv\u00e9 de 27 trous dans un cadre tr\u00e8s arbor\u00e9. L'ambiance est calme, r\u00e9sidentielle, sans vie de quartier spontan\u00e9e. On y choisit avant tout un environnement, une villa et un cadre de vie reposant. Le centre de B\u00e9tera offre l'inverse : vie de village espagnole, commerces, bars, march\u00e9, m\u00e9tro. Ce sont deux modes de vie tr\u00e8s diff\u00e9rents qui correspondent \u00e0 des profils d'habitants distincts.\"\r\n      }\r\n    }\r\n  ]\r\n}\r\n<\/script>\r\n\r\n<style>\r\n\/* ===== BASE ===== *\/\r\n.ebm-article {\r\n  max-width: 740px;\r\n  margin: 0 auto;\r\n  color: #1a1a1a;\r\n  font-family: \"Montserrat\", sans-serif;\r\n  font-size: 1.05rem;\r\n  line-height: 1.9;\r\n}\r\n.ebm-article p { margin-bottom: 24px; }\r\n.ebm-article ul {\r\n  padding-left: 0;\r\n  list-style: none;\r\n  margin-bottom: 28px;\r\n}\r\n.ebm-article ul li {\r\n  padding: 8px 0 8px 20px;\r\n  position: relative;\r\n  font-size: 1rem;\r\n  color: #2a2a2a;\r\n  border-bottom: 1px solid #f0eeeb;\r\n  line-height: 1.7;\r\n}\r\n.ebm-article ul li::before {\r\n  content: \"\u2014\";\r\n  position: absolute;\r\n  left: 0;\r\n  color: #C74A06;\r\n  font-weight: 700;\r\n}\r\n.ebm-article a {\r\n  color: #C74A06;\r\n  text-decoration: none;\r\n  border-bottom: 1px solid rgba(199,74,6,0.25);\r\n  transition: border-color 0.2s;\r\n}\r\n.ebm-article a:hover { border-color: #C74A06; }\r\n\/* ===== TITRE ===== *\/\r\n.ebm-titre { text-align: center; margin-bottom: 40px; }\r\n.ebm-titre .eyebrow {\r\n  display: block;\r\n  font-size: 10px;\r\n  font-weight: 700;\r\n  letter-spacing: 0.2em;\r\n  text-transform: uppercase;\r\n  color: #C74A06;\r\n  margin-bottom: 14px;\r\n}\r\n.ebm-titre h1 {\r\n  font-family: \"Playfair Display\", \"Cormorant Garamond\", serif;\r\n  font-size: 2.2rem;\r\n  font-weight: 500;\r\n  color: #1a1a1a;\r\n  line-height: 1.25;\r\n  margin: 0 0 14px 0;\r\n  letter-spacing: -0.3px;\r\n}\r\n.ebm-titre .sous-titre {\r\n  font-size: 0.9rem;\r\n  color: #888;\r\n  letter-spacing: 0.08em;\r\n  text-transform: uppercase;\r\n}\r\n\/* ===== SOMMAIRE ===== *\/\r\n.ebm-sommaire {\r\n  margin: 0 0 48px 0;\r\n  padding: 20px 24px;\r\n  border-top: 1px solid #1a1a1a;\r\n  border-bottom: 1px solid #1a1a1a;\r\n}\r\n.ebm-sommaire-label {\r\n  font-size: 9px;\r\n  font-weight: 700;\r\n  letter-spacing: 0.2em;\r\n  text-transform: uppercase;\r\n  color: #999;\r\n  display: block;\r\n  margin-bottom: 10px;\r\n}\r\n.ebm-sommaire-liens {\r\n  display: flex;\r\n  flex-wrap: wrap;\r\n  gap: 6px 0;\r\n}\r\n.ebm-sommaire-liens a {\r\n  font-size: 0.82rem;\r\n  color: #1a1a1a;\r\n  border-bottom: none;\r\n  padding-right: 16px;\r\n  white-space: nowrap;\r\n}\r\n.ebm-sommaire-liens a::after {\r\n  content: \"\u00b7\";\r\n  padding-left: 16px;\r\n  color: #ccc;\r\n}\r\n.ebm-sommaire-liens a:last-child::after { content: \"\"; }\r\n.ebm-sommaire-liens a:hover { color: #C74A06; }\r\n\/* ===== SEPARATEUR ===== *\/\r\n.ebm-sep {\r\n  display: flex;\r\n  align-items: center;\r\n  gap: 20px;\r\n  margin: 52px 0;\r\n}\r\n.ebm-sep::before,\r\n.ebm-sep::after {\r\n  content: \"\";\r\n  flex: 1;\r\n  height: 1px;\r\n  background: #1a1a1a;\r\n}\r\n.ebm-sep span {\r\n  font-size: 9px;\r\n  font-weight: 700;\r\n  letter-spacing: 0.22em;\r\n  text-transform: uppercase;\r\n  color: #1a1a1a;\r\n  white-space: nowrap;\r\n  font-family: \"Montserrat\", sans-serif;\r\n}\r\n\/* ===== TITRES ===== *\/\r\n.ebm-article h3 {\r\n  font-family: \"Playfair Display\", \"Cormorant Garamond\", serif;\r\n  font-size: 1.5rem;\r\n  font-weight: 500;\r\n  color: #1a1a1a;\r\n  margin: 0 0 20px 0;\r\n  line-height: 1.35;\r\n  letter-spacing: -0.2px;\r\n}\r\n\/* ===== NOTE ===== *\/\r\n.ebm-note {\r\n  margin: 32px 0;\r\n  padding: 20px 24px;\r\n  border-left: 2px solid #C74A06;\r\n  background: #fafaf9;\r\n}\r\n.ebm-note p {\r\n  margin: 0;\r\n  font-size: 0.97rem;\r\n  color: #2a2a2a;\r\n  line-height: 1.8;\r\n  font-style: italic;\r\n}\r\n.ebm-note strong { color: #C74A06; font-style: normal; }\r\n\/* ===== HIGHLIGHT ===== *\/\r\n.ebm-highlight {\r\n  background: #fafaf9;\r\n  border-left: 2px solid #C74A06;\r\n  padding: 18px 22px;\r\n  margin: 30px 0;\r\n}\r\n.ebm-highlight p {\r\n  margin: 0;\r\n  font-size: 0.97rem;\r\n  color: #2a2a2a;\r\n  line-height: 1.8;\r\n  font-style: italic;\r\n}\r\n\/* ===== COMPARATIF 2 COL ===== *\/\r\n.ebm-comparatif {\r\n  display: grid;\r\n  grid-template-columns: 1fr 1fr;\r\n  gap: 1px;\r\n  background: #e8e4de;\r\n  margin: 32px 0;\r\n  border: 1px solid #e8e4de;\r\n}\r\n.ebm-comparatif-col { background: #fff; padding: 26px 22px; }\r\n.ebm-comparatif-col-header {\r\n  font-size: 9px;\r\n  font-weight: 700;\r\n  letter-spacing: 0.2em;\r\n  text-transform: uppercase;\r\n  color: #C74A06;\r\n  display: block;\r\n  margin-bottom: 14px;\r\n  padding-bottom: 10px;\r\n  border-bottom: 1px solid #e8e4de;\r\n}\r\n.ebm-comparatif-col ul { margin: 0; padding: 0; }\r\n.ebm-comparatif-col ul li {\r\n  font-size: 0.88rem;\r\n  color: #2a2a2a;\r\n  border-bottom: none;\r\n  padding: 5px 0 5px 18px;\r\n  line-height: 1.6;\r\n}\r\n.ebm-comparatif-col ul li::before { color: #C74A06; }\r\n\/* ===== PROFILS ===== *\/\r\n.ebm-profils {\r\n  margin: 32px 0;\r\n  display: flex;\r\n  flex-direction: column;\r\n  gap: 0;\r\n  border: 1px solid #e8e4de;\r\n}\r\n.ebm-profil {\r\n  display: grid;\r\n  grid-template-columns: 80px 1fr;\r\n  border-bottom: 1px solid #e8e4de;\r\n}\r\n.ebm-profil:last-child { border-bottom: none; }\r\n.ebm-profil-flag {\r\n  background: #1a1a1a;\r\n  display: flex;\r\n  align-items: center;\r\n  justify-content: center;\r\n  font-size: 1.4rem;\r\n  min-height: 90px;\r\n}\r\n.ebm-profil-content { padding: 18px 20px; }\r\n.ebm-profil-label {\r\n  font-size: 9px;\r\n  font-weight: 700;\r\n  letter-spacing: 0.18em;\r\n  text-transform: uppercase;\r\n  color: #C74A06;\r\n  display: block;\r\n  margin-bottom: 6px;\r\n}\r\n.ebm-profil-content p {\r\n  font-size: 0.9rem;\r\n  color: #2a2a2a;\r\n  margin: 0;\r\n  line-height: 1.65;\r\n}\r\n\/* ===== CTA INLINE ===== *\/\r\n.ebm-cta-inline {\r\n  margin: 40px 0;\r\n  padding: 28px 30px;\r\n  background: #fafaf9;\r\n  border: 1px solid #e8e4de;\r\n  border-left: 3px solid #C74A06;\r\n  display: flex;\r\n  align-items: center;\r\n  justify-content: space-between;\r\n  gap: 20px;\r\n  flex-wrap: wrap;\r\n}\r\n.ebm-cta-inline-text p {\r\n  margin: 0;\r\n  font-size: 0.92rem;\r\n  color: #2a2a2a;\r\n  line-height: 1.6;\r\n}\r\n.ebm-cta-inline-text strong {\r\n  display: block;\r\n  font-size: 0.85rem;\r\n  font-weight: 700;\r\n  text-transform: uppercase;\r\n  letter-spacing: 0.07em;\r\n  color: #1a1a1a;\r\n  margin-bottom: 6px;\r\n}\r\n.ebm-cta-inline-btn {\r\n  display: inline-block;\r\n  padding: 12px 28px;\r\n  background: #C74A06;\r\n  color: #fff !important;\r\n  text-decoration: none !important;\r\n  border: none !important;\r\n  font-size: 10px;\r\n  font-weight: 700;\r\n  letter-spacing: 0.15em;\r\n  text-transform: uppercase;\r\n  transition: background 0.2s;\r\n  white-space: nowrap;\r\n}\r\n.ebm-cta-inline-btn:hover { background: #a83d05; }\r\n\/* ===== CTA FINAL ===== *\/\r\n.ebm-cta {\r\n  margin: 56px 0 0 0;\r\n  padding: 40px 36px;\r\n  background: #1a1a1a;\r\n  text-align: center;\r\n}\r\n.ebm-cta-eyebrow {\r\n  font-size: 9px;\r\n  font-weight: 700;\r\n  letter-spacing: 0.22em;\r\n  text-transform: uppercase;\r\n  color: #C74A06;\r\n  display: block;\r\n  margin-bottom: 16px;\r\n}\r\n.ebm-cta h4 {\r\n  font-family: \"Playfair Display\", serif;\r\n  font-size: 1.5rem;\r\n  font-weight: 500;\r\n  color: #fff;\r\n  margin: 0 0 14px 0;\r\n  line-height: 1.35;\r\n}\r\n.ebm-cta p {\r\n  font-size: 0.9rem;\r\n  color: #e0ddd8 !important;\r\n  margin: 0 0 28px 0;\r\n  line-height: 1.7;\r\n}\r\n.ebm-cta-btn {\r\n  display: inline-block;\r\n  padding: 14px 36px;\r\n  background: #C74A06;\r\n  color: #fff !important;\r\n  text-decoration: none !important;\r\n  border: none !important;\r\n  font-size: 11px;\r\n  font-weight: 700;\r\n  letter-spacing: 0.15em;\r\n  text-transform: uppercase;\r\n  transition: background 0.2s;\r\n}\r\n.ebm-cta-btn:hover { background: #a83d05; }\r\n\/* ===== FAQ ===== *\/\r\n.ebm-faq { margin: 32px 0; }\r\n.ebm-faq-item {\r\n  border-bottom: 1px solid #e8e4de;\r\n  padding: 20px 0;\r\n}\r\n.ebm-faq-item:first-child { border-top: 1px solid #e8e4de; }\r\n.ebm-faq-q {\r\n  font-size: 0.95rem;\r\n  font-weight: 700;\r\n  color: #1a1a1a;\r\n  margin: 0 0 10px 0 !important;\r\n  line-height: 1.5;\r\n  padding-left: 20px;\r\n  position: relative;\r\n}\r\n.ebm-faq-q::before {\r\n  content: \"Q\";\r\n  position: absolute;\r\n  left: 0;\r\n  color: #C74A06;\r\n  font-size: 0.75rem;\r\n  font-weight: 700;\r\n  top: 2px;\r\n}\r\n.ebm-faq-a {\r\n  font-size: 0.9rem;\r\n  color: #2a2a2a;\r\n  margin: 0 !important;\r\n  line-height: 1.75;\r\n  padding-left: 20px;\r\n}\r\n\/* ===== RESPONSIVE ===== *\/\r\n@media (max-width: 768px) {\r\n  .ebm-article { font-size: 1rem; }\r\n  .ebm-titre h1 { font-size: 1.7rem; }\r\n  .ebm-comparatif { grid-template-columns: 1fr; }\r\n  .ebm-profil { grid-template-columns: 60px 1fr; }\r\n  .ebm-profil-flag { min-height: 70px; font-size: 1.1rem; }\r\n  .ebm-cta { padding: 30px 22px; }\r\n  .ebm-cta-inline { flex-direction: column; }\r\n  .ebm-sommaire-liens { flex-direction: column; }\r\n  .ebm-sommaire-liens a::after { content: \"\"; }\r\n}\r\n@media (min-width: 769px) and (max-width: 1024px) {\r\n  .ebm-titre h1 { font-size: 1.9rem; }\r\n}\r\n<\/style>\r\n\r\n<div class=\"ebm-article\">\r\n\r\n  <!-- TITRE -->\r\n  <div class=\"ebm-titre\">\r\n    <span class=\"eyebrow\">\u00c9l\u00e9gance by Melya \u2014 Guide de vie \u00e0 B\u00e9tera<\/span>\r\n    <h1>Vivre \u00e0 B\u00e9tera pr\u00e8s de Valencia : quartiers, \u00e9coles et vie quotidienne<\/h1>\r\n    <span class=\"sous-titre\">Centre-village \u00b7 Mas Camarena \u00b7 Torre en Conill \u00b7 Camp de T\u00faria \u00b7 Valencia<\/span>\r\n  <\/div>\r\n\r\n  <!-- SOMMAIRE -->\r\n  <nav class=\"ebm-sommaire\">\r\n    <span class=\"ebm-sommaire-label\">Dans cet article<\/span>\r\n    <div class=\"ebm-sommaire-liens\">\r\n      <a href=\"#ambiances\">Trois ambiances<\/a>\r\n      <a href=\"#centre\">Centre de B\u00e9tera<\/a>\r\n      <a href=\"#mas-camarena\">Mas Camarena<\/a>\r\n      <a href=\"#torre\">Torre en Conill<\/a>\r\n      <a href=\"#deplacements\">Voiture et m\u00e9tro<\/a>\r\n      <a href=\"#ecoles\">\u00c9coles<\/a>\r\n      <a href=\"#loisirs\">Loisirs et qualit\u00e9 de vie<\/a>\r\n      <a href=\"#profils\">Pour quel profil<\/a>\r\n      <a href=\"#faq\">Questions fr\u00e9quentes<\/a>\r\n    <\/div>\r\n  <\/nav>\r\n\r\n  <!-- INTRO -->\r\n  <p>Vivre \u00e0 B\u00e9tera, c'est choisir un cadre r\u00e9sidentiel entre Valencia et la Sierra Calderona \u2014 mais ce choix recouvre des r\u00e9alit\u00e9s tr\u00e8s diff\u00e9rentes selon le secteur o\u00f9 l'on s'installe. Le centre du village, les urbanisations familiales de Mas Camarena et le secteur r\u00e9sidentiel de Torre en Conill ne donnent pas le m\u00eame quotidien, la m\u00eame mobilit\u00e9, ni le m\u00eame rapport \u00e0 Valencia. Avant de d\u00e9cider si B\u00e9tera correspond \u00e0 votre mode de vie, il est utile de comprendre ces trois ambiances et ce qu'elles impliquent concr\u00e8tement au jour le jour.<\/p>\r\n\r\n  <p>Cet article ne traite pas des aspects immobiliers ou du march\u00e9. Son objectif est diff\u00e9rent : aider les francophones qui h\u00e9sitent encore entre plusieurs communes \u00e0 comprendre ce que signifie <em>r\u00e9ellement<\/em> vivre \u00e0 B\u00e9tera \u2014 ses avantages, ses contraintes, et les profils pour lesquels la commune convient ou non. Pour la dimension achat, notre guide <a href=\"https:\/\/elegancebymelya.com\/acheter-betera\/\" target=\"_blank\" rel=\"noopener\"><strong>acheter \u00e0 B\u00e9tera<\/strong><\/a> couvre les urbanisations, les biens disponibles et les points de vigilance.<\/p>\r\n\r\n  <!-- SECTION 1 : TROIS AMBIANCES -->\r\n  <div class=\"ebm-sep\" id=\"ambiances\"><span>Trois ambiances<\/span><\/div>\r\n  <h3>Vivre \u00e0 B\u00e9tera : trois r\u00e9alit\u00e9s tr\u00e8s diff\u00e9rentes selon o\u00f9 l'on s'installe<\/h3>\r\n\r\n  <p>C'est probablement l'information la plus utile de cet article. B\u00e9tera n'est pas une commune homog\u00e8ne \u2014 c'est une commune qui regroupe des secteurs fonctionnant de fa\u00e7on radicalement diff\u00e9rente : pas seulement en termes d'architecture ou d'ambiance visuelle, mais de rythme de vie, d'autonomie au quotidien et de rapport \u00e0 la voiture.<\/p>\r\n\r\n  <div class=\"ebm-comparatif\">\r\n    <div class=\"ebm-comparatif-col\">\r\n      <span class=\"ebm-comparatif-col-header\">Centre de B\u00e9tera (pueblo)<\/span>\r\n      <ul>\r\n        <li>Vie espagnole de village : bars, commerces, march\u00e9<\/li>\r\n        <li>Station de m\u00e9tro ligne 1 accessible \u00e0 pied<\/li>\r\n        <li>D\u00e9placements partiellement possibles sans voiture<\/li>\r\n        <li>Ambiance plus anim\u00e9e, moins r\u00e9sidentielle<\/li>\r\n        <li>Moins de maisons avec grandes parcelles et piscines priv\u00e9es<\/li>\r\n        <li>Convient aux couples, t\u00e9l\u00e9travailleurs, profils mixtes<\/li>\r\n      <\/ul>\r\n    <\/div>\r\n    <div class=\"ebm-comparatif-col\">\r\n      <span class=\"ebm-comparatif-col-header\">Mas Camarena<\/span>\r\n      <ul>\r\n        <li>Secteur r\u00e9sidentiel familial avec plusieurs ensembles et r\u00e9sidences<\/li>\r\n        <li>\u00c9cole bilingue int\u00e9gr\u00e9e, piscines collectives, padel<\/li>\r\n        <li>Vie en circuit : tout \u00e0 port\u00e9e, mais tout en voiture<\/li>\r\n        <li>Ambiance internationale, familiale, calme<\/li>\r\n        <li>Maisons avec jardins et piscines (individuelles ou collectives)<\/li>\r\n        <li>Convient aux familles avec enfants en primaire ou coll\u00e8ge<\/li>\r\n      <\/ul>\r\n    <\/div>\r\n  <\/div>\r\n\r\n  <div class=\"ebm-comparatif\">\r\n    <div class=\"ebm-comparatif-col\">\r\n      <span class=\"ebm-comparatif-col-header\">Torre en Conill<\/span>\r\n      <ul>\r\n        <li>Urbanisation priv\u00e9e autour du golf Escorpi\u00f3n (27 trous)<\/li>\r\n        <li>S\u00e9curit\u00e9 priv\u00e9e 24h\/24, villas sur grandes parcelles<\/li>\r\n        <li>Ambiance tr\u00e8s r\u00e9sidentielle, calme, peu de vie de quartier<\/li>\r\n        <li>Quelques services int\u00e9gr\u00e9s (supermarch\u00e9, restaurants golf)<\/li>\r\n        <li>Voiture indispensable pour pratiquement tous les d\u00e9placements<\/li>\r\n        <li>Convient aux profils premium cherchant calme et espace<\/li>\r\n      <\/ul>\r\n    <\/div>\r\n    <div class=\"ebm-comparatif-col\">\r\n      <span class=\"ebm-comparatif-col-header\">Autres urbanisations<\/span>\r\n      <ul>\r\n        <li>Cumbres de San Antonio, secteurs r\u00e9sidentiels p\u00e9riph\u00e9riques<\/li>\r\n        <li>Maisons individuelles sur parcelles g\u00e9n\u00e9reuses<\/li>\r\n        <li>Moins de services int\u00e9gr\u00e9s que Mas Camarena<\/li>\r\n        <li>D\u00e9pendance voiture forte<\/li>\r\n        <li>Plus de terrain pour un cadre similaire<\/li>\r\n        <li>Convient aux profils ind\u00e9pendants, tranquillit\u00e9 prioritaire<\/li>\r\n      <\/ul>\r\n    <\/div>\r\n  <\/div>\r\n\r\n  <div class=\"ebm-highlight\">\r\n    <p>Dire \"je veux vivre \u00e0 B\u00e9tera\" sans pr\u00e9ciser le secteur ne signifie pas grand-chose. Une famille install\u00e9e \u00e0 Mas Camarena et une famille install\u00e9e au centre de B\u00e9tera m\u00e8nent deux modes de vie tr\u00e8s diff\u00e9rents \u2014 m\u00eame si elles habitent \u00e0 5 minutes l'une de l'autre en voiture.<\/p>\r\n  <\/div>\r\n\r\n  <!-- CTA INLINE 1 -->\r\n  <div class=\"ebm-cta-inline\">\r\n    <div class=\"ebm-cta-inline-text\">\r\n      <strong>Vous h\u00e9sitez encore entre B\u00e9tera et une autre commune ?<\/strong>\r\n      <p>B\u00e9tera, Rocafort, Godella, Moncada, La Eliana \u2014 chaque commune r\u00e9pond \u00e0 des modes de vie diff\u00e9rents. D\u00e9crivez votre projet, nous vous aidons \u00e0 affiner votre choix.<\/p>\r\n    <\/div>\r\n    <a href=\"https:\/\/form.fillout.com\/t\/jUUj2Wbjesus\" class=\"ebm-cta-inline-btn\" target=\"_blank\" rel=\"noopener\">Parlez-nous de votre projet<\/a>\r\n  <\/div>\r\n\r\n  <!-- SECTION 2 : CENTRE -->\r\n  <div class=\"ebm-sep\" id=\"centre\"><span>Centre de B\u00e9tera<\/span><\/div>\r\n  <h3>Le centre de B\u00e9tera : vie espagnole, commerces et desserte m\u00e9tro<\/h3>\r\n\r\n  <p>Le pueblo de B\u00e9tera est la partie la plus urbaine et la plus anim\u00e9e de la commune. On y trouve une vie de quartier r\u00e9elle : commerces alimentaires, boulangeries, bars, restaurants, pharmacies, m\u00e9decins g\u00e9n\u00e9ralistes, march\u00e9 hebdomadaire, \u00e9quipements sportifs municipaux, biblioth\u00e8que. La station de m\u00e9tro (ligne 1, terminus B\u00e9tera) permet de rejoindre Valencia en une quarantaine de minutes sans voiture.<\/p>\r\n\r\n  <p>C'est le seul secteur de B\u00e9tera o\u00f9 l'on peut g\u00e9rer une grande partie de la journ\u00e9e sans voiture. Un r\u00e9sident du centre peut faire ses courses \u00e0 pied, prendre le m\u00e9tro le matin, rentrer d\u00e9jeuner. Cela en fait une option int\u00e9ressante pour les couples sans enfants, les t\u00e9l\u00e9travailleurs qui appr\u00e9cient une vie de village espagnole, ou les familles qui veulent garder un ancrage dans la vie locale sans s'isoler dans une urbanisation ferm\u00e9e.<\/p>\r\n\r\n  <p>Les inconv\u00e9nients du centre sont sym\u00e9triques \u00e0 ses avantages : l'ambiance est plus anim\u00e9e et moins isol\u00e9e que dans les urbanisations. Les maisons avec grandes parcelles et piscines priv\u00e9es y sont moins repr\u00e9sent\u00e9es. Et le centre de B\u00e9tera n'offre pas le cadre s\u00e9curis\u00e9 et ferm\u00e9 que recherchent les familles avec jeunes enfants dans les urbanisations.<\/p>\r\n\r\n  <!-- SECTION 3 : MAS CAMARENA -->\r\n  <div class=\"ebm-sep\" id=\"mas-camarena\"><span>Mas Camarena<\/span><\/div>\r\n  <h3>Vivre \u00e0 Mas Camarena : l'urbanisation pens\u00e9e pour les familles<\/h3>\r\n\r\n  <p>Mas Camarena est l'urbanisation de B\u00e9tera qui attire le plus de familles francophones en cours d'installation. Elle est con\u00e7ue pour fonctionner de fa\u00e7on quasi autonome : \u00e9cole bilingue int\u00e9gr\u00e9e (Colegio Mas Camarena), supermarch\u00e9, restaurants, pharmacie, piscines collectives, pistes de padel, voiries int\u00e9rieures s\u00e9curis\u00e9es. L'organisation est pens\u00e9e pour que les r\u00e9sidents puissent couvrir l'essentiel de leur quotidien familial sans quitter l'urbanisation.<\/p>\r\n\r\n  <p>La logistique scolaire y est consid\u00e9rablement simplifi\u00e9e pour les familles avec enfants en primaire ou au coll\u00e8ge. L'\u00e9cole est \u00e0 quelques minutes \u00e0 pied ou en voiture depuis les maisons de l'urbanisation. Les enfants peuvent rentrer d\u00e9jeuner, les activit\u00e9s p\u00e9riscolaires se font dans la m\u00eame zone. Pour les familles qui placent l'\u00e9cole au centre de leur organisation quotidienne, c'est souvent un argument d\u00e9cisif.<\/p>\r\n\r\n  <p>La contrepartie est une organisation enti\u00e8rement structur\u00e9e autour de la voiture pour tout d\u00e9placement hors urbanisation : rejoindre Valencia, aller dans une autre commune, acc\u00e9der \u00e0 des services ou activit\u00e9s que Mas Camarena n'int\u00e8gre pas. Ce n'est pas une contrainte r\u00e9dhibitoire, mais c'est une r\u00e9alit\u00e9 \u00e0 int\u00e9grer avant de choisir ce secteur \u2014 surtout pour les m\u00e9nages habitu\u00e9s \u00e0 se d\u00e9placer \u00e0 pied ou en transports.<\/p>\r\n\r\n  <div class=\"ebm-note\">\r\n    <p><strong>Une nuance importante :<\/strong> les maisons de Mas Camarena ne sont pas toutes \u00e9quip\u00e9es d'une piscine priv\u00e9e. Il existe des maisons mitoyennes ou semi-individuelles avec jardins privatifs et piscines collectives, et des maisons individuelles avec piscine priv\u00e9e. L'entretien d'un jardin et d'une piscine repr\u00e9sente un poste \u00e0 anticiper dans le budget de fonctionnement \u2014 et une charge r\u00e9elle \u00e0 g\u00e9rer depuis l'\u00e9tranger pour une r\u00e9sidence secondaire.<\/p>\r\n  <\/div>\r\n\r\n  <p>L'ambiance de Mas Camarena est familiale, internationalis\u00e9e et calme. Nous y rencontrons r\u00e9guli\u00e8rement des familles internationales attir\u00e9es par l'\u00e9cole et le fonctionnement r\u00e9sidentiel du secteur \u2014 un avantage pour des familles francophones en cours d'int\u00e9gration. En revanche, ce n'est pas l'urbanisation id\u00e9ale pour les personnes qui cherchent une immersion dans la vie espagnole quotidienne.<\/p>\r\n\r\n  <!-- SECTION 4 : TORRE EN CONILL -->\r\n  <div class=\"ebm-sep\" id=\"torre\"><span>Torre en Conill<\/span><\/div>\r\n  <h3>Torre en Conill : vivre autour du golf Escorpi\u00f3n<\/h3>\r\n\r\n  <p>Torre en Conill s'est d\u00e9velopp\u00e9e autour du Club de Golf Escorpi\u00f3n, un parcours priv\u00e9 de 27 trous, dont les premiers 18 ont \u00e9t\u00e9 dessin\u00e9s par Ron Kirby. Le golf structure fortement l'ambiance du secteur : m\u00eame pour les habitants qui ne pratiquent pas, le cadre reste tr\u00e8s arbor\u00e9, avec des constructions peu denses et une atmosph\u00e8re particuli\u00e8rement calme. Le club, son restaurant et ses installations contribuent \u00e0 la vie sociale du secteur, sans pour autant cr\u00e9er une vie de centre-ville.<\/p>\r\n\r\n  <p>L'ambiance de Torre en Conill est sensiblement diff\u00e9rente de Mas Camarena ou du centre de B\u00e9tera : plus r\u00e9sidentielle, sans vie de quartier spontan\u00e9e. Les r\u00e9sidents choisissent ce secteur pour un environnement et un cadre de vie avant tout \u2014 pas pour la proximit\u00e9 des services ou du m\u00e9tro. Torre en Conill attire notamment des acheteurs recherchant calme, golf, espace et un environnement r\u00e9sidentiel soign\u00e9 \u00e0 proximit\u00e9 de Valencia.<\/p>\r\n\r\n  <p>La voiture est indispensable \u00e0 Torre en Conill \u2014 non pas comme contrainte subie, mais comme mode de d\u00e9placement par d\u00e9faut dans un secteur con\u00e7u pour \u00e7a. L'urbanisation dispose de quelques services int\u00e9gr\u00e9s (supermarch\u00e9, restaurants sur le site du golf), mais ne pr\u00e9tend pas \u00e0 l'autonomie de Mas Camarena. Pour faire les grandes courses, aller chez le m\u00e9decin ou rejoindre Valencia, la voiture est le seul moyen pratique.<\/p>\r\n\r\n  <div class=\"ebm-highlight\">\r\n    <p>Les acheteurs qui s'y projettent cherchent une villa, de l'espace et un cadre r\u00e9sidentiel de qualit\u00e9. Ceux qui veulent sortir \u00e0 pied, prendre un caf\u00e9 et faire leurs courses sans voiture se projettent plus facilement dans le centre de B\u00e9tera \u2014 ou dans une autre commune.<\/p>\r\n  <\/div>\r\n\r\n  <!-- SECTION 5 : DEPLACEMENTS -->\r\n  <div class=\"ebm-sep\" id=\"deplacements\"><span>Voiture et m\u00e9tro<\/span><\/div>\r\n  <h3>Vivre \u00e0 B\u00e9tera sans voiture ou avec : la r\u00e9alit\u00e9 des d\u00e9placements selon le secteur<\/h3>\r\n\r\n  <p>B\u00e9tera dispose d'une liaison m\u00e9tro \u2014 la ligne 1, dont elle est le terminus. C'est un avantage r\u00e9el sur la plupart des communes r\u00e9sidentielles de la zone, et un argument souvent mis en avant. Il faut cependant comprendre ce que cette desserte signifie concr\u00e8tement selon le secteur habit\u00e9.<\/p>\r\n\r\n  <p>Pour un r\u00e9sident du centre de B\u00e9tera, la station est accessible \u00e0 pied. Le trajet jusqu'au centre de Valencia prend environ 40 minutes. C'est une alternative cr\u00e9dible \u00e0 la voiture pour les actifs qui travaillent \u00e0 Valencia, notamment aux heures de pointe. Un m\u00e9nage \u00e0 deux voitures peut envisager de s'en passer d'une si l'un des deux travaille en centre-ville et habite proche du pueblo.<\/p>\r\n\r\n  <p>Pour les r\u00e9sidents de Mas Camarena ou de Torre en Conill, la situation est diff\u00e9rente. La station est \u00e0 plusieurs kilom\u00e8tres de voiture. Le trajet effectif est : voiture jusqu'\u00e0 la station, parking, puis m\u00e9tro jusqu'\u00e0 Valencia. En pratique, beaucoup choisissent de conduire directement jusqu'\u00e0 leur destination selon l'heure, la destination et la disponibilit\u00e9 d'un parking. Le m\u00e9tro reste utile pour certains trajets sp\u00e9cifiques \u2014 notamment pour les adolescents suffisamment autonomes ou pour rejoindre le centre-ville les week-ends sans chercher de parking.<\/p>\r\n\r\n  <div class=\"ebm-note\">\r\n    <p><strong>Un conseil que nous donnons syst\u00e9matiquement :<\/strong> avant de choisir un bien \u00e0 B\u00e9tera, testez le trajet r\u00e9el un matin de semaine depuis l'adresse exacte jusqu'\u00e0 votre lieu de travail, \u00e0 l'\u00e9cole des enfants et \u00e0 la station de m\u00e9tro. Deux maisons situ\u00e9es \u00e0 B\u00e9tera peuvent repr\u00e9senter des temps de d\u00e9placement tr\u00e8s diff\u00e9rents \u2014 et ces d\u00e9placements r\u00e9p\u00e9t\u00e9s structurent toute la semaine familiale.<\/p>\r\n  <\/div>\r\n\r\n  <!-- SECTION 6 : ECOLES -->\r\n  <div class=\"ebm-sep\" id=\"ecoles\"><span>\u00c9coles<\/span><\/div>\r\n  <h3>\u00c9coles \u00e0 B\u00e9tera : les options pour les familles francophones<\/h3>\r\n\r\n  <p>L'offre scolaire autour de B\u00e9tera est l'un des atouts les plus concrets de la commune pour les familles en installation depuis la France, la Belgique ou la Suisse. Plusieurs \u00e9tablissements bilingues ou internationaux sont accessibles, \u00e0 des distances et avec des implications logistiques variables.<\/p>\r\n\r\n  <p>Le <strong>Colegio Biling\u00fce Mas Camarena<\/strong>, int\u00e9gr\u00e9 dans l'urbanisation du m\u00eame nom, est l'\u00e9tablissement le plus souvent choisi par les familles install\u00e9es \u00e0 B\u00e9tera. Enseignement bilingue espagnol-anglais de la petite enfance au Bachillerato, avec cursus espagnol, multilingue et programmes internationaux. Sa situation dans l'urbanisation simplifie consid\u00e9rablement la logistique matinale : l'\u00e9cole est \u00e0 quelques minutes \u00e0 pied ou en voiture depuis les maisons de Mas Camarena.<\/p>\r\n\r\n  <p>\u00c0 proximit\u00e9 de B\u00e9tera, les familles peuvent notamment consid\u00e9rer <strong>Cambridge House<\/strong> (\u00e0 Rocafort) et le <strong>Colegio CEU San Pablo<\/strong> (\u00e0 Moncada, environ 10 minutes). Le <strong>British School of Valencia<\/strong>, situ\u00e9 dans le centre de Valencia, implique quant \u00e0 lui un trajet quotidien plus cons\u00e9quent. Ces \u00e9tablissements offrent diff\u00e9rents cursus bilingues et internationaux, avec des listes d'attente variables selon les niveaux.<\/p>\r\n\r\n  <p>Pour les familles cherchant un enseignement enti\u00e8rement en fran\u00e7ais, le <strong>Lyc\u00e9e Fran\u00e7ais de Valencia<\/strong> est la principale option. Depuis B\u00e9tera, le trajet en voiture peut \u00eatre important selon l'urbanisation, l'heure et le trafic. C'est un param\u00e8tre \u00e0 anticiper s\u00e9rieusement dans l'organisation familiale \u2014 notamment si les deux parents travaillent et que la d\u00e9pose \u00e0 l'\u00e9cole revient \u00e0 l'un d'eux tous les matins.<\/p>\r\n\r\n  <div class=\"ebm-note\">\r\n    <p><strong>Point \u00e0 v\u00e9rifier avant toute d\u00e9cision :<\/strong> les listes d'attente dans les \u00e9tablissements bilingues proches de B\u00e9tera \u2014 notamment \u00e0 Mas Camarena \u2014 peuvent \u00eatre longues, en particulier pour les niveaux primaires. V\u00e9rifiez la disponibilit\u00e9 d'une place avant de finaliser un projet d'installation, et si possible avant de signer quoi que ce soit.<\/p>\r\n  <\/div>\r\n\r\n  <!-- CTA INLINE 2 -->\r\n  <div class=\"ebm-cta-inline\">\r\n    <div class=\"ebm-cta-inline-text\">\r\n      <strong>L'\u00e9cole est un crit\u00e8re central dans votre choix de commune ?<\/strong>\r\n      <p>B\u00e9tera, Godella, La Eliana, Rocafort \u2014 chaque zone a sa propre offre scolaire et ses contraintes logistiques. Parlez-nous de votre situation, nous vous aidons \u00e0 comparer.<\/p>\r\n    <\/div>\r\n    <a href=\"https:\/\/form.fillout.com\/t\/jUUj2Wbjesus\" class=\"ebm-cta-inline-btn\" target=\"_blank\" rel=\"noopener\">Parlez-nous de votre projet<\/a>\r\n  <\/div>\r\n\r\n  <!-- SECTION 7 : LOISIRS -->\r\n  <div class=\"ebm-sep\" id=\"loisirs\"><span>Loisirs et qualit\u00e9 de vie<\/span><\/div>\r\n  <h3>Sport, nature et bien-\u00eatre \u00e0 B\u00e9tera : ce que la commune offre au quotidien<\/h3>\r\n\r\n  <p>B\u00e9tera offre un environnement naturel que peu de communes r\u00e9sidentielles autour de Valencia peuvent \u00e9galer \u00e0 cette distance de la ville. La Sierra Calderona, class\u00e9e parc naturel, est directement accessible depuis les urbanisations \u2014 randonn\u00e9e, v\u00e9lo de montagne, \u00e9quitation, espaces naturels ouverts. Pour les familles ou les personnes qui souhaitent pratiquer des activit\u00e9s de plein air r\u00e9guli\u00e8rement sans devoir conduire des heures, c'est un avantage concret et quotidien.<\/p>\r\n\r\n  <p>Le <strong>Club de Golf Escorpi\u00f3n<\/strong> est l'un des \u00e9quipements embl\u00e9matiques de B\u00e9tera. Ce parcours priv\u00e9 de 27 trous accueille aussi bien des joueurs r\u00e9guliers que des familles et r\u00e9sidents du secteur pour des activit\u00e9s, des repas ou des \u00e9v\u00e9nements li\u00e9s au club. Sa pr\u00e9sence influe sur l'ambiance de Torre en Conill \u2014 y compris pour les habitants qui ne pratiquent pas le golf.<\/p>\r\n\r\n  <p>B\u00e9tera accueille \u00e9galement <strong>Calderona Wellness<\/strong>, un complexe de sport et de bien-\u00eatre proposant notamment salle de sport, spa et soins. Pour les habitants de B\u00e9tera et des urbanisations voisines, c'est un \u00e9quipement accessible sans rejoindre Valencia \u2014 utile pour les personnes qui recherchent un cadre r\u00e9sidentiel avec des services de bien-\u00eatre \u00e0 proximit\u00e9.<\/p>\r\n\r\n  <p>Pour les enfants et adolescents : piscines collectives dans les urbanisations, activit\u00e9s sportives et p\u00e9riscolaires int\u00e9gr\u00e9es \u00e0 Mas Camarena, \u00e9quipements municipaux dans le centre de B\u00e9tera.<\/p>\r\n\r\n  <p>Ce que B\u00e9tera n'offre pas facilement : une vie culturelle dense, des \u00e9v\u00e9nements r\u00e9guliers, une offre de restaurants diversifi\u00e9e au-del\u00e0 du quotidien. Pour ces aspects, Valencia reste la r\u00e9f\u00e9rence \u2014 accessible en m\u00e9tro depuis le centre de B\u00e9tera, ou en voiture depuis les urbanisations.<\/p>\r\n\r\n  <!-- SECTION 8 : PROFILS -->\r\n  <div class=\"ebm-sep\" id=\"profils\"><span>Pour quel profil<\/span><\/div>\r\n  <h3>B\u00e9tera convient-il \u00e0 votre mode de vie ? Avantages et limites<\/h3>\r\n\r\n  <p>B\u00e9tera est une bonne commune pour certains profils, et une mauvaise id\u00e9e pour d'autres. Cette honn\u00eatet\u00e9 a plus de valeur qu'un article promotionnel \u2014 et elle vous fera gagner du temps.<\/p>\r\n\r\n  <div class=\"ebm-profils\">\r\n    <div class=\"ebm-profil\">\r\n      <div class=\"ebm-profil-flag\">\u2713<\/div>\r\n      <div class=\"ebm-profil-content\">\r\n        <span class=\"ebm-profil-label\">B\u00e9tera convient bien \u00e0<\/span>\r\n        <p>Familles avec enfants cherchant espace, ext\u00e9rieur et \u00e9cole de qualit\u00e9 \u00e0 proximit\u00e9. T\u00e9l\u00e9travailleurs partiels qui n'ont pas besoin d'\u00eatre \u00e0 Valencia tous les jours. Couples et familles qui acceptent de structurer leurs d\u00e9placements quotidiens en voiture. Personnes qui valorisent la nature, la Sierra Calderona et un cadre r\u00e9sidentiel calme. R\u00e9sidences secondaires dans des urbanisations s\u00e9curis\u00e9es avec services int\u00e9gr\u00e9s.<\/p>\r\n      <\/div>\r\n    <\/div>\r\n    <div class=\"ebm-profil\">\r\n      <div class=\"ebm-profil-flag\">\u2717<\/div>\r\n      <div class=\"ebm-profil-content\">\r\n        <span class=\"ebm-profil-label\">B\u00e9tera convient moins \u00e0<\/span>\r\n        <p>Personnes souhaitant tout faire \u00e0 pied ou d\u00e9pendre le moins possible d'une voiture. Actifs qui doivent se rendre \u00e0 Valencia chaque jour et pour lesquels le temps de trajet est un crit\u00e8re prioritaire. Profils cherchant une vie de quartier urbaine anim\u00e9e avec restaurants, sorties et culture \u00e0 proximit\u00e9 imm\u00e9diate. Familles dont les enfants sont scolaris\u00e9s dans un \u00e9tablissement \u00e9loign\u00e9 sans transport scolaire organis\u00e9.<\/p>\r\n      <\/div>\r\n    <\/div>\r\n  <\/div>\r\n\r\n  <h3>B\u00e9tera ou une autre commune de la zone : comment trancher ?<\/h3>\r\n\r\n  <p>B\u00e9tera se distingue de ses voisines sur plusieurs points. Par rapport \u00e0 <strong>Rocafort ou Godella<\/strong>, B\u00e9tera offre plus de volume et de diversit\u00e9 \u2014 centre-village, plusieurs urbanisations, \u00e9cole bilingue int\u00e9gr\u00e9e. Rocafort est plus proche de Valencia, plus compact et plus premium, mais l'offre de biens y est structurellement plus limit\u00e9e et la commune n'a pas de Mas Camarena ni d'\u00e9quivalent scolaire int\u00e9gr\u00e9.<\/p>\r\n\r\n  <p>Par rapport \u00e0 <strong>Moncada<\/strong>, B\u00e9tera est plus \u00e9loign\u00e9e et plus r\u00e9sidentielle. Moncada offre une vie de commune espagnole plus anim\u00e9e, une connexion m\u00e9tro directe depuis le centre, et une accessibilit\u00e9 quotidienne plus facile \u2014 mais moins de maisons avec grandes parcelles et moins d'urbanisations familiales structur\u00e9es. Notre guide <a href=\"https:\/\/elegancebymelya.com\/acheter-moncada-2026\/\" target=\"_blank\" rel=\"noopener\"><strong>acheter \u00e0 Moncada<\/strong><\/a> d\u00e9taille cette commune pour ceux qui h\u00e9sitent.<\/p>\r\n\r\n  <p>Par rapport \u00e0 <strong>La Eliana<\/strong>, B\u00e9tera propose un environnement plus naturel et des urbanisations plus structur\u00e9es. La Eliana est mieux connect\u00e9e pour une vie de commune espagnole active, avec une vie de quartier et un m\u00e9tro accessible. Les deux communes s'adressent \u00e0 des profils partiellement diff\u00e9rents.<\/p>\r\n\r\n  <p>Notre article sur les <a href=\"https:\/\/elegancebymelya.com\/maison-piscine-autour-valencia\/\" target=\"_blank\" rel=\"noopener\"><strong>maisons avec piscine autour de Valencia<\/strong><\/a> compare ces cinq zones sous l'angle du type de bien et du cadre de vie, si c'est la combinaison espace-ext\u00e9rieur-commune qui guide votre d\u00e9cision.<\/p>\r\n\r\n  <div class=\"ebm-note\">\r\n    <p><strong>Un dernier point terrain :<\/strong> une grande maison avec piscine apporte du confort, mais aussi davantage d'entretien \u2014 jardin, filtration, fa\u00e7ade, climatisation, consommation \u00e9nerg\u00e9tique. C'est un changement important pour une famille venant d'un appartement \u00e0 Valencia ou en France. En \u00e9t\u00e9, la piscine, la terrasse et le jardin prennent toute leur valeur. En hiver, c'est l'isolation, l'orientation et le chauffage qui font la diff\u00e9rence \u2014 deux \u00e9l\u00e9ments \u00e0 v\u00e9rifier attentivement lors d'une visite en haute saison.<\/p>\r\n  <\/div>\r\n\r\n  <!-- SECTION FAQ -->\r\n  <div class=\"ebm-sep\" id=\"faq\"><span>Questions fr\u00e9quentes<\/span><\/div>\r\n  <h3>Vivre \u00e0 B\u00e9tera : les questions que nous posent le plus souvent<\/h3>\r\n\r\n  <div class=\"ebm-faq\">\r\n    <div class=\"ebm-faq-item\">\r\n      <p class=\"ebm-faq-q\">Quelle diff\u00e9rence entre vivre \u00e0 Mas Camarena et vivre au centre de B\u00e9tera ?<\/p>\r\n      <p class=\"ebm-faq-a\">Le centre de B\u00e9tera est un village espagnol classique avec commerces, bars, march\u00e9 et station de m\u00e9tro. On peut y vivre avec moins de d\u00e9pendance \u00e0 la voiture et b\u00e9n\u00e9ficier d'une vie de quartier espagnole. Mas Camarena est un secteur r\u00e9sidentiel familial compos\u00e9 de plusieurs ensembles et r\u00e9sidences, avec \u00e9cole bilingue, services, piscines collectives et \u00e9quipements sportifs. La vie y est plus organis\u00e9e en circuit, enti\u00e8rement en voiture, mais tr\u00e8s confortable pour les familles avec enfants. Ce ne sont pas les m\u00eames modes de vie.<\/p>\r\n    <\/div>\r\n    <div class=\"ebm-faq-item\">\r\n      <p class=\"ebm-faq-q\">Mas Camarena convient-elle \u00e0 une famille francophone qui souhaite s'int\u00e9grer \u00e0 la vie espagnole ?<\/p>\r\n      <p class=\"ebm-faq-a\">Mas Camarena est un secteur \u00e0 forte pr\u00e9sence internationale. Pour les familles qui souhaitent une vraie immersion dans la vie espagnole quotidienne, le centre de B\u00e9tera ou d'autres communes comme Moncada offrent un cadre plus adapt\u00e9. Mas Camarena convient davantage aux familles qui privil\u00e9gient la logistique scolaire et le confort r\u00e9sidentiel \u2014 avec l'\u00e9cole, les services et les activit\u00e9s \u00e0 port\u00e9e de main \u2014 sur l'int\u00e9gration locale au sens strict.<\/p>\r\n    <\/div>\r\n\r\n    <div class=\"ebm-faq-item\">\r\n      <p class=\"ebm-faq-q\">B\u00e9tera convient-il aux familles avec jeunes enfants ?<\/p>\r\n      <p class=\"ebm-faq-a\">Oui, B\u00e9tera est particuli\u00e8rement adapt\u00e9 aux familles avec enfants, notamment dans le secteur de Mas Camarena. L'\u00e9cole bilingue int\u00e9gr\u00e9e, les piscines collectives, l'environnement r\u00e9sidentiel calme et les \u00e9quipements de proximit\u00e9 en font un cadre confortable pour les enfants. Il faut cependant anticiper une organisation enti\u00e8rement structur\u00e9e autour de la voiture pour les d\u00e9placements hors urbanisation.<\/p>\r\n    <\/div>\r\n    <div class=\"ebm-faq-item\">\r\n      <p class=\"ebm-faq-q\">B\u00e9tera est-elle une commune anim\u00e9e ? Y a-t-il de la vie en dehors des urbanisations ?<\/p>\r\n      <p class=\"ebm-faq-a\">Le centre de B\u00e9tera offre une vraie vie de village espagnole : commerces, bars, restaurants, march\u00e9 hebdomadaire, \u00e9quipements municipaux. Les urbanisations (Mas Camarena, Torre en Conill) ont leurs propres services int\u00e9gr\u00e9s mais sont moins anim\u00e9es au sens d'une vie de quartier spontan\u00e9e. Pour les sorties, la culture et les \u00e9v\u00e9nements, Valencia reste la r\u00e9f\u00e9rence depuis B\u00e9tera.<\/p>\r\n    <\/div>\r\n    <div class=\"ebm-faq-item\">\r\n      <p class=\"ebm-faq-q\">Quelles \u00e9coles \u00e0 B\u00e9tera pour les enfants de familles francophones ?<\/p>\r\n      <p class=\"ebm-faq-a\">L'option la plus utilis\u00e9e \u00e0 B\u00e9tera est le Colegio Biling\u00fce Mas Camarena, \u00e9tablissement bilingue espagnol-anglais int\u00e9gr\u00e9 dans l'urbanisation, de la petite enfance au Bachillerato. \u00c0 proximit\u00e9, Cambridge House (Rocafort) et le CEU San Pablo (Moncada, environ 10 minutes) sont fr\u00e9quemment consid\u00e9r\u00e9s. Le British School of Valencia, situ\u00e9 dans le centre de Valencia, implique un trajet quotidien plus cons\u00e9quent depuis B\u00e9tera. Pour un enseignement en fran\u00e7ais, le Lyc\u00e9e Fran\u00e7ais de Valencia est accessible en voiture, mais le trajet peut \u00eatre important selon l'heure et le trafic. Les listes d'attente dans les \u00e9tablissements bilingues proches peuvent \u00eatre longues : \u00e0 v\u00e9rifier avant toute d\u00e9cision.<\/p>\r\n    <\/div>\r\n    <div class=\"ebm-faq-item\">\r\n      <p class=\"ebm-faq-q\">B\u00e9tera ou Rocafort : quelle commune choisir pour s'installer ?<\/p>\r\n      <p class=\"ebm-faq-a\">Rocafort est plus proche de Valencia (10 km), plus compact, avec une ambiance tr\u00e8s r\u00e9sidentielle et un acc\u00e8s m\u00e9tro. L'offre de biens y est structurellement limit\u00e9e. B\u00e9tera est plus loin (15 km) mais propose plus de diversit\u00e9 : un centre-village anim\u00e9, des urbanisations familiales avec \u00e9cole int\u00e9gr\u00e9e (Mas Camarena) et un secteur golf premium (Torre en Conill). B\u00e9tera convient mieux aux familles avec enfants qui ont besoin d'un \u00e9tablissement scolaire int\u00e9gr\u00e9. Rocafort convient mieux aux profils cherchant un cadre compact et premium tr\u00e8s proche de Valencia.<\/p>\r\n    <\/div>\r\n    <div class=\"ebm-faq-item\">\r\n      <p class=\"ebm-faq-q\">Faut-il absolument une voiture pour vivre \u00e0 B\u00e9tera ?<\/p>\r\n      <p class=\"ebm-faq-a\">Dans le centre de B\u00e9tera, la voiture n'est pas indispensable pour les d\u00e9placements du quotidien : commerces, services et station de m\u00e9tro sont accessibles \u00e0 pied. Dans les urbanisations (Mas Camarena, Torre en Conill et autres), la voiture est indispensable pour pratiquement tous les d\u00e9placements hors urbanisation. Avant de choisir un bien, il est utile de tester le trajet r\u00e9el depuis l'adresse exacte jusqu'au lieu de travail, \u00e0 l'\u00e9cole et \u00e0 la station de m\u00e9tro \u2014 les temps varient beaucoup selon l'emplacement dans la commune.<\/p>\r\n    <\/div>\r\n    <div class=\"ebm-faq-item\">\r\n      <p class=\"ebm-faq-q\">Qu'est-ce que Torre en Conill offre de diff\u00e9rent par rapport au centre de B\u00e9tera ?<\/p>\r\n      <p class=\"ebm-faq-a\">Torre en Conill s'est d\u00e9velopp\u00e9e autour du golf Escorpi\u00f3n \u2014 un parcours priv\u00e9 de 27 trous dans un cadre tr\u00e8s arbor\u00e9. L'ambiance est calme, r\u00e9sidentielle, sans vie de quartier spontan\u00e9e. On y choisit avant tout un environnement, une villa et un cadre de vie reposant. Le centre de B\u00e9tera offre l'inverse : vie de village espagnole, commerces, bars, march\u00e9, m\u00e9tro. Ce sont deux modes de vie tr\u00e8s diff\u00e9rents qui correspondent \u00e0 des profils d'habitants distincts.<\/p>\r\n    <\/div>\r\n  <\/div>\r\n\r\n  <!-- CTA FINAL -->\r\n  <div class=\"ebm-cta\">\r\n    <span class=\"ebm-cta-eyebrow\">\u00c9l\u00e9gance by Melya \u2014 Bas\u00e9s \u00e0 Moncada, actifs dans le Camp de T\u00faria et l'Horta Nord<\/span>\r\n    <h4>B\u00e9tera correspond \u00e0 votre mode de vie ? Parlons de votre projet.<\/h4>\r\n    <p style=\"color:#e0ddd8 !important;\">Vous h\u00e9sitez encore entre B\u00e9tera et une autre commune ? Nous travaillons quotidiennement dans le Camp de T\u00faria, l'Horta Nord et les communes r\u00e9sidentielles autour de Valencia \u2014 B\u00e9tera, Rocafort, Godella, Moncada et La Eliana. Un premier \u00e9change de 20 minutes sans engagement pour affiner votre choix avant de chercher un bien.<\/p>\r\n    <a href=\"https:\/\/form.fillout.com\/t\/jUUj2Wbjesus\" class=\"ebm-cta-btn\" target=\"_blank\" rel=\"noopener\">Parlez-nous de votre projet<\/a>\r\n  <\/div>\r\n\r\n<\/div>\t\t\t\t<\/div>\n\t\t\t\t<\/div>\n\t\t\t\t\t<\/div>\n\t\t\t\t<\/div>\n\t\t\t\t<\/div>\n\t\t","protected":false},"excerpt":{"rendered":"<p>Vous envisagez de vivre \u00e0 B\u00e9tera ? D\u00e9couvrez les diff\u00e9rences entre le centre, Mas Camarena et Torre en Conill, ainsi que les \u00e9coles, les transports et la vie quotidienne.<\/p>","protected":false},"author":1,"featured_media":9037,"comment_status":"closed","ping_status":"closed","sticky":false,"template":"","format":"standard","meta":{"site-sidebar-layout":"default","site-content-layout":"","ast-site-content-layout":"default","site-content-style":"default","site-sidebar-style":"default","ast-global-header-display":"","ast-banner-title-visibility":"","ast-main-header-display":"","ast-hfb-above-header-display":"","ast-hfb-below-header-display":"","ast-hfb-mobile-header-display":"","site-post-title":"","ast-breadcrumbs-content":"","ast-featured-img":"","footer-sml-layout":"","ast-disable-related-posts":"","theme-transparent-header-meta":"","adv-header-id-meta":"","stick-header-meta":"","header-above-stick-meta":"","header-main-stick-meta":"","header-below-stick-meta":"","astra-migrate-meta-layouts":"default","ast-page-background-enabled":"default","ast-page-background-meta":{"desktop":{"background-color":"var(--ast-global-color-4)","background-image":"","background-repeat":"repeat","background-position":"center center","background-size":"auto","background-attachment":"scroll","background-type":"","background-media":"","overlay-type":"","overlay-color":"","overlay-opacity":"","overlay-gradient":""},"tablet":{"background-color":"","background-image":"","background-repeat":"repeat","background-position":"center center","background-size":"auto","background-attachment":"scroll","background-type":"","background-media":"","overlay-type":"","overlay-color":"","overlay-opacity":"","overlay-gradient":""},"mobile":{"background-color":"","background-image":"","background-repeat":"repeat","background-position":"center center","background-size":"auto","background-attachment":"scroll","background-type":"","background-media":"","overlay-type":"","overlay-color":"","overlay-opacity":"","overlay-gradient":""}},"ast-content-background-meta":{"desktop":{"background-color":"var(--ast-global-color-5)","background-image":"","background-repeat":"repeat","background-position":"center center","background-size":"auto","background-attachment":"scroll","background-type":"","background-media":"","overlay-type":"","overlay-color":"","overlay-opacity":"","overlay-gradient":""},"tablet":{"background-color":"var(--ast-global-color-5)","background-image":"","background-repeat":"repeat","background-position":"center center","background-size":"auto","background-attachment":"scroll","background-type":"","background-media":"","overlay-type":"","overlay-color":"","overlay-opacity":"","overlay-gradient":""},"mobile":{"background-color":"var(--ast-global-color-5)","background-image":"","background-repeat":"repeat","background-position":"center center","background-size":"auto","background-attachment":"scroll","background-type":"","background-media":"","overlay-type":"","overlay-color":"","overlay-opacity":"","overlay-gradient":""}},"footnotes":"","_wpscppro_dont_share_socialmedia":false,"_wpscppro_custom_social_share_image":0,"_facebook_share_type":"default","_twitter_share_type":"default","_linkedin_share_type":"default","_pinterest_share_type":"default","_linkedin_share_type_page":"","_instagram_share_type":"default","_medium_share_type":"default","_threads_share_type":"default","_google_business_share_type":"default","_selected_social_profile":[],"_wpsp_enable_custom_social_template":false,"_wpsp_social_scheduling":{"enabled":true,"datetime":"2026-08-04 10:57:46","platforms":[],"status":"pending_publication","dateOption":"today","timeOption":"now","customDays":"","customHours":"","customDate":"","customTime":"","schedulingType":"absolute"},"_wpsp_active_default_template":true},"categories":[1],"tags":[359,357,361,356,362,160,234,360,226,358,241,235],"class_list":["post-9029","post","type-post","status-publish","format-standard","has-post-thumbnail","hentry","category-conseils-achat-immobilier-espagne","tag-betera-avis","tag-camp-de-turia","tag-ecoles-a-betera","tag-expatries-valencia","tag-golf-escorpion","tag-immobilier-betera","tag-mas-camarena","tag-sinstaller-a-betera","tag-torre-en-conill","tag-vie-quotidienne-betera","tag-vivre-a-betera","tag-vivre-pres-de-valencia"],"_links":{"self":[{"href":"https:\/\/elegancebymelya.com\/es\/wp-json\/wp\/v2\/posts\/9029","targetHints":{"allow":["GET"]}}],"collection":[{"href":"https:\/\/elegancebymelya.com\/es\/wp-json\/wp\/v2\/posts"}],"about":[{"href":"https:\/\/elegancebymelya.com\/es\/wp-json\/wp\/v2\/types\/post"}],"author":[{"embeddable":true,"href":"https:\/\/elegancebymelya.com\/es\/wp-json\/wp\/v2\/users\/1"}],"replies":[{"embeddable":true,"href":"https:\/\/elegancebymelya.com\/es\/wp-json\/wp\/v2\/comments?post=9029"}],"version-history":[{"count":5,"href":"https:\/\/elegancebymelya.com\/es\/wp-json\/wp\/v2\/posts\/9029\/revisions"}],"predecessor-version":[{"id":9035,"href":"https:\/\/elegancebymelya.com\/es\/wp-json\/wp\/v2\/posts\/9029\/revisions\/9035"}],"wp:featuredmedia":[{"embeddable":true,"href":"https:\/\/elegancebymelya.com\/es\/wp-json\/wp\/v2\/media\/9037"}],"wp:attachment":[{"href":"https:\/\/elegancebymelya.com\/es\/wp-json\/wp\/v2\/media?parent=9029"}],"wp:term":[{"taxonomy":"category","embeddable":true,"href":"https:\/\/elegancebymelya.com\/es\/wp-json\/wp\/v2\/categories?post=9029"},{"taxonomy":"post_tag","embeddable":true,"href":"https:\/\/elegancebymelya.com\/es\/wp-json\/wp\/v2\/tags?post=9029"}],"curies":[{"name":"wp","href":"https:\/\/api.w.org\/{rel}","templated":true}]}}