{"id":8594,"date":"2026-07-07T09:12:17","date_gmt":"2026-07-07T09:12:17","guid":{"rendered":"https:\/\/elegancebymelya.com\/?p=8594"},"modified":"2026-06-24T19:58:19","modified_gmt":"2026-06-24T19:58:19","slug":"acheter-moncada-2026","status":"publish","type":"post","link":"https:\/\/elegancebymelya.com\/es\/acheter-moncada-2026\/","title":{"rendered":"Acheter \u00e0 Moncada en 2026 : guide immobilier pour les francophones"},"content":{"rendered":"\t\t<div data-elementor-type=\"wp-post\" data-elementor-id=\"8594\" class=\"elementor elementor-8594\" data-elementor-post-type=\"post\">\n\t\t\t\t<div class=\"elementor-element elementor-element-c23b9db e-flex e-con-boxed e-con e-parent\" data-id=\"c23b9db\" data-element_type=\"container\" data-e-type=\"container\">\n\t\t\t\t\t<div class=\"e-con-inner\">\n\t\t\t\t<div class=\"elementor-element elementor-element-74203c2 elementor-widget elementor-widget-html\" data-id=\"74203c2\" data-element_type=\"widget\" data-e-type=\"widget\" data-widget_type=\"html.default\">\n\t\t\t\t<div class=\"elementor-widget-container\">\n\t\t\t\t\t<!-- Article blog : Acheter \u00e0 Moncada en 2026 \u2014 Guide immobilier pour les francophones -->\r\n<!-- Style V4 \u2014 elegancebymelya.com \u2014 v1 -->\r\n\r\n<style>\r\n\/* ===== BASE ===== *\/\r\n.ebm-article { max-width: 740px; margin: 0 auto; color: #1a1a1a; font-family: \"Montserrat\", sans-serif; font-size: 1.05rem; line-height: 1.9; }\r\n.ebm-article p { margin-bottom: 24px; }\r\n.ebm-article ul { padding-left: 0; list-style: none; margin-bottom: 28px; }\r\n.ebm-article ul li { padding: 8px 0 8px 20px; position: relative; font-size: 1rem; color: #2a2a2a; border-bottom: 1px solid #f0eeeb; line-height: 1.7; }\r\n.ebm-article ul li::before { content: \"\u2014\"; position: absolute; left: 0; color: #C74A06; font-weight: 700; }\r\n.ebm-article a { color: #C74A06; text-decoration: none; border-bottom: 1px solid rgba(199,74,6,0.25); transition: border-color 0.2s; }\r\n.ebm-article a:hover { border-color: #C74A06; }\r\n\r\n\/* ===== TITRE ===== *\/\r\n.ebm-titre { text-align: center; margin-bottom: 40px; }\r\n.ebm-titre .eyebrow { display: block; font-size: 10px; font-weight: 700; letter-spacing: 0.2em; text-transform: uppercase; color: #C74A06; margin-bottom: 14px; }\r\n.ebm-titre h1 { font-family: \"Playfair Display\", \"Cormorant Garamond\", serif; font-size: 2.2rem; font-weight: 500; color: #1a1a1a; line-height: 1.25; margin: 0 0 14px 0; letter-spacing: -0.3px; }\r\n.ebm-titre .sous-titre { font-size: 0.9rem; color: #888; letter-spacing: 0.08em; text-transform: uppercase; }\r\n\r\n\/* ===== SOMMAIRE ===== *\/\r\n.ebm-sommaire { margin: 0 0 48px 0; padding: 20px 24px; border-top: 1px solid #1a1a1a; border-bottom: 1px solid #1a1a1a; }\r\n.ebm-sommaire-label { font-size: 9px; font-weight: 700; letter-spacing: 0.2em; text-transform: uppercase; color: #999; display: block; margin-bottom: 10px; }\r\n.ebm-sommaire-liens { display: flex; flex-wrap: wrap; gap: 6px 0; }\r\n.ebm-sommaire-liens a { font-size: 0.82rem; color: #1a1a1a; border-bottom: none; padding-right: 16px; white-space: nowrap; }\r\n.ebm-sommaire-liens a::after { content: \"\u00b7\"; padding-left: 16px; color: #ccc; }\r\n.ebm-sommaire-liens a:last-child::after { content: \"\"; }\r\n.ebm-sommaire-liens a:hover { color: #C74A06; }\r\n\r\n\/* ===== SEPARATEUR ===== *\/\r\n.ebm-sep { display: flex; align-items: center; gap: 20px; margin: 52px 0; }\r\n.ebm-sep::before, .ebm-sep::after { content: \"\"; flex: 1; height: 1px; background: #1a1a1a; }\r\n.ebm-sep span { font-size: 9px; font-weight: 700; letter-spacing: 0.22em; text-transform: uppercase; color: #1a1a1a; white-space: nowrap; font-family: \"Montserrat\", sans-serif; }\r\n\r\n\/* ===== TITRES ===== *\/\r\n.ebm-article h3 { font-family: \"Playfair Display\", \"Cormorant Garamond\", serif; font-size: 1.5rem; font-weight: 500; color: #1a1a1a; margin: 0 0 20px 0; line-height: 1.35; letter-spacing: -0.2px; }\r\n\r\n\/* ===== NOTE ===== *\/\r\n.ebm-note { margin: 32px 0; padding: 20px 24px; border-left: 2px solid #C74A06; background: #fafaf9; }\r\n.ebm-note p { margin: 0; font-size: 0.97rem; color: #2a2a2a; line-height: 1.8; font-style: italic; }\r\n.ebm-note strong { color: #C74A06; font-style: normal; }\r\n\r\n\/* ===== HIGHLIGHT ===== *\/\r\n.ebm-highlight { background: #fafaf9; border-left: 2px solid #C74A06; padding: 18px 22px; margin: 30px 0; }\r\n.ebm-highlight p { margin: 0; font-size: 0.97rem; color: #2a2a2a; line-height: 1.8; font-style: italic; }\r\n\r\n\/* ===== CHIFFRES GRID ===== *\/\r\n.ebm-chiffres { display: grid; grid-template-columns: 1fr 1fr 1fr; gap: 1px; background: #e8e4de; margin: 32px 0; border: 1px solid #e8e4de; }\r\n.ebm-chiffre { background: #fff; padding: 24px 20px; text-align: center; }\r\n.ebm-chiffre-num { font-family: \"Playfair Display\", serif; font-size: 2rem; font-weight: 500; color: #C74A06; display: block; line-height: 1; margin-bottom: 8px; }\r\n.ebm-chiffre-label { font-size: 0.8rem; color: #555; line-height: 1.5; display: block; }\r\n.ebm-chiffre-source { font-size: 0.7rem; color: #aaa; display: block; margin-top: 6px; font-style: italic; }\r\n\r\n\/* ===== RAISONS GRID ===== *\/\r\n.ebm-raisons { display: grid; grid-template-columns: 1fr 1fr; gap: 1px; background: #e8e4de; margin: 32px 0; border: 1px solid #e8e4de; }\r\n.ebm-raison { background: #fff; padding: 24px 22px; border-left: 3px solid #C74A06; }\r\n.ebm-raison-titre { font-size: 0.88rem; font-weight: 700; color: #1a1a1a; display: block; margin-bottom: 8px; text-transform: uppercase; letter-spacing: 0.06em; }\r\n.ebm-raison p { font-size: 0.88rem; color: #555; margin: 0; line-height: 1.65; }\r\n\r\n\/* ===== COMPARATIF ===== *\/\r\n.ebm-comparatif { display: grid; grid-template-columns: 1fr 1fr; gap: 1px; background: #e8e4de; margin: 32px 0; border: 1px solid #e8e4de; }\r\n.ebm-comparatif-col { background: #fff; padding: 26px 22px; }\r\n.ebm-comparatif-col-header { font-size: 9px; font-weight: 700; letter-spacing: 0.2em; text-transform: uppercase; color: #C74A06; display: block; margin-bottom: 14px; padding-bottom: 10px; border-bottom: 1px solid #e8e4de; }\r\n.ebm-comparatif-col ul { margin: 0; padding: 0; }\r\n.ebm-comparatif-col ul li { font-size: 0.88rem; color: #2a2a2a; border-bottom: none; padding: 5px 0 5px 18px; line-height: 1.6; }\r\n.ebm-comparatif-col ul li::before { color: #C74A06; }\r\n\r\n\/* ===== TABLEAU ===== *\/\r\n.ebm-tableau { margin: 32px 0; border: 1px solid #e8e4de; width: 100%; border-collapse: collapse; }\r\n.ebm-tableau thead { background: #1a1a1a; }\r\n.ebm-tableau thead th { padding: 12px 18px; font-size: 9px; font-weight: 700; letter-spacing: 0.18em; text-transform: uppercase; color: #fff; text-align: left; }\r\n.ebm-tableau tbody tr { border-bottom: 1px solid #f0eeeb; }\r\n.ebm-tableau tbody tr:last-child { border-bottom: none; }\r\n.ebm-tableau tbody td { padding: 14px 18px; font-size: 0.9rem; color: #2a2a2a; vertical-align: top; line-height: 1.6; }\r\n.ebm-tableau tbody td:first-child { font-weight: 600; color: #1a1a1a; width: 28%; }\r\n\r\n\/* ===== PROFILS ===== *\/\r\n.ebm-profils { margin: 32px 0; display: flex; flex-direction: column; gap: 0; border: 1px solid #e8e4de; }\r\n.ebm-profil { display: grid; grid-template-columns: 80px 1fr; border-bottom: 1px solid #e8e4de; }\r\n.ebm-profil:last-child { border-bottom: none; }\r\n.ebm-profil-flag { background: #1a1a1a; display: flex; align-items: center; justify-content: center; font-size: 1.4rem; min-height: 90px; }\r\n.ebm-profil-content { padding: 18px 20px; }\r\n.ebm-profil-label { font-size: 9px; font-weight: 700; letter-spacing: 0.18em; text-transform: uppercase; color: #C74A06; display: block; margin-bottom: 6px; }\r\n.ebm-profil-content p { font-size: 0.9rem; color: #2a2a2a; margin: 0; line-height: 1.65; }\r\n\r\n\/* ===== HONORAIRES ===== *\/\r\n.ebm-honoraires { margin: 32px 0; border: 1px solid #1a1a1a; }\r\n.ebm-honoraires-header { background: #1a1a1a; padding: 14px 24px; }\r\n.ebm-honoraires-header span { font-size: 9px; font-weight: 700; letter-spacing: 0.2em; text-transform: uppercase; color: #fff; }\r\n.ebm-honoraire-ligne { display: grid; grid-template-columns: 100px 1fr; border-bottom: 1px solid #e8e4de; }\r\n.ebm-honoraire-ligne:last-child { border-bottom: none; }\r\n.ebm-honoraire-montant { background: #fafaf9; padding: 20px 16px; display: flex; align-items: center; justify-content: center; border-right: 1px solid #e8e4de; }\r\n.ebm-honoraire-montant span { font-family: \"Playfair Display\", serif; font-size: 1.4rem; font-weight: 600; color: #C74A06; line-height: 1; }\r\n.ebm-honoraire-detail { padding: 20px 22px; }\r\n.ebm-honoraire-detail strong { display: block; font-size: 0.82rem; font-weight: 700; letter-spacing: 0.06em; text-transform: uppercase; color: #1a1a1a; margin-bottom: 6px; }\r\n.ebm-honoraire-detail p { font-size: 0.88rem; color: #555; margin: 0; line-height: 1.6; }\r\n\r\n\/* ===== CTA INLINE ===== *\/\r\n.ebm-cta-inline { margin: 40px 0; padding: 28px 30px; background: #fafaf9; border: 1px solid #e8e4de; border-left: 3px solid #C74A06; display: flex; align-items: center; justify-content: space-between; gap: 20px; flex-wrap: wrap; }\r\n.ebm-cta-inline-text p { margin: 0; font-size: 0.92rem; color: #2a2a2a; line-height: 1.6; }\r\n.ebm-cta-inline-text strong { display: block; font-size: 0.85rem; font-weight: 700; text-transform: uppercase; letter-spacing: 0.07em; color: #1a1a1a; margin-bottom: 6px; }\r\n.ebm-cta-inline-btn { display: inline-block; padding: 12px 28px; background: #C74A06; color: #fff !important; text-decoration: none !important; border: none !important; font-size: 10px; font-weight: 700; letter-spacing: 0.15em; text-transform: uppercase; transition: background 0.2s; white-space: nowrap; }\r\n.ebm-cta-inline-btn:hover { background: #a83d05; }\r\n\r\n\/* ===== CTA FINAL ===== *\/\r\n.ebm-cta { margin: 56px 0 0 0; padding: 40px 36px; background: #1a1a1a; text-align: center; }\r\n.ebm-cta-eyebrow { font-size: 9px; font-weight: 700; letter-spacing: 0.22em; text-transform: uppercase; color: #C74A06; display: block; margin-bottom: 16px; }\r\n.ebm-cta h4 { font-family: \"Playfair Display\", serif; font-size: 1.5rem; font-weight: 500; color: #fff; margin: 0 0 14px 0; line-height: 1.35; }\r\n.ebm-cta p { font-size: 0.9rem; color: #e0ddd8 !important; margin: 0 0 28px 0; line-height: 1.7; }\r\n.ebm-cta-btn { display: inline-block; padding: 14px 36px; background: #C74A06; color: #fff !important; text-decoration: none !important; border: none !important; font-size: 11px; font-weight: 700; letter-spacing: 0.15em; text-transform: uppercase; transition: background 0.2s; }\r\n.ebm-cta-btn:hover { background: #a83d05; }\r\n\r\n\/* ===== RESPONSIVE ===== *\/\r\n@media (max-width: 768px) {\r\n  .ebm-article { font-size: 1rem; }\r\n  .ebm-titre h1 { font-size: 1.7rem; }\r\n  .ebm-chiffres { grid-template-columns: 1fr; }\r\n  .ebm-raisons { grid-template-columns: 1fr; }\r\n  .ebm-comparatif { grid-template-columns: 1fr; }\r\n  .ebm-profil { grid-template-columns: 60px 1fr; }\r\n  .ebm-profil-flag { min-height: 70px; font-size: 1.1rem; }\r\n  .ebm-honoraire-ligne { grid-template-columns: 80px 1fr; }\r\n  .ebm-cta { padding: 30px 22px; }\r\n  .ebm-cta-inline { flex-direction: column; }\r\n  .ebm-sommaire-liens { flex-direction: column; }\r\n  .ebm-sommaire-liens a::after { content: \"\"; }\r\n  .ebm-tableau thead th, .ebm-tableau tbody td { padding: 10px 12px; font-size: 0.85rem; }\r\n}\r\n@media (min-width: 769px) and (max-width: 1024px) {\r\n  .ebm-titre h1 { font-size: 1.9rem; }\r\n  .ebm-chiffres { grid-template-columns: 1fr 1fr 1fr; }\r\n  .ebm-raisons { grid-template-columns: 1fr 1fr; }\r\n}\r\n<\/style>\r\n\r\n<div class=\"ebm-article\">\r\n\r\n  <!-- TITRE -->\r\n  <div class=\"ebm-titre\">\r\n    <span class=\"eyebrow\">\u00c9l\u00e9gance by Melya \u2014 Achat immobilier en Espagne<\/span>\r\n    <h1>Acheter \u00e0 Moncada en 2026 : prix, quartiers et conseils pour les francophones<\/h1>\r\n    <span class=\"sous-titre\">March\u00e9, quartiers, prix, d\u00e9marches \u00b7 Horta Nord \u00b7 Valencia<\/span>\r\n  <\/div>\r\n\r\n  <!-- SOMMAIRE -->\r\n  <nav class=\"ebm-sommaire\">\r\n    <span class=\"ebm-sommaire-label\">Dans cet article<\/span>\r\n    <div class=\"ebm-sommaire-liens\">\r\n      <a href=\"#pourquoi\">Pourquoi Moncada<\/a>\r\n      <a href=\"#vs-betera\">Moncada ou B\u00e9tera<\/a>\r\n      <a href=\"#marche\">Le march\u00e9 en chiffres<\/a>\r\n      <a href=\"#quartiers\">Les secteurs<\/a>\r\n      <a href=\"#budget\">Quel budget pr\u00e9voir<\/a>\r\n      <a href=\"#pieges\">Points de vigilance<\/a>\r\n      <a href=\"#accompagnement\">Notre accompagnement<\/a>\r\n      <a href=\"#honoraires\">Nos honoraires<\/a>\r\n    <\/div>\r\n  <\/nav>\r\n\r\n  <!-- INTRO -->\r\n  <p>Acheter \u00e0 Moncada en 2026, c'est choisir la commune o\u00f9 nous travaillons au quotidien \u2014 \u00e0 12 kilom\u00e8tres au nord de Valencia, avec une vie locale espagnole compl\u00e8te, le m\u00e9tro ligne 1 en station, l'universit\u00e9 CEU \u00e0 5 minutes, et des maisons individuelles avec piscine encore accessibles sous les 400 000 \u20ac. C'est aussi un march\u00e9 qui se tend : les prix ont progress\u00e9 de plus de 17 % en un an, et les biens correctement positionn\u00e9s partent rapidement.<\/p>\r\n\r\n  <p>\u00c9l\u00e9gance by Melya est bas\u00e9e \u00e0 Moncada. Nous connaissons ce march\u00e9 secteur par secteur \u2014 Mas\u00edas, le centre, les mitoyennes proches du m\u00e9tro, les maisons de village \u00e0 r\u00e9nover. Ce guide rassemble ce que nous savons utile avant toute d\u00e9cision d'achat \u00e0 Moncada en 2026.<\/p>\r\n\r\n  <!-- SECTION 1 : POURQUOI MONCADA -->\r\n  <div class=\"ebm-sep\" id=\"pourquoi\"><span>Pourquoi Moncada<\/span><\/div>\r\n  <h3>Moncada : une commune de l'Horta Nord qui fonctionne vraiment \u00e0 l'ann\u00e9e<\/h3>\r\n\r\n  <p>Moncada n'est pas une commune-dortoir ni une zone r\u00e9sidentielle ferm\u00e9e. C'est une ville qui vit \u2014 march\u00e9 hebdomadaire, commerces de centre, bars, restaurants, deux supermarch\u00e9s, un h\u00f4pital de r\u00e9f\u00e9rence proche, des clubs sportifs actifs. Pour un francophone qui s'installe en Espagne avec une famille ou en vue d'une r\u00e9sidence principale, c'est un crit\u00e8re qui compte.<\/p>\r\n\r\n  <div class=\"ebm-raisons\">\r\n    <div class=\"ebm-raison\">\r\n      <span class=\"ebm-raison-titre\">La desserte m\u00e9tro directe<\/span>\r\n      <p>La station Moncada\u2013Alfara (ligne 1) est en centre-bourg. Le trajet vers X\u00e0tiva, au c\u0153ur de Valencia, prend 25 \u00e0 30 minutes. Un avantage concret pour les actifs qui travaillent en ville, ou pour g\u00e9rer un bien depuis l'\u00e9tranger sans d\u00e9pendre d'un transfert en voiture.<\/p>\r\n    <\/div>\r\n    <div class=\"ebm-raison\">\r\n      <span class=\"ebm-raison-titre\">L'universit\u00e9 CEU Cardenal Herrera<\/span>\r\n      <p>Le campus CEU, l'un des plus importants de la Communaut\u00e9 Valencienne, est \u00e0 Moncada m\u00eame. Il g\u00e9n\u00e8re une demande locative \u00e9tudiante constante \u2014 un facteur de liquidit\u00e9 et de rendement pour les investisseurs. Il attire aussi des familles francophones dont les enfants font des \u00e9tudes de m\u00e9decine ou de droit en Espagne.<\/p>\r\n    <\/div>\r\n    <div class=\"ebm-raison\">\r\n      <span class=\"ebm-raison-titre\">Le format des maisons<\/span>\r\n      <p>Moncada permet encore de trouver des maisons mitoyennes et semi-individuelles avec jardin et piscine entre 280 000 et 420 000 \u20ac. Ce segment \u2014 maison familiale, ext\u00e9rieur privatif, 180 \u00e0 250 m\u00b2 \u2014 est quasi-introuvable \u00e0 ces prix dans Valencia intra-muros ou dans les communes les plus cot\u00e9es de l'Horta Nord.<\/p>\r\n    <\/div>\r\n    <div class=\"ebm-raison\">\r\n      <span class=\"ebm-raison-titre\">La vie locale espagnole<\/span>\r\n      <p>Contrairement aux urbanisations ferm\u00e9es de B\u00e9tera ou Godella, Moncada conserve une vraie vie de ville. March\u00e9 le vendredi, f\u00eates de quartier, clubs de sport locaux, bars et restaurants fr\u00e9quent\u00e9s toute l'ann\u00e9e. Pour les familles qui s'installent et veulent s'int\u00e9grer, c'est un atout diff\u00e9renciant.<\/p>\r\n    <\/div>\r\n    <div class=\"ebm-raison\">\r\n      <span class=\"ebm-raison-titre\">La proximit\u00e9 des communes premium<\/span>\r\n      <p>Rocafort, Godella, Alfara del Patriarca et B\u00e9tera sont \u00e0 5 \u00e0 15 minutes. Un achat \u00e0 Moncada permet de b\u00e9n\u00e9ficier d'un environnement r\u00e9sidentiel \u00e9tendu \u2014 randonn\u00e9es, golf, \u00e9coles internationales de Mas Camarena \u2014 sans en payer les prix.<\/p>\r\n    <\/div>\r\n    <div class=\"ebm-raison\">\r\n      <span class=\"ebm-raison-titre\">Un march\u00e9 encore lisible<\/span>\r\n      <p>Contrairement \u00e0 Valencia centre o\u00f9 les d\u00e9lais de transaction se sont fortement raccourcis et les offres au-dessus du prix affich\u00e9 sont devenues fr\u00e9quentes, Moncada reste un march\u00e9 o\u00f9 une n\u00e9gociation s\u00e9rieuse et bien pr\u00e9par\u00e9e a encore du sens. Le prix affich\u00e9 n'est pas syst\u00e9matiquement le prix final.<\/p>\r\n    <\/div>\r\n  <\/div>\r\n\r\n  <div class=\"ebm-highlight\">\r\n    <p>Moncada offre ce que peu de communes de l'Horta Nord r\u00e9unissent \u00e0 ce niveau de prix : vie locale espagnole compl\u00e8te, m\u00e9tro direct, maisons individuelles avec ext\u00e9rieur, acc\u00e8s aux \u00e9coles internationales de la zone, et un march\u00e9 encore accessible pour les budgets 300 000 \u2013 450 000 \u20ac.<\/p>\r\n  <\/div>\r\n\r\n  <!-- CTA INLINE 1 -->\r\n  <div class=\"ebm-cta-inline\">\r\n    <div class=\"ebm-cta-inline-text\">\r\n      <strong>Vous cherchez \u00e0 Moncada ou dans l'Horta Nord ?<\/strong>\r\n      <p>D\u00e9crivez-nous votre projet. Nous vous recontactons avec une s\u00e9lection de biens adapt\u00e9s \u00e0 vos crit\u00e8res \u2014 y compris les biens non publi\u00e9s sur les portails.<\/p>\r\n    <\/div>\r\n    <a href=\"https:\/\/form.fillout.com\/t\/jUUj2Wbjesus\" class=\"ebm-cta-inline-btn\" target=\"_blank\" rel=\"noopener\">Parlez-nous de votre projet<\/a>\r\n  <\/div>\r\n\r\n  <!-- SECTION 2 : MONCADA OU B\u00c9TERA -->\r\n  <div class=\"ebm-sep\" id=\"vs-betera\"><span>Moncada ou B\u00e9tera<\/span><\/div>\r\n  <h3>Moncada ou B\u00e9tera : comment arbitrer selon votre projet d'achat ?<\/h3>\r\n\r\n  <p>C'est la question que posent souvent nos clients francophones qui d\u00e9couvrent l'Horta Nord. Les deux communes sont \u00e0 10 minutes l'une de l'autre, mais leur caract\u00e8re est tr\u00e8s diff\u00e9rent. Voici les \u00e9l\u00e9ments qui font basculer le choix.<\/p>\r\n\r\n  <div class=\"ebm-comparatif\">\r\n    <div class=\"ebm-comparatif-col\">\r\n      <span class=\"ebm-comparatif-col-header\">Moncada \u2014 Vie locale, budget plus accessible<\/span>\r\n      <ul>\r\n        <li>Mix maisons mitoyennes, semi-individuelles, appartements<\/li>\r\n        <li>Vie de ville : commerces, bars, march\u00e9, animations locales<\/li>\r\n        <li>M\u00e9tro ligne 1 en station centrale (25\u201330 min Valencia)<\/li>\r\n        <li>CEU \u00e0 5 minutes \u2014 bon profil investissement locatif<\/li>\r\n        <li>Quartier Mas\u00edas : maisons avec piscine et jardin<\/li>\r\n        <li>Budget maison familiale : \u00e0 partir de 280 000 \u20ac<\/li>\r\n        <li>Moins de s\u00e9curit\u00e9 priv\u00e9e, plus d'authenticit\u00e9 locale<\/li>\r\n      <\/ul>\r\n    <\/div>\r\n    <div class=\"ebm-comparatif-col\">\r\n      <span class=\"ebm-comparatif-col-header\">B\u00e9tera \u2014 Espace, urbanisations, budget plus \u00e9lev\u00e9<\/span>\r\n      <ul>\r\n        <li>Maisons individuelles sur parcelles 700\u20131 500 m\u00b2<\/li>\r\n        <li>Urbanisations ferm\u00e9es avec s\u00e9curit\u00e9 priv\u00e9e 24h\/24<\/li>\r\n        <li>\u00c9coles internationales int\u00e9gr\u00e9es (Mas Camarena, CEU)<\/li>\r\n        <li>Golf Escorpi\u00f3n (Torre en Conill), Sierra Calderona<\/li>\r\n        <li>Moins de vie de village, plus de tranquillit\u00e9<\/li>\r\n        <li>Budget plancher plus \u00e9lev\u00e9 : \u00e0 partir de 350 000 \u20ac<\/li>\r\n        <li>M\u00e9tro ligne 1 terminus B\u00e9tera (40 min Valencia)<\/li>\r\n      <\/ul>\r\n    <\/div>\r\n  <\/div>\r\n\r\n  <p>En pratique : les familles qui veulent s'int\u00e9grer dans une vraie vie espagnole, ou dont le budget est serr\u00e9, choisissent souvent Moncada. Celles qui privil\u00e9gient l'espace, la s\u00e9curit\u00e9 priv\u00e9e et les grandes parcelles regardent B\u00e9tera. Notre article <a href=\"https:\/\/elegancebymelya.com\/localisation\/immobilier-betera-valence\/\" target=\"_blank\" rel=\"noopener\"><strong>acheter \u00e0 B\u00e9tera en 2026<\/strong><\/a> d\u00e9taille les urbanisations et les prix secteur par secteur. Pour comprendre ce qui fait vivre Moncada au quotidien \u2014 \u00e9coles, commerces, vie de quartier \u2014 notre article <a href=\"https:\/\/elegancebymelya.com\/vivre-moncada-valence-famille\/\" target=\"_blank\" rel=\"noopener\"><strong>pourquoi les familles francophones choisissent Moncada<\/strong><\/a> compl\u00e8te utilement ce guide.<\/p>\r\n\r\n  <!-- SECTION 3 : MARCH\u00c9 -->\r\n  <div class=\"ebm-sep\" id=\"marche\"><span>Le march\u00e9 en chiffres<\/span><\/div>\r\n  <h3>Acheter \u00e0 Moncada en 2026 : un march\u00e9 en hausse, des opportunit\u00e9s encore r\u00e9elles<\/h3>\r\n\r\n  <p>Le march\u00e9 immobilier de Moncada suit la dynamique de l'ensemble de l'Horta Nord \u2014 une demande soutenue, une offre sous tension dans les segments familiaux, et une progression des prix continue depuis 2023. Les donn\u00e9es ci-dessous sont issues de sources espagnoles v\u00e9rifi\u00e9es.<\/p>\r\n\r\n  <div class=\"ebm-chiffres\">\r\n    <div class=\"ebm-chiffre\">\r\n      <span class=\"ebm-chiffre-num\">1 674 \u20ac<\/span>\r\n      <span class=\"ebm-chiffre-label\">prix moyen au m\u00b2 toutes typologies \u2014 appartements et maisons confondus<\/span>\r\n      <span class=\"ebm-chiffre-source\">Source : Indomio, ao\u00fbt 2025<\/span>\r\n    <\/div>\r\n    <div class=\"ebm-chiffre\">\r\n      <span class=\"ebm-chiffre-num\">+17 %<\/span>\r\n      <span class=\"ebm-chiffre-label\">hausse annuelle des prix \u00e0 Moncada entre sept. 2024 et ao\u00fbt 2025<\/span>\r\n      <span class=\"ebm-chiffre-source\">Source : Indomio, 2025<\/span>\r\n    <\/div>\r\n    <div class=\"ebm-chiffre\">\r\n      <span class=\"ebm-chiffre-num\">~2 000 \u20ac<\/span>\r\n      <span class=\"ebm-chiffre-label\">prix moyen au m\u00b2 sur le segment maisons et villas individuelles<\/span>\r\n      <span class=\"ebm-chiffre-source\">Source : Thinkspain, relev\u00e9 2026<\/span>\r\n    <\/div>\r\n  <\/div>\r\n\r\n  <p>Les deux chiffres sont coh\u00e9rents, pas contradictoires : les 1 674 \u20ac\/m\u00b2 agr\u00e8gent toutes typologies, appartements \u00e9tudiants inclus. Sur le segment qui int\u00e9resse la majorit\u00e9 de nos clients \u2014 maisons familiales, mitoyennes et semi-individuelles \u2014 le march\u00e9 se situe autour de 1 900 \u00e0 2 100 \u20ac\/m\u00b2 selon le secteur et l'\u00e9tat du bien. Le segment le plus actif \u00e0 Moncada est la maison avec piscine entre 300 000 et 420 000 \u20ac. C'est l\u00e0 que la concurrence entre acheteurs est la plus forte.<\/p>\r\n\r\n  <div class=\"ebm-note\">\r\n    <p><strong>Ce que cela change concr\u00e8tement :<\/strong> les maisons bien situ\u00e9es dans Mas\u00edas ou \u00e0 moins de 5 minutes du m\u00e9tro, avec piscine et en bon \u00e9tat, partent en trois \u00e0 six semaines. Attendre ou visiter sans cadre d'accompagnement actif, c'est syst\u00e9matiquement arriver apr\u00e8s les offres s\u00e9rieuses.<\/p>\r\n  <\/div>\r\n\r\n  <!-- SECTION 4 : QUARTIERS -->\r\n  <div class=\"ebm-sep\" id=\"quartiers\"><span>Les secteurs<\/span><\/div>\r\n  <h3>Acheter \u00e0 Moncada : quel secteur selon votre profil et votre budget ?<\/h3>\r\n\r\n  <p>Moncada est une commune de 22 000 habitants avec plusieurs secteurs au caract\u00e8re bien distinct. Le choix du secteur conditionne votre confort quotidien, la facilit\u00e9 de gestion du bien, et la liquidit\u00e9 \u00e0 la revente.<\/p>\r\n\r\n  <table class=\"ebm-tableau\">\r\n    <thead>\r\n      <tr>\r\n        <th>Secteur<\/th>\r\n        <th>Caract\u00e9ristiques<\/th>\r\n        <th>Budget indicatif<\/th>\r\n      <\/tr>\r\n    <\/thead>\r\n    <tbody>\r\n      <tr>\r\n        <td>Mas\u00edas de Moncada<\/td>\r\n        <td>Urbanisation r\u00e9sidentielle \u00e0 l'ouest, maisons individuelles et mitoyennes sur parcelles privatives, piscine collective ou priv\u00e9e, acc\u00e8s rapide au m\u00e9tro (5 min en voiture). Le secteur le plus demand\u00e9 par les familles francophones. Peu de rotation \u2014 les biens partent vite d\u00e8s qu'ils sont bien positionn\u00e9s.<\/td>\r\n        <td>\u00c0 partir de 320 000 \u20ac<br>Couramment 380 000 \u2013 550 000 \u20ac<\/td>\r\n      <\/tr>\r\n      <tr>\r\n        <td>Centre de Moncada<\/td>\r\n        <td>Maisons de village, duplex, appartements en immeuble. Vie locale compl\u00e8te, \u00e0 pied de tout. Id\u00e9al pour ceux qui veulent s'int\u00e9grer dans la vie espagnole quotidienne, ou pour un investissement locatif CEU. Prix au m\u00b2 plus accessibles, mais surfaces souvent r\u00e9parties sur plusieurs \u00e9tages.<\/td>\r\n        <td>180 000 \u2013 350 000 \u20ac<br>selon \u00e9tat et surface<\/td>\r\n      <\/tr>\r\n      <tr>\r\n        <td>Zone m\u00e9tro Moncada\u2013Alfara<\/td>\r\n        <td>Rayon de 400 m\u00e8tres autour de la station. Maisons mitoyennes r\u00e9centes, appartements. Forte demande locative \u00e9tudiante et familiale. Le secteur le plus liquide de Moncada \u2014 un bien bien pr\u00e9sent\u00e9 \u00e0 ce prix se loue et se revend sans difficult\u00e9.<\/td>\r\n        <td>220 000 \u2013 380 000 \u20ac<\/td>\r\n      <\/tr>\r\n      <tr>\r\n        <td>P\u00e9riph\u00e9rie et axes vers B\u00e9tera<\/td>\r\n        <td>Villas individuelles sur parcelles plus grandes, quelques fincas sur sols en limite de classification. Cadre plus calme, moins de services directs. N\u00e9cessite syst\u00e9matiquement une v\u00e9rification urbanistique compl\u00e8te avant toute offre.<\/td>\r\n        <td>\u00c0 partir de 280 000 \u20ac<br>Variable selon parcelle<\/td>\r\n      <\/tr>\r\n    <\/tbody>\r\n  <\/table>\r\n\r\n  <p>Pour une vision plus large des communes voisines \u2014 Rocafort, Godella, N\u00e1quera, L'Eliana \u2014 notre article sur <a href=\"https:\/\/elegancebymelya.com\/pourquoi-francophones-achetent-communaute-valencienne\/\" target=\"_blank\" rel=\"noopener\"><strong>pourquoi les francophones ach\u00e8tent en Communaut\u00e9 Valencienne<\/strong><\/a> compare les logiques de chaque zone. Notre guide g\u00e9n\u00e9ral <a href=\"https:\/\/elegancebymelya.com\/immobilier-moncada-valence-espagne\/\" target=\"_blank\" rel=\"noopener\"><strong>immobilier \u00e0 Moncada<\/strong><\/a> pr\u00e9sente \u00e9galement les profils d'acheteurs et les logiques d'investissement locatif CEU.<\/p>\r\n\r\n  <!-- SECTION 5 : BUDGET -->\r\n  <div class=\"ebm-sep\" id=\"budget\"><span>Quel budget pr\u00e9voir<\/span><\/div>\r\n  <h3>Ce qu'on ach\u00e8te concr\u00e8tement \u00e0 Moncada entre 280 000 et 500 000 \u20ac<\/h3>\r\n\r\n  <p>Le segment qui int\u00e9resse la majorit\u00e9 de nos clients francophones se situe entre 300 000 et 450 000 \u20ac. Voici ce que ces budgets permettent r\u00e9ellement \u00e0 Moncada, secteur par secteur, en 2026.<\/p>\r\n\r\n  <ul>\r\n    <li><strong>280 000 \u2014 320 000 \u20ac<\/strong> \u2014 Maison de village en centre de Moncada, 180 \u00e0 220 m\u00b2 sur plusieurs niveaux, jardin ou patio, \u00e0 rafra\u00eechir ou r\u00e9nover. Id\u00e9al pour un projet travaux ma\u00eetris\u00e9 ou un investissement locatif CEU. Peu ou pas de piscine \u00e0 ce prix.<\/li>\r\n    <li><strong>320 000 \u2014 400 000 \u20ac<\/strong> \u2014 Maison mitoyenne ou semi-individuelle dans Mas\u00edas ou proche m\u00e9tro, 180 \u00e0 240 m\u00b2, jardin privatif, piscine collective ou priv\u00e9e. \u00c9tat correct, pr\u00eate \u00e0 habiter ou avec rafra\u00eechissement l\u00e9ger. C'est le segment le plus tendu \u2014 les biens bien positionn\u00e9s se vendent en moins d'un mois.<\/li>\r\n    <li><strong>400 000 \u2014 500 000 \u20ac<\/strong> \u2014 Maison semi-individuelle ou ind\u00e9pendante dans Mas\u00edas, 230 \u00e0 300 m\u00b2, piscine priv\u00e9e, jardin de 400 \u00e0 700 m\u00b2. Finitions r\u00e9centes ou enti\u00e8rement r\u00e9nov\u00e9e. Quelques villas ind\u00e9pendantes en p\u00e9riph\u00e9rie avec grandes parcelles \u00e0 ce niveau.<\/li>\r\n    <li><strong>\u00c0 partir de 500 000 \u20ac<\/strong> \u2014 Chalets ind\u00e9pendants sur grandes parcelles, villas avec piscine et terrain de plus de 700 m\u00b2, ou biens atypiques (maison de caract\u00e8re, finca en limite communale). March\u00e9 plus qualitatif, moins de concurrence, mais liquidit\u00e9 \u00e0 surveiller.<\/li>\r\n  <\/ul>\r\n\r\n  <div class=\"ebm-note\">\r\n    <p><strong>Budget total \u00e0 anticiper :<\/strong> aux frais d'achat espagnols s'ajoutent 10 \u00e0 13 % du prix du bien \u2014 ITP \u00e0 10 % en Communaut\u00e9 Valencienne, frais de notaire, de registre et \u00e9ventuellement d'accompagnement. Pour un bien \u00e0 380 000 \u20ac, pr\u00e9voyez entre 418 000 et 429 000 \u20ac au total. Si des travaux s'imposent apr\u00e8s l'achat, notre <a href=\"https:\/\/elegancebymelya.com\/prix-travaux-espagne-2026\/\" target=\"_blank\" rel=\"noopener\"><strong>guide des prix de travaux en Espagne en 2026<\/strong><\/a> donne des ordres de grandeur fiables. Notre <a href=\"https:\/\/elegancebymelya.com\/financer-achat-immobilier-espagne\/\" target=\"_blank\" rel=\"noopener\"><strong>guide sur le financement en Espagne pour les non-r\u00e9sidents<\/strong><\/a> d\u00e9taille les conditions applicables depuis la France, la Belgique ou la Suisse.<\/p>\r\n  <\/div>\r\n\r\n  <!-- CTA INLINE 2 -->\r\n  <div class=\"ebm-cta-inline\">\r\n    <div class=\"ebm-cta-inline-text\">\r\n      <strong>Acc\u00e9dez aux meilleures opportunit\u00e9s du march\u00e9<\/strong>\r\n      <p>Nous s\u00e9lectionnons les biens avant leur publication sur les portails. D\u00e9crivez votre projet \u2014 nous revenons vers vous rapidement.<\/p>\r\n    <\/div>\r\n    <a href=\"https:\/\/form.fillout.com\/t\/6gp2rLKCC6us\" class=\"ebm-cta-inline-btn\" target=\"_blank\" rel=\"noopener\">D\u00e9marrer ma recherche<\/a>\r\n  <\/div>\r\n\r\n  <!-- SECTION 6 : POINTS DE VIGILANCE -->\r\n  <div class=\"ebm-sep\" id=\"pieges\"><span>Les points de vigilance<\/span><\/div>\r\n  <h3>Ce que vous devez v\u00e9rifier avant de faire une offre \u00e0 Moncada<\/h3>\r\n\r\n  <p>Moncada est un march\u00e9 que nous connaissons de l'int\u00e9rieur. Plusieurs points sp\u00e9cifiques \u00e0 cette commune m\u00e9ritent une attention s\u00e9rieuse avant toute offre \u2014 ind\u00e9pendamment de ce que vous diront les agences locales g\u00e9n\u00e9ralistes.<\/p>\r\n\r\n  <ul>\r\n    <li><strong>Les maisons de village aux distributions complexes<\/strong> \u2014 Les biens du centre de Moncada sont souvent r\u00e9partis sur 3 ou 4 niveaux avec des escaliers raides et des pi\u00e8ces peu lumineuses. Ce qui appara\u00eet comme 220 m\u00b2 sur le papier n'est pas toujours 220 m\u00b2 utilisables. V\u00e9rifiez les surfaces utiles r\u00e9elles avant de vous positionner.<\/li>\r\n    <li><strong>La classification du sol en p\u00e9riph\u00e9rie<\/strong> \u2014 Certaines parcelles \u00e0 l'ouest de Moncada, vers B\u00e9tera et N\u00e1quera, sont class\u00e9es en sol rural (suelo no urbanizable). Cela interdit toute construction ou extension suppl\u00e9mentaire. \u00c0 v\u00e9rifier syst\u00e9matiquement via le cadastre et le service urbanisme de la mairie avant toute offre.<\/li>\r\n    <li><strong>Les extensions non d\u00e9clar\u00e9es<\/strong> \u2014 Un nombre significatif de biens \u00e0 Moncada comportent des extensions r\u00e9alis\u00e9es sans permis ou sans mise en conformit\u00e9 catastrale. V\u00e9randa, garage transform\u00e9 en pi\u00e8ce de vie, pi\u00e8ce suppl\u00e9mentaire au rez-de-chauss\u00e9e. Une v\u00e9rification urbanistique compl\u00e8te est indispensable. Notre article sur les <a href=\"https:\/\/elegancebymelya.com\/devis-travaux-espagne-lire-comparer\/\" target=\"_blank\" rel=\"noopener\"><strong>licences de travaux en Espagne<\/strong><\/a> explique les implications.<\/li>\r\n    <li><strong>L'\u00e9tat des installations dans les biens des ann\u00e9es 1990\u20132005<\/strong> \u2014 Les maisons construites pendant la p\u00e9riode de d\u00e9veloppement de Mas\u00edas commencent \u00e0 n\u00e9cessiter des mises \u00e0 niveau : \u00e9lectricit\u00e9 (tableau v\u00e9tuste), plomberie (tuyauteries en fin de vie), isolation thermique insuffisante. Un diagnostic technique pr\u00e9alable permet d'anticiper le co\u00fbt r\u00e9el d'entr\u00e9e dans les lieux.<\/li>\r\n    <li><strong>La demande locative CEU et ses contraintes<\/strong> \u2014 Si vous achetez dans une logique investissement locatif autour du CEU, v\u00e9rifiez la r\u00e8glementation de location de courte dur\u00e9e applicable \u00e0 Moncada en 2026. La licence de location touristique est soumise \u00e0 conditions en Communaut\u00e9 Valencienne.<\/li>\r\n    <li><strong>Les charges de communaut\u00e9 dans les r\u00e9sidences priv\u00e9es<\/strong> \u2014 Les maisons dans les r\u00e9sidences ferm\u00e9es de Mas\u00edas ou proches du m\u00e9tro facturent des charges collectives variables. Entre 600 et 1 800 \u20ac par an. V\u00e9rifiez l'\u00e9tat des comptes et les travaux vot\u00e9s non encore factur\u00e9s avant signature du compromis.<\/li>\r\n  <\/ul>\r\n\r\n  <div class=\"ebm-note\">\r\n    <p><strong>Sur la v\u00e9rification juridique :<\/strong> le notaire espagnol authentifie la transaction mais ne v\u00e9rifie pas syst\u00e9matiquement la situation urbanistique. Un accompagnement juridique ind\u00e9pendant est n\u00e9cessaire sur tout achat \u00e0 Moncada, particuli\u00e8rement sur les maisons de village et les biens en p\u00e9riph\u00e9rie. Notre <a href=\"https:\/\/elegancebymelya.com\/pourquoi-francophones-achetent-communaute-valencienne\/\" target=\"_blank\" rel=\"noopener\"><strong>guide de l'achat en Espagne pour les francophones<\/strong><\/a> d\u00e9taille chaque \u00e9tape du processus.<\/p>\r\n  <\/div>\r\n\r\n  <!-- SECTION 7 : PROFILS -->\r\n  <div class=\"ebm-sep\" id=\"accompagnement\"><span>Notre accompagnement<\/span><\/div>\r\n  <h3>Les profils que nous accompagnons \u00e0 Moncada et dans l'Horta Nord<\/h3>\r\n\r\n  <p>\u00c9l\u00e9gance by Melya est bas\u00e9e \u00e0 Moncada. Nous travaillons ce march\u00e9 au quotidien et disposons d'un r\u00e9seau local direct \u2014 agences, propri\u00e9taires, notaires \u2014 qui nous donne acc\u00e8s \u00e0 des biens avant leur mise sur les portails. Voici les profils types de clients que nous accompagnons.<\/p>\r\n<p>\u00c9l\u00e9gance by Melya est bas\u00e9e \u00e0 Moncada. Nous travaillons ce march\u00e9 au quotidien et disposons d'un r\u00e9seau local direct \u2014 agences, propri\u00e9taires, notaires \u2014 qui nous donne acc\u00e8s \u00e0 des biens avant leur mise sur les portails. Pour en savoir plus sur notre \u00e9quipe et notre implantation locale, consultez <a href=\"https:\/\/www.melyagroup.com\/fr\/nous\" target=\"_blank\" rel=\"noopener\"><strong>la page de pr\u00e9sentation de Melya Group<\/strong><\/a>. Voici les profils types de clients que nous accompagnons.<\/p>\r\n  <div class=\"ebm-profils\">\r\n    <div class=\"ebm-profil\">\r\n      <div class=\"ebm-profil-flag\">\ud83c\uddeb\ud83c\uddf7<\/div>\r\n      <div class=\"ebm-profil-content\">\r\n        <span class=\"ebm-profil-label\">Famille fran\u00e7aise \u00b7 Installation principale \u00b7 Mas\u00edas de Moncada<\/span>\r\n        <p>Deux actifs qui s'installent en Espagne, un ou deux enfants scolaris\u00e9s au CEU ou dans le lyc\u00e9e fran\u00e7ais de Valencia. Crit\u00e8res : maison avec piscine, jardin, 3 \u00e0 4 chambres, budget 350 000 \u2013 430 000 \u20ac, d\u00e9lai de 4 \u00e0 6 mois. Nous g\u00e9rons la recherche, les v\u00e9rifications juridiques et la coordination notaire de A \u00e0 Z.<\/p>\r\n      <\/div>\r\n    <\/div>\r\n    <div class=\"ebm-profil\">\r\n      <div class=\"ebm-profil-flag\">\ud83c\udde7\ud83c\uddea<\/div>\r\n      <div class=\"ebm-profil-content\">\r\n        <span class=\"ebm-profil-label\">Couple belge \u00b7 R\u00e9sidence secondaire \/ investissement \u00b7 Centre ou Mas\u00edas<\/span>\r\n        <p>Achat d'une maison \u00e0 Moncada, utilis\u00e9e pour les vacances et lou\u00e9e le reste du temps. Budget 280 000 \u2013 380 000 \u20ac. Gestion compl\u00e8te \u00e0 distance depuis Bruxelles ou Li\u00e8ge : visites terrain, reporting photo et vid\u00e9o, analyse juridique, accompagnement jusqu'\u00e0 la signature. Suivi travaux si r\u00e9novation n\u00e9cessaire.<\/p>\r\n      <\/div>\r\n    <\/div>\r\n    <div class=\"ebm-profil\">\r\n      <div class=\"ebm-profil-flag\">\ud83c\udde8\ud83c\udded<\/div>\r\n      <div class=\"ebm-profil-content\">\r\n        <span class=\"ebm-profil-label\">Retrait\u00e9 suisse \u00b7 Installation d\u00e9finitive \u00b7 Moncada centre ou p\u00e9riph\u00e9rie calme<\/span>\r\n        <p>Budget 300 000 \u2013 420 000 \u20ac, maison de plain-pied ou avec peu d'escaliers, jardin entretenu, calme, acc\u00e8s facile aux commerces. Projet d'installation dans les 6 \u00e0 12 mois. Accompagnement sur la recherche, les aspects fiscaux non-r\u00e9sidents, et les questions de succession \u2014 notre <a href=\"https:\/\/elegancebymelya.com\/heritage-espagne\/\" target=\"_blank\" rel=\"noopener\"><strong>guide sur l'h\u00e9ritage en Espagne<\/strong><\/a> est souvent un premier point d'entr\u00e9e.<\/p>\r\n      <\/div>\r\n    <\/div>\r\n  <\/div>\r\n\r\n  <p>Notre intervention couvre la recherche compl\u00e8te \u2014 y compris les biens hors march\u00e9 non publi\u00e9s sur les portails \u2014 ainsi que l'accompagnement juridique et administratif jusqu'\u00e0 la remise des cl\u00e9s. Si votre projet inclut des travaux apr\u00e8s l'achat, notre <a href=\"https:\/\/elegancebymelya.com\/travaux-renovation-espagne\/\" target=\"_blank\" rel=\"noopener\"><strong>service travaux<\/strong><\/a> prend en charge le pilotage complet depuis l'\u00e9tude pr\u00e9alable \u00e0 49 \u20ac TTC.<\/p>\r\n\r\n  <!-- HONORAIRES -->\r\n  <div class=\"ebm-sep\" id=\"honoraires\"><span>Nos honoraires<\/span><\/div>\r\n  <h3>Une structure tarifaire transparente, sans surprise<\/h3>\r\n\r\n  <p>Nous affichons nos tarifs. Nos clients ont la capacit\u00e9 d'\u00e9valuer un service \u2014 la transparence est un signal de s\u00e9rieux, pas une contrainte commerciale.<\/p>\r\n\r\n  <div class=\"ebm-honoraires\">\r\n    <div class=\"ebm-honoraires-header\">\r\n      <span>Structure de nos honoraires \u2014 \u00c9l\u00e9gance by Melya<\/span>\r\n    <\/div>\r\n    <div class=\"ebm-honoraire-ligne\">\r\n      <div class=\"ebm-honoraire-montant\"><span>350 \u20ac<\/span><\/div>\r\n      <div class=\"ebm-honoraire-detail\">\r\n        <strong>Mandat de recherche TTC<\/strong>\r\n        <p>Vers\u00e9 \u00e0 la signature du mandat. Couvre le lancement de la recherche, l'analyse de votre projet, l'acc\u00e8s \u00e0 notre r\u00e9seau hors march\u00e9 \u00e0 Moncada et dans l'Horta Nord, et le suivi personnalis\u00e9 jusqu'aux premi\u00e8res s\u00e9lections terrain.<\/p>\r\n      <\/div>\r\n    <\/div>\r\n    <div class=\"ebm-honoraire-ligne\">\r\n      <div class=\"ebm-honoraire-montant\"><span>3 %<\/span><\/div>\r\n      <div class=\"ebm-honoraire-detail\">\r\n        <strong>Honoraires de succ\u00e8s HT<\/strong>\r\n        <p>Uniquement en cas d'achat effectif, calcul\u00e9s sur le prix d'acquisition final. Si le bien est pr\u00e9sent\u00e9 par une agence espagnole locale, les honoraires de cette agence s'ajoutent selon les pratiques standard du march\u00e9 valencien.<\/p>\r\n      <\/div>\r\n    <\/div>\r\n    <div class=\"ebm-honoraire-ligne\">\r\n      <div class=\"ebm-honoraire-montant\"><span>49 \u20ac<\/span><\/div>\r\n      <div class=\"ebm-honoraire-detail\">\r\n        <strong>\u00c9tude projet travaux TTC<\/strong>\r\n        <p>Si votre achat est conditionn\u00e9 \u00e0 des travaux, nous r\u00e9alisons une \u00e9tude pr\u00e9alable de faisabilit\u00e9 et de chiffrage avant tout engagement. Un investissement qui permet d'\u00e9viter les mauvaises surprises post-signature.<\/p>\r\n      <\/div>\r\n    <\/div>\r\n  <\/div>\r\n\r\n  <div class=\"ebm-note\">\r\n    <p>Un premier \u00e9change de 20 \u00e0 30 minutes sans engagement \u2014 pour comprendre votre projet et vous dire honn\u00eatement si Moncada correspond \u00e0 votre recherche, ou si une autre commune de l'Horta Nord serait plus adapt\u00e9e. Avant tout engagement financier.<\/p>\r\n  <\/div>\r\n\r\n  <!-- CTA FINAL -->\r\n  <div class=\"ebm-cta\">\r\n    <span class=\"ebm-cta-eyebrow\">\u00c9l\u00e9gance by Melya \u2014 Chasseur immobilier Moncada & Horta Nord<\/span>\r\n    <h4>Votre projet \u00e0 Moncada, accompagn\u00e9 depuis notre agence locale<\/h4>\r\n    <p>Mandat de recherche \u00e0 350 \u20ac TTC. Honoraires de succ\u00e8s \u00e0 3 % HT uniquement en cas d'achat. Nous sommes bas\u00e9s \u00e0 Moncada \u2014 parlons de votre projet.<\/p>\r\n    <a href=\"https:\/\/form.fillout.com\/t\/6gp2rLKCC6us\" class=\"ebm-cta-btn\" target=\"_blank\" rel=\"noopener\">Acc\u00e9dez aux meilleures opportunit\u00e9s<\/a>\r\n  <\/div>\r\n\r\n<\/div>\t\t\t\t<\/div>\n\t\t\t\t<\/div>\n\t\t\t\t<div class=\"elementor-element elementor-element-a2129d9 elementor-widget elementor-widget-html\" data-id=\"a2129d9\" data-element_type=\"widget\" data-e-type=\"widget\" data-widget_type=\"html.default\">\n\t\t\t\t<div class=\"elementor-widget-container\">\n\t\t\t\t\t<!-- ===== FAQ \u2014 Combien vaut votre maison \u00e0 Moncada en 2026 ? ===== -->\r\n\r\n<style>\r\n  .faq-ebm details {\r\n    border: 1px solid #e0ddd8;\r\n    border-left: 3px solid #C74A06;\r\n    padding: 16px 20px;\r\n    margin: 12px 0;\r\n    background: #fff;\r\n  }\r\n  .faq-ebm summary {\r\n    cursor: pointer;\r\n    list-style: none;\r\n    font-family: \"Playfair Display\", \"Cormorant Garamond\", serif;\r\n    font-size: 1.05rem;\r\n    font-weight: 600;\r\n    color: #1a1a1a;\r\n    line-height: 1.4;\r\n  }\r\n  .faq-ebm summary::-webkit-details-marker { display: none; }\r\n  .faq-ebm summary::after {\r\n    content: \"\uff0b\";\r\n    float: right;\r\n    font-family: \"Montserrat\", sans-serif;\r\n    font-weight: 400;\r\n    font-size: 1.1rem;\r\n    color: #C74A06;\r\n    transition: transform .2s ease;\r\n  }\r\n  .faq-ebm details[open] summary::after { content: \"\u2013\"; }\r\n  .faq-ebm details[open] {\r\n    border-left-color: #1a1a1a;\r\n    background: #fafaf9;\r\n  }\r\n  .faq-ebm .answer {\r\n    margin-top: 14px;\r\n    color: #2a2a2a;\r\n    font-size: 0.97rem;\r\n    line-height: 1.85;\r\n    font-family: \"Montserrat\", sans-serif;\r\n  }\r\n  .faq-ebm a {\r\n    color: #C74A06;\r\n    font-weight: 600;\r\n    text-decoration: none;\r\n    border-bottom: 1px solid rgba(199,74,6,0.25);\r\n    transition: all .2s ease;\r\n  }\r\n  .faq-ebm a:hover {\r\n    border-bottom-color: #C74A06;\r\n  }\r\n\r\n  \/* S\u00e9parateur titre FAQ dans le style V4 *\/\r\n  .faq-ebm-titre {\r\n    display: flex;\r\n    align-items: center;\r\n    gap: 20px;\r\n    margin: 52px 0 28px 0;\r\n  }\r\n  .faq-ebm-titre::before,\r\n  .faq-ebm-titre::after {\r\n    content: \"\";\r\n    flex: 1;\r\n    height: 1px;\r\n    background: #1a1a1a;\r\n  }\r\n  .faq-ebm-titre span {\r\n    font-size: 9px;\r\n    font-weight: 700;\r\n    letter-spacing: 0.22em;\r\n    text-transform: uppercase;\r\n    color: #1a1a1a;\r\n    white-space: nowrap;\r\n    font-family: \"Montserrat\", sans-serif;\r\n  }\r\n<\/style>\r\n\r\n<div class=\"faq-ebm-titre\"><span>Questions fr\u00e9quentes - Acheter \u00e0 Moncada en 2026<\/span><\/div>\r\n\r\n\t\t\t\t<\/div>\n\t\t\t\t<\/div>\n\t\t\t\t<div class=\"elementor-element elementor-element-8ac094b elementor-widget elementor-widget-eael-adv-accordion\" data-id=\"8ac094b\" data-element_type=\"widget\" data-e-type=\"widget\" data-widget_type=\"eael-adv-accordion.default\">\n\t\t\t\t<div class=\"elementor-widget-container\">\n\t\t\t\t\t            <div class=\"eael-adv-accordion\" id=\"eael-adv-accordion-8ac094b\" data-scroll-on-click=\"no\" data-scroll-speed=\"300\" data-accordion-id=\"8ac094b\" data-accordion-type=\"accordion\" data-toogle-speed=\"300\">\n            <div class=\"eael-accordion-list\">\n\t\t\t\t\t<div id=\"1-combien-de-temps-faut-il-pour-vendre-une-maison-moncada-en-2026-\" class=\"elementor-tab-title eael-accordion-header\" tabindex=\"0\" data-tab=\"1\" aria-controls=\"elementor-tab-content-1451\"><span class=\"eael-advanced-accordion-icon-closed\"><svg aria-hidden=\"true\" class=\"fa-accordion-icon e-font-icon-svg e-fas-plus\" viewBox=\"0 0 448 512\" xmlns=\"http:\/\/www.w3.org\/2000\/svg\"><path d=\"M416 208H272V64c0-17.67-14.33-32-32-32h-32c-17.67 0-32 14.33-32 32v144H32c-17.67 0-32 14.33-32 32v32c0 17.67 14.33 32 32 32h144v144c0 17.67 14.33 32 32 32h32c17.67 0 32-14.33 32-32V304h144c17.67 0 32-14.33 32-32v-32c0-17.67-14.33-32-32-32z\"><\/path><\/svg><\/span><span class=\"eael-advanced-accordion-icon-opened\"><svg aria-hidden=\"true\" class=\"fa-accordion-icon e-font-icon-svg e-fas-minus\" viewBox=\"0 0 448 512\" xmlns=\"http:\/\/www.w3.org\/2000\/svg\"><path d=\"M416 208H32c-17.67 0-32 14.33-32 32v32c0 17.67 14.33 32 32 32h384c17.67 0 32-14.33 32-32v-32c0-17.67-14.33-32-32-32z\"><\/path><\/svg><\/span><span class=\"eael-accordion-tab-title\">1. Combien de temps faut-il pour vendre une maison \u00e0 Moncada en 2026 ?<\/span><svg aria-hidden=\"true\" class=\"fa-toggle e-font-icon-svg e-fas-angle-right\" viewBox=\"0 0 256 512\" xmlns=\"http:\/\/www.w3.org\/2000\/svg\"><path d=\"M224.3 273l-136 136c-9.4 9.4-24.6 9.4-33.9 0l-22.6-22.6c-9.4-9.4-9.4-24.6 0-33.9l96.4-96.4-96.4-96.4c-9.4-9.4-9.4-24.6 0-33.9L54.3 103c9.4-9.4 24.6-9.4 33.9 0l136 136c9.5 9.4 9.5 24.6.1 34z\"><\/path><\/svg><\/div><div id=\"elementor-tab-content-1451\" class=\"eael-accordion-content clearfix\" data-tab=\"1\" aria-labelledby=\"1-combien-de-temps-faut-il-pour-vendre-une-maison-moncada-en-2026-\"><p>Un bien familial correctement estim\u00e9 et bien pr\u00e9sent\u00e9 se vend entre 4 et 8 semaines \u00e0 Moncada. Un bien surestim\u00e9 peut rester 3 \u00e0 4 mois sans offre s\u00e9rieuse, ce qui fragilise ensuite la position du vendeur en n\u00e9gociation.<\/p><\/div>\n\t\t\t\t\t<\/div><div class=\"eael-accordion-list\">\n\t\t\t\t\t<div id=\"2-quels-documents-sont-obligatoires-pour-vendre-en-espagne-\" class=\"elementor-tab-title eael-accordion-header\" tabindex=\"0\" data-tab=\"2\" aria-controls=\"elementor-tab-content-1452\"><span class=\"eael-advanced-accordion-icon-closed\"><svg aria-hidden=\"true\" class=\"fa-accordion-icon e-font-icon-svg e-fas-plus\" viewBox=\"0 0 448 512\" xmlns=\"http:\/\/www.w3.org\/2000\/svg\"><path d=\"M416 208H272V64c0-17.67-14.33-32-32-32h-32c-17.67 0-32 14.33-32 32v144H32c-17.67 0-32 14.33-32 32v32c0 17.67 14.33 32 32 32h144v144c0 17.67 14.33 32 32 32h32c17.67 0 32-14.33 32-32V304h144c17.67 0 32-14.33 32-32v-32c0-17.67-14.33-32-32-32z\"><\/path><\/svg><\/span><span class=\"eael-advanced-accordion-icon-opened\"><svg aria-hidden=\"true\" class=\"fa-accordion-icon e-font-icon-svg e-fas-minus\" viewBox=\"0 0 448 512\" xmlns=\"http:\/\/www.w3.org\/2000\/svg\"><path d=\"M416 208H32c-17.67 0-32 14.33-32 32v32c0 17.67 14.33 32 32 32h384c17.67 0 32-14.33 32-32v-32c0-17.67-14.33-32-32-32z\"><\/path><\/svg><\/span><span class=\"eael-accordion-tab-title\">2. Quels documents sont obligatoires pour vendre en Espagne ?<\/span><svg aria-hidden=\"true\" class=\"fa-toggle e-font-icon-svg e-fas-angle-right\" viewBox=\"0 0 256 512\" xmlns=\"http:\/\/www.w3.org\/2000\/svg\"><path d=\"M224.3 273l-136 136c-9.4 9.4-24.6 9.4-33.9 0l-22.6-22.6c-9.4-9.4-9.4-24.6 0-33.9l96.4-96.4-96.4-96.4c-9.4-9.4-9.4-24.6 0-33.9L54.3 103c9.4-9.4 24.6-9.4 33.9 0l136 136c9.5 9.4 9.5 24.6.1 34z\"><\/path><\/svg><\/div><div id=\"elementor-tab-content-1452\" class=\"eael-accordion-content clearfix\" data-tab=\"2\" aria-labelledby=\"2-quels-documents-sont-obligatoires-pour-vendre-en-espagne-\"><p>Nota simple, titre de propri\u00e9t\u00e9 (escritura), certificat \u00e9nerg\u00e9tique, dernier avis d&rsquo;IBI, certificat de la communaut\u00e9 de propri\u00e9taires et justificatifs de charges \u00e0 jour. Ces documents doivent \u00eatre pr\u00eats avant la mise en vente pour \u00e9viter tout blocage au moment du compromis.<\/p><\/div>\n\t\t\t\t\t<\/div><div class=\"eael-accordion-list\">\n\t\t\t\t\t<div id=\"3-peut-on-vendre-sa-maison-moncada-depuis-la-france-ou-la-belgique-\" class=\"elementor-tab-title eael-accordion-header\" tabindex=\"0\" data-tab=\"3\" aria-controls=\"elementor-tab-content-1453\"><span class=\"eael-advanced-accordion-icon-closed\"><svg aria-hidden=\"true\" class=\"fa-accordion-icon e-font-icon-svg e-fas-plus\" viewBox=\"0 0 448 512\" xmlns=\"http:\/\/www.w3.org\/2000\/svg\"><path d=\"M416 208H272V64c0-17.67-14.33-32-32-32h-32c-17.67 0-32 14.33-32 32v144H32c-17.67 0-32 14.33-32 32v32c0 17.67 14.33 32 32 32h144v144c0 17.67 14.33 32 32 32h32c17.67 0 32-14.33 32-32V304h144c17.67 0 32-14.33 32-32v-32c0-17.67-14.33-32-32-32z\"><\/path><\/svg><\/span><span class=\"eael-advanced-accordion-icon-opened\"><svg aria-hidden=\"true\" class=\"fa-accordion-icon e-font-icon-svg e-fas-minus\" viewBox=\"0 0 448 512\" xmlns=\"http:\/\/www.w3.org\/2000\/svg\"><path d=\"M416 208H32c-17.67 0-32 14.33-32 32v32c0 17.67 14.33 32 32 32h384c17.67 0 32-14.33 32-32v-32c0-17.67-14.33-32-32-32z\"><\/path><\/svg><\/span><span class=\"eael-accordion-tab-title\">3. Peut-on vendre sa maison \u00e0 Moncada depuis la France ou la Belgique ?<\/span><svg aria-hidden=\"true\" class=\"fa-toggle e-font-icon-svg e-fas-angle-right\" viewBox=\"0 0 256 512\" xmlns=\"http:\/\/www.w3.org\/2000\/svg\"><path d=\"M224.3 273l-136 136c-9.4 9.4-24.6 9.4-33.9 0l-22.6-22.6c-9.4-9.4-9.4-24.6 0-33.9l96.4-96.4-96.4-96.4c-9.4-9.4-9.4-24.6 0-33.9L54.3 103c9.4-9.4 24.6-9.4 33.9 0l136 136c9.5 9.4 9.5 24.6.1 34z\"><\/path><\/svg><\/div><div id=\"elementor-tab-content-1453\" class=\"eael-accordion-content clearfix\" data-tab=\"3\" aria-labelledby=\"3-peut-on-vendre-sa-maison-moncada-depuis-la-france-ou-la-belgique-\"><p>Oui. Nous accompagnons r\u00e9guli\u00e8rement des propri\u00e9taires non-r\u00e9sidents : organisation des visites, gestion des acheteurs, coordination notariale. L&rsquo;ensemble peut se piloter \u00e0 distance avec un interlocuteur local unique.<\/p><\/div>\n\t\t\t\t\t<\/div><div class=\"eael-accordion-list\">\n\t\t\t\t\t<div id=\"4-quelle-est-la-plus-value-taxable-lors-dune-vente-immobilire-moncada-\" class=\"elementor-tab-title eael-accordion-header\" tabindex=\"0\" data-tab=\"4\" aria-controls=\"elementor-tab-content-1454\"><span class=\"eael-advanced-accordion-icon-closed\"><svg aria-hidden=\"true\" class=\"fa-accordion-icon e-font-icon-svg e-fas-plus\" viewBox=\"0 0 448 512\" xmlns=\"http:\/\/www.w3.org\/2000\/svg\"><path d=\"M416 208H272V64c0-17.67-14.33-32-32-32h-32c-17.67 0-32 14.33-32 32v144H32c-17.67 0-32 14.33-32 32v32c0 17.67 14.33 32 32 32h144v144c0 17.67 14.33 32 32 32h32c17.67 0 32-14.33 32-32V304h144c17.67 0 32-14.33 32-32v-32c0-17.67-14.33-32-32-32z\"><\/path><\/svg><\/span><span class=\"eael-advanced-accordion-icon-opened\"><svg aria-hidden=\"true\" class=\"fa-accordion-icon e-font-icon-svg e-fas-minus\" viewBox=\"0 0 448 512\" xmlns=\"http:\/\/www.w3.org\/2000\/svg\"><path d=\"M416 208H32c-17.67 0-32 14.33-32 32v32c0 17.67 14.33 32 32 32h384c17.67 0 32-14.33 32-32v-32c0-17.67-14.33-32-32-32z\"><\/path><\/svg><\/span><span class=\"eael-accordion-tab-title\">4. Quelle est la plus-value taxable lors d'une vente immobili\u00e8re \u00e0 Moncada ?<\/span><svg aria-hidden=\"true\" class=\"fa-toggle e-font-icon-svg e-fas-angle-right\" viewBox=\"0 0 256 512\" xmlns=\"http:\/\/www.w3.org\/2000\/svg\"><path d=\"M224.3 273l-136 136c-9.4 9.4-24.6 9.4-33.9 0l-22.6-22.6c-9.4-9.4-9.4-24.6 0-33.9l96.4-96.4-96.4-96.4c-9.4-9.4-9.4-24.6 0-33.9L54.3 103c9.4-9.4 24.6-9.4 33.9 0l136 136c9.5 9.4 9.5 24.6.1 34z\"><\/path><\/svg><\/div><div id=\"elementor-tab-content-1454\" class=\"eael-accordion-content clearfix\" data-tab=\"4\" aria-labelledby=\"4-quelle-est-la-plus-value-taxable-lors-dune-vente-immobilire-moncada-\"><p>La plusval\u00eda municipal est calcul\u00e9e par la mairie sur la base de la valeur cadastrale et de la dur\u00e9e de d\u00e9tention. Son montant varie selon ces param\u00e8tres et s&rsquo;acquitte au moment de la signature notariale. Il est \u00e0 la charge du vendeur et doit \u00eatre anticip\u00e9 avant la mise en vente.<\/p><\/div>\n\t\t\t\t\t<\/div><div class=\"eael-accordion-list\">\n\t\t\t\t\t<div id=\"5-vaut-il-mieux-rnover-avant-de-vendre-moncada-\" class=\"elementor-tab-title eael-accordion-header\" tabindex=\"0\" data-tab=\"5\" aria-controls=\"elementor-tab-content-1455\"><span class=\"eael-advanced-accordion-icon-closed\"><svg aria-hidden=\"true\" class=\"fa-accordion-icon e-font-icon-svg e-fas-plus\" viewBox=\"0 0 448 512\" xmlns=\"http:\/\/www.w3.org\/2000\/svg\"><path d=\"M416 208H272V64c0-17.67-14.33-32-32-32h-32c-17.67 0-32 14.33-32 32v144H32c-17.67 0-32 14.33-32 32v32c0 17.67 14.33 32 32 32h144v144c0 17.67 14.33 32 32 32h32c17.67 0 32-14.33 32-32V304h144c17.67 0 32-14.33 32-32v-32c0-17.67-14.33-32-32-32z\"><\/path><\/svg><\/span><span class=\"eael-advanced-accordion-icon-opened\"><svg aria-hidden=\"true\" class=\"fa-accordion-icon e-font-icon-svg e-fas-minus\" viewBox=\"0 0 448 512\" xmlns=\"http:\/\/www.w3.org\/2000\/svg\"><path d=\"M416 208H32c-17.67 0-32 14.33-32 32v32c0 17.67 14.33 32 32 32h384c17.67 0 32-14.33 32-32v-32c0-17.67-14.33-32-32-32z\"><\/path><\/svg><\/span><span class=\"eael-accordion-tab-title\">5. Vaut-il mieux r\u00e9nover avant de vendre \u00e0 Moncada ?<\/span><svg aria-hidden=\"true\" class=\"fa-toggle e-font-icon-svg e-fas-angle-right\" viewBox=\"0 0 256 512\" xmlns=\"http:\/\/www.w3.org\/2000\/svg\"><path d=\"M224.3 273l-136 136c-9.4 9.4-24.6 9.4-33.9 0l-22.6-22.6c-9.4-9.4-9.4-24.6 0-33.9l96.4-96.4-96.4-96.4c-9.4-9.4-9.4-24.6 0-33.9L54.3 103c9.4-9.4 24.6-9.4 33.9 0l136 136c9.5 9.4 9.5 24.6.1 34z\"><\/path><\/svg><\/div><div id=\"elementor-tab-content-1455\" class=\"eael-accordion-content clearfix\" data-tab=\"5\" aria-labelledby=\"5-vaut-il-mieux-rnover-avant-de-vendre-moncada-\"><p>Tout d\u00e9pend du co\u00fbt des travaux et du diff\u00e9rentiel de prix attendu. Un rafra\u00eechissement (peinture, cuisine, salle de bain) peut justifier une hausse de 12 \u00e0 18 % du prix de vente et acc\u00e9l\u00e9rer significativement la transaction. Une r\u00e9novation lourde est rarement rentable dans le d\u00e9lai d&rsquo;une vente.<\/p><\/div>\n\t\t\t\t\t<\/div><\/div>\t\t\t\t<\/div>\n\t\t\t\t<\/div>\n\t\t\t\t\t<\/div>\n\t\t\t\t<\/div>\n\t\t\t\t<\/div>\n\t\t","protected":false},"excerpt":{"rendered":"<p>Vendre sa maison \u00e0 Moncada en 2026 : estimation, documents, d\u00e9lais et \u00e9tapes cl\u00e9s. Le guide pratique r\u00e9dig\u00e9 par un professionnel bas\u00e9 sur place, pour vendre au bon prix et dans les meilleurs d\u00e9lais.<\/p>","protected":false},"author":1,"featured_media":8601,"comment_status":"closed","ping_status":"closed","sticky":false,"template":"","format":"standard","meta":{"site-sidebar-layout":"default","site-content-layout":"","ast-site-content-layout":"default","site-content-style":"default","site-sidebar-style":"default","ast-global-header-display":"","ast-banner-title-visibility":"","ast-main-header-display":"","ast-hfb-above-header-display":"","ast-hfb-below-header-display":"","ast-hfb-mobile-header-display":"","site-post-title":"","ast-breadcrumbs-content":"","ast-featured-img":"","footer-sml-layout":"","ast-disable-related-posts":"","theme-transparent-header-meta":"","adv-header-id-meta":"","stick-header-meta":"","header-above-stick-meta":"","header-main-stick-meta":"","header-below-stick-meta":"","astra-migrate-meta-layouts":"default","ast-page-background-enabled":"default","ast-page-background-meta":{"desktop":{"background-color":"var(--ast-global-color-4)","background-image":"","background-repeat":"repeat","background-position":"center center","background-size":"auto","background-attachment":"scroll","background-type":"","background-media":"","overlay-type":"","overlay-color":"","overlay-opacity":"","overlay-gradient":""},"tablet":{"background-color":"","background-image":"","background-repeat":"repeat","background-position":"center center","background-size":"auto","background-attachment":"scroll","background-type":"","background-media":"","overlay-type":"","overlay-color":"","overlay-opacity":"","overlay-gradient":""},"mobile":{"background-color":"","background-image":"","background-repeat":"repeat","background-position":"center center","background-size":"auto","background-attachment":"scroll","background-type":"","background-media":"","overlay-type":"","overlay-color":"","overlay-opacity":"","overlay-gradient":""}},"ast-content-background-meta":{"desktop":{"background-color":"var(--ast-global-color-5)","background-image":"","background-repeat":"repeat","background-position":"center center","background-size":"auto","background-attachment":"scroll","background-type":"","background-media":"","overlay-type":"","overlay-color":"","overlay-opacity":"","overlay-gradient":""},"tablet":{"background-color":"var(--ast-global-color-5)","background-image":"","background-repeat":"repeat","background-position":"center center","background-size":"auto","background-attachment":"scroll","background-type":"","background-media":"","overlay-type":"","overlay-color":"","overlay-opacity":"","overlay-gradient":""},"mobile":{"background-color":"var(--ast-global-color-5)","background-image":"","background-repeat":"repeat","background-position":"center center","background-size":"auto","background-attachment":"scroll","background-type":"","background-media":"","overlay-type":"","overlay-color":"","overlay-opacity":"","overlay-gradient":""}},"footnotes":"","_wpscppro_dont_share_socialmedia":false,"_wpscppro_custom_social_share_image":0,"_facebook_share_type":"default","_twitter_share_type":"default","_linkedin_share_type":"default","_pinterest_share_type":"default","_linkedin_share_type_page":"","_instagram_share_type":"default","_medium_share_type":"default","_threads_share_type":"default","_google_business_share_type":"default","_selected_social_profile":[],"_wpsp_enable_custom_social_template":false,"_wpsp_social_scheduling":{"enabled":true,"datetime":"2026-07-07 09:12:17","platforms":[],"status":"pending_publication","dateOption":"today","timeOption":"now","customDays":"","customHours":"","customDate":"","customTime":"","schedulingType":"absolute"},"_wpsp_active_default_template":true},"categories":[1],"tags":[132,17,232,259,260,228,121,281,278,279,280,188],"class_list":["post-8594","post","type-post","status-publish","format-standard","has-post-thumbnail","hentry","category-conseils-achat-immobilier-espagne","tag-acheter-a-moncada","tag-acheter-en-espagne","tag-chasseur-immobilier-valencia","tag-famille-francophone-espagne","tag-horta-nord-immobilier","tag-immobilier-francophones-espagne","tag-immobilier-moncada","tag-investissement-locatif-ceu","tag-maison-moncada","tag-masias-de-moncada","tag-moncada-valencia","tag-prix-immobilier-moncada"],"_links":{"self":[{"href":"https:\/\/elegancebymelya.com\/es\/wp-json\/wp\/v2\/posts\/8594","targetHints":{"allow":["GET"]}}],"collection":[{"href":"https:\/\/elegancebymelya.com\/es\/wp-json\/wp\/v2\/posts"}],"about":[{"href":"https:\/\/elegancebymelya.com\/es\/wp-json\/wp\/v2\/types\/post"}],"author":[{"embeddable":true,"href":"https:\/\/elegancebymelya.com\/es\/wp-json\/wp\/v2\/users\/1"}],"replies":[{"embeddable":true,"href":"https:\/\/elegancebymelya.com\/es\/wp-json\/wp\/v2\/comments?post=8594"}],"version-history":[{"count":8,"href":"https:\/\/elegancebymelya.com\/es\/wp-json\/wp\/v2\/posts\/8594\/revisions"}],"predecessor-version":[{"id":8605,"href":"https:\/\/elegancebymelya.com\/es\/wp-json\/wp\/v2\/posts\/8594\/revisions\/8605"}],"wp:featuredmedia":[{"embeddable":true,"href":"https:\/\/elegancebymelya.com\/es\/wp-json\/wp\/v2\/media\/8601"}],"wp:attachment":[{"href":"https:\/\/elegancebymelya.com\/es\/wp-json\/wp\/v2\/media?parent=8594"}],"wp:term":[{"taxonomy":"category","embeddable":true,"href":"https:\/\/elegancebymelya.com\/es\/wp-json\/wp\/v2\/categories?post=8594"},{"taxonomy":"post_tag","embeddable":true,"href":"https:\/\/elegancebymelya.com\/es\/wp-json\/wp\/v2\/tags?post=8594"}],"curies":[{"name":"wp","href":"https:\/\/api.w.org\/{rel}","templated":true}]}}