{"id":8574,"date":"2026-07-06T08:37:00","date_gmt":"2026-07-06T08:37:00","guid":{"rendered":"https:\/\/elegancebymelya.com\/?p=8574"},"modified":"2026-06-24T08:59:10","modified_gmt":"2026-06-24T08:59:10","slug":"estimation-immobiliere-betera-2026","status":"publish","type":"post","link":"https:\/\/elegancebymelya.com\/es\/estimation-immobiliere-betera-2026\/","title":{"rendered":"Combien vaut votre maison \u00e0 B\u00e9tera en 2026 ?"},"content":{"rendered":"\t\t<div data-elementor-type=\"wp-post\" data-elementor-id=\"8574\" class=\"elementor elementor-8574\" data-elementor-post-type=\"post\">\n\t\t\t\t<div class=\"elementor-element elementor-element-c23b9db e-flex e-con-boxed e-con e-parent\" data-id=\"c23b9db\" data-element_type=\"container\" data-e-type=\"container\">\n\t\t\t\t\t<div class=\"e-con-inner\">\n\t\t\t\t<div class=\"elementor-element elementor-element-74203c2 elementor-widget elementor-widget-html\" data-id=\"74203c2\" data-element_type=\"widget\" data-e-type=\"widget\" data-widget_type=\"html.default\">\n\t\t\t\t<div class=\"elementor-widget-container\">\n\t\t\t\t\t<!-- Article blog : Combien vaut votre maison \u00e0 B\u00e9tera en 2026 ? \u2014 Estimation immobili\u00e8re vendeur -->\r\n<!-- Style V4 \u2014 elegancebymelya.com \u2014 v1 -->\r\n\r\n<style>\r\n.ebm-article { max-width: 740px; margin: 0 auto; color: #1a1a1a; font-family: \"Montserrat\", sans-serif; font-size: 1.05rem; line-height: 1.9; }\r\n.ebm-article p { margin-bottom: 24px; }\r\n.ebm-article ul { padding-left: 0; list-style: none; margin-bottom: 28px; }\r\n.ebm-article ul li { padding: 8px 0 8px 20px; position: relative; font-size: 1rem; color: #2a2a2a; border-bottom: 1px solid #f0eeeb; line-height: 1.7; }\r\n.ebm-article ul li::before { content: \"\u2014\"; position: absolute; left: 0; color: #C74A06; font-weight: 700; }\r\n.ebm-article a { color: #C74A06; text-decoration: none; border-bottom: 1px solid rgba(199,74,6,0.25); transition: border-color 0.2s; }\r\n.ebm-article a:hover { border-color: #C74A06; }\r\n.ebm-titre { text-align: center; margin-bottom: 40px; }\r\n.ebm-titre .eyebrow { display: block; font-size: 10px; font-weight: 700; letter-spacing: 0.2em; text-transform: uppercase; color: #C74A06; margin-bottom: 14px; }\r\n.ebm-titre h1 { font-family: \"Playfair Display\", \"Cormorant Garamond\", serif; font-size: 2.2rem; font-weight: 500; color: #1a1a1a; line-height: 1.25; margin: 0 0 14px 0; letter-spacing: -0.3px; }\r\n.ebm-titre .sous-titre { font-size: 0.9rem; color: #888; letter-spacing: 0.08em; text-transform: uppercase; }\r\n.ebm-sommaire { margin: 0 0 48px 0; padding: 20px 24px; border-top: 1px solid #1a1a1a; border-bottom: 1px solid #1a1a1a; }\r\n.ebm-sommaire-label { font-size: 9px; font-weight: 700; letter-spacing: 0.2em; text-transform: uppercase; color: #999; display: block; margin-bottom: 10px; }\r\n.ebm-sommaire-liens { display: flex; flex-wrap: wrap; gap: 6px 0; }\r\n.ebm-sommaire-liens a { font-size: 0.82rem; color: #1a1a1a; border-bottom: none; padding-right: 16px; white-space: nowrap; }\r\n.ebm-sommaire-liens a::after { content: \"\u00b7\"; padding-left: 16px; color: #ccc; }\r\n.ebm-sommaire-liens a:last-child::after { content: \"\"; }\r\n.ebm-sommaire-liens a:hover { color: #C74A06; }\r\n.ebm-sep { display: flex; align-items: center; gap: 20px; margin: 52px 0; }\r\n.ebm-sep::before, .ebm-sep::after { content: \"\"; flex: 1; height: 1px; background: #1a1a1a; }\r\n.ebm-sep span { font-size: 9px; font-weight: 700; letter-spacing: 0.22em; text-transform: uppercase; color: #1a1a1a; white-space: nowrap; font-family: \"Montserrat\", sans-serif; }\r\n.ebm-article h3 { font-family: \"Playfair Display\", \"Cormorant Garamond\", serif; font-size: 1.5rem; font-weight: 500; color: #1a1a1a; margin: 0 0 20px 0; line-height: 1.35; letter-spacing: -0.2px; }\r\n.ebm-note { margin: 32px 0; padding: 20px 24px; border-left: 2px solid #C74A06; background: #fafaf9; }\r\n.ebm-note p { margin: 0; font-size: 0.97rem; color: #2a2a2a; line-height: 1.8; font-style: italic; }\r\n.ebm-note strong { color: #C74A06; font-style: normal; }\r\n.ebm-highlight { background: #fafaf9; border-left: 2px solid #C74A06; padding: 18px 22px; margin: 30px 0; }\r\n.ebm-highlight p { margin: 0; font-size: 0.97rem; color: #2a2a2a; line-height: 1.8; font-style: italic; }\r\n.ebm-chiffres { display: grid; grid-template-columns: 1fr 1fr 1fr; gap: 1px; background: #e8e4de; margin: 32px 0; border: 1px solid #e8e4de; }\r\n.ebm-chiffre { background: #fff; padding: 24px 20px; text-align: center; }\r\n.ebm-chiffre-num { font-family: \"Playfair Display\", serif; font-size: 2rem; font-weight: 500; color: #C74A06; display: block; line-height: 1; margin-bottom: 8px; }\r\n.ebm-chiffre-label { font-size: 0.8rem; color: #555; line-height: 1.5; display: block; }\r\n.ebm-chiffre-source { font-size: 0.7rem; color: #aaa; display: block; margin-top: 6px; font-style: italic; }\r\n.ebm-raisons { display: grid; grid-template-columns: 1fr 1fr; gap: 1px; background: #e8e4de; margin: 32px 0; border: 1px solid #e8e4de; }\r\n.ebm-raison { background: #fff; padding: 24px 22px; border-left: 3px solid #C74A06; }\r\n.ebm-raison-titre { font-size: 0.88rem; font-weight: 700; color: #1a1a1a; display: block; margin-bottom: 8px; text-transform: uppercase; letter-spacing: 0.06em; }\r\n.ebm-raison p { font-size: 0.88rem; color: #555; margin: 0; line-height: 1.65; }\r\n.ebm-tableau { margin: 32px 0; border: 1px solid #e8e4de; width: 100%; border-collapse: collapse; }\r\n.ebm-tableau thead { background: #1a1a1a; }\r\n.ebm-tableau thead th { padding: 12px 18px; font-size: 9px; font-weight: 700; letter-spacing: 0.18em; text-transform: uppercase; color: #fff; text-align: left; }\r\n.ebm-tableau tbody tr { border-bottom: 1px solid #f0eeeb; }\r\n.ebm-tableau tbody tr:last-child { border-bottom: none; }\r\n.ebm-tableau tbody td { padding: 14px 18px; font-size: 0.9rem; color: #2a2a2a; vertical-align: top; line-height: 1.6; }\r\n.ebm-tableau tbody td:first-child { font-weight: 600; color: #1a1a1a; width: 22%; }\r\n.ebm-cta-inline { margin: 40px 0; padding: 28px 30px; background: #fafaf9; border: 1px solid #e8e4de; border-left: 3px solid #C74A06; display: flex; align-items: center; justify-content: space-between; gap: 20px; flex-wrap: wrap; }\r\n.ebm-cta-inline-text p { margin: 0; font-size: 0.92rem; color: #2a2a2a; line-height: 1.6; }\r\n.ebm-cta-inline-text strong { display: block; font-size: 0.85rem; font-weight: 700; text-transform: uppercase; letter-spacing: 0.07em; color: #1a1a1a; margin-bottom: 6px; }\r\n.ebm-cta-inline-btn { display: inline-block; padding: 12px 28px; background: #C74A06; color: #fff !important; text-decoration: none !important; border: none !important; font-size: 10px; font-weight: 700; letter-spacing: 0.15em; text-transform: uppercase; transition: background 0.2s; white-space: nowrap; }\r\n.ebm-cta-inline-btn:hover { background: #a83d05; }\r\n.ebm-cta { margin: 56px 0 0 0; padding: 40px 36px; background: #1a1a1a; text-align: center; }\r\n.ebm-cta-eyebrow { font-size: 9px; font-weight: 700; letter-spacing: 0.22em; text-transform: uppercase; color: #C74A06; display: block; margin-bottom: 16px; }\r\n.ebm-cta h4 { font-family: \"Playfair Display\", serif; font-size: 1.5rem; font-weight: 500; color: #fff; margin: 0 0 14px 0; line-height: 1.35; }\r\n.ebm-cta p { font-size: 0.9rem; color: #e0ddd8 !important; margin: 0 0 28px 0; line-height: 1.7; }\r\n.ebm-cta-btn { display: inline-block; padding: 14px 36px; background: #C74A06; color: #fff !important; text-decoration: none !important; border: none !important; font-size: 11px; font-weight: 700; letter-spacing: 0.15em; text-transform: uppercase; transition: background 0.2s; }\r\n.ebm-cta-btn:hover { background: #a83d05; }\r\n@media (max-width: 768px) {\r\n  .ebm-article { font-size: 1rem; }\r\n  .ebm-titre h1 { font-size: 1.7rem; }\r\n  .ebm-chiffres { grid-template-columns: 1fr; }\r\n  .ebm-raisons { grid-template-columns: 1fr; }\r\n  .ebm-cta { padding: 30px 22px; }\r\n  .ebm-cta-inline { flex-direction: column; }\r\n  .ebm-sommaire-liens { flex-direction: column; }\r\n  .ebm-sommaire-liens a::after { content: \"\"; }\r\n  .ebm-tableau thead th, .ebm-tableau tbody td { padding: 10px 12px; font-size: 0.85rem; }\r\n}\r\n@media (min-width: 769px) and (max-width: 1024px) {\r\n  .ebm-titre h1 { font-size: 1.9rem; }\r\n  .ebm-chiffres { grid-template-columns: 1fr 1fr 1fr; }\r\n  .ebm-raisons { grid-template-columns: 1fr 1fr; }\r\n}\r\n<\/style>\r\n\r\n<div class=\"ebm-article\">\r\n\r\n  <!-- TITRE -->\r\n  <div class=\"ebm-titre\">\r\n    <span class=\"eyebrow\">\u00c9l\u00e9gance by Melya \u2014 Estimation & vente immobili\u00e8re<\/span>\r\n    <h1>Combien vaut votre maison \u00e0 B\u00e9tera en 2026 ?<\/h1>\r\n    <span class=\"sous-titre\">Prix par secteur \u00b7 Facteurs de valeur \u00b7 Estimation vendeur \u00b7 Camp de T\u00faria \u00b7 Valencia<\/span>\r\n  <\/div>\r\n\r\n  <!-- SOMMAIRE -->\r\n  <nav class=\"ebm-sommaire\">\r\n    <span class=\"ebm-sommaire-label\">Dans cet article<\/span>\r\n    <div class=\"ebm-sommaire-liens\">\r\n      <a href=\"#marche\">Le march\u00e9 vendeur en 2026<\/a>\r\n      <a href=\"#prix-secteur\">Prix par secteur<\/a>\r\n      <a href=\"#facteurs\">Ce qui fait la valeur<\/a>\r\n      <a href=\"#erreurs\">Les erreurs d'estimation<\/a>\r\n      <a href=\"#vendre-vite\">Vendre au bon prix<\/a>\r\n      <a href=\"#estimation\">Obtenir une estimation<\/a>\r\n    <\/div>\r\n  <\/nav>\r\n\r\n  <!-- INTRO -->\r\n  <p>Combien vaut votre maison \u00e0 B\u00e9tera en 2026 ? C'est la question que se posent de plus en plus de propri\u00e9taires dans les urbanisations de la commune \u2014 Torre en Conill, Mas Camarena, Cumbres de San Antonio \u2014 face \u00e0 un march\u00e9 qui a fortement \u00e9volu\u00e9 ces trois derni\u00e8res ann\u00e9es. La r\u00e9ponse d\u00e9pend d'abord du secteur, ensuite du type de bien, et enfin d'une dizaine de crit\u00e8res que les portails immobiliers ne savent pas mesurer.<\/p>\r\n\r\n  <p>\u00c9l\u00e9gance by Melya est bas\u00e9e \u00e0 Moncada, \u00e0 10 minutes de B\u00e9tera. Nous travaillons ce march\u00e9 au quotidien \u2014 du c\u00f4t\u00e9 des acheteurs que nous accompagnons comme du c\u00f4t\u00e9 des vendeurs. Ce que nous d\u00e9crivons ici ne vient pas d'une analyse statistique \u00e0 distance : cela vient des transactions que nous suivons, des biens que nous visitons, et des \u00e9carts que nous constatons entre prix affich\u00e9 et prix sign\u00e9. Ce guide vous donne les outils pour \u00e9valuer votre bien avec pr\u00e9cision avant d'engager une mise en vente.<\/p>\r\n\r\n  <!-- SECTION 1 -->\r\n  <div class=\"ebm-sep\" id=\"marche\"><span>Le march\u00e9 vendeur en 2026<\/span><\/div>\r\n  <h3>B\u00e9tera en 2026 : un march\u00e9 favorable aux vendeurs bien positionn\u00e9s<\/h3>\r\n\r\n  <p>Le march\u00e9 de B\u00e9tera est structurellement en faveur des vendeurs depuis 2022. La demande \u2014 familiale, internationale, francophone \u2014 d\u00e9passe l'offre disponible dans les urbanisations ferm\u00e9es. Les biens bien pr\u00e9sent\u00e9s et correctement estim\u00e9s ne restent pas longtemps sur le march\u00e9. Mais ce contexte ne garantit rien automatiquement : un bien surestim\u00e9 reste bloqu\u00e9, parfois des mois, pendant que les acheteurs qualifi\u00e9s signent ailleurs.<\/p>\r\n\r\n  <div class=\"ebm-chiffres\">\r\n    <div class=\"ebm-chiffre\">\r\n      <span class=\"ebm-chiffre-num\">2 150 \u20ac<\/span>\r\n      <span class=\"ebm-chiffre-label\">prix moyen au m\u00b2 toutes typologies, commune de B\u00e9tera<\/span>\r\n      <span class=\"ebm-chiffre-source\">Source : Idealista \/ Thinkspain, 2026<\/span>\r\n    <\/div>\r\n    <div class=\"ebm-chiffre\">\r\n      <span class=\"ebm-chiffre-num\">+16 %<\/span>\r\n      <span class=\"ebm-chiffre-label\">hausse annuelle des prix en Communaut\u00e9 Valencienne 2024\u20132025<\/span>\r\n      <span class=\"ebm-chiffre-source\">Source : Idealista, d\u00e9c. 2025<\/span>\r\n    <\/div>\r\n    <div class=\"ebm-chiffre\">\r\n      <span class=\"ebm-chiffre-num\">3 \u00e0 6 sem.<\/span>\r\n      <span class=\"ebm-chiffre-label\">d\u00e9lai de vente moyen pour un bien bien estim\u00e9 dans les urbanisations actives<\/span>\r\n      <span class=\"ebm-chiffre-source\">Constat terrain \u00c9l\u00e9gance by Melya, 2026<\/span>\r\n    <\/div>\r\n  <\/div>\r\n\r\n  <p>La moyenne communale \u00e0 2 150 \u20ac \/m\u00b2 est un point de d\u00e9part, pas un outil d'estimation. Elle int\u00e8gre des appartements dans le pueblo, des fincas rurales hors normes, des mitoyens de 1995 et des villas neuves de 2024. La r\u00e9alit\u00e9 du m\u00b2 dans Mas Camarena ou Torre en Conill est tr\u00e8s diff\u00e9rente de cette moyenne. C'est pr\u00e9cis\u00e9ment ce que ce guide d\u00e9taille.<\/p>\r\n\r\n  <div class=\"ebm-note\">\r\n    <p><strong>Contexte macro :<\/strong> la Communaut\u00e9 Valencienne est l'une des r\u00e9gions d'Espagne o\u00f9 la pression sur les prix est la plus forte. La demande \u00e9trang\u00e8re \u2014 britannique, allemande, fran\u00e7aise, belge \u2014 s'est acc\u00e9l\u00e9r\u00e9e depuis 2022 sur l'arc c\u00f4tier et sur la zone m\u00e9tropolitaine de Valencia. B\u00e9tera b\u00e9n\u00e9ficie de ce mouvement de fond, avec en plus une demande familiale locale stable.<\/p>\r\n  <\/div>\r\n\r\n  <!-- CTA INLINE 1 -->\r\n  <div class=\"ebm-cta-inline\">\r\n    <div class=\"ebm-cta-inline-text\">\r\n      <strong>Vous souhaitez conna\u00eetre la valeur de votre bien \u00e0 B\u00e9tera ?<\/strong>\r\n      <p>Estimation gratuite, sans engagement. Nous vous r\u00e9pondons sur la base du march\u00e9 r\u00e9el, secteur par secteur.<\/p>\r\n    <\/div>\r\n    <a href=\"https:\/\/form.fillout.com\/t\/wWniPmTrvKus\" class=\"ebm-cta-inline-btn\" target=\"_blank\" rel=\"noopener\">Estimez votre bien gratuitement<\/a>\r\n  <\/div>\r\n\r\n  <!-- SECTION 2 -->\r\n  <div class=\"ebm-sep\" id=\"prix-secteur\"><span>Prix par secteur<\/span><\/div>\r\n  <h3>Prix immobiliers \u00e0 B\u00e9tera par secteur en 2026 : ce que valent r\u00e9ellement les biens<\/h3>\r\n\r\n  <p>B\u00e9tera n'est pas un march\u00e9 homog\u00e8ne. L'\u00e9cart de prix entre une maison mitoyenne dans Mas Camarena et une villa individuelle dans Torre en Conill peut aller du simple au triple \u00e0 surface \u00e9quivalente. Le tableau ci-dessous pr\u00e9sente les fourchettes r\u00e9elles constat\u00e9es sur le march\u00e9 actif \u2014 non les moyennes statistiques.<\/p>\r\n\r\n  <table class=\"ebm-tableau\">\r\n    <thead>\r\n      <tr>\r\n        <th>Secteur<\/th>\r\n        <th>Type de bien dominant<\/th>\r\n        <th>Fourchette de prix<\/th>\r\n        <th>Prix au m\u00b2<\/th>\r\n      <\/tr>\r\n    <\/thead>\r\n    <tbody>\r\n      <tr>\r\n        <td>Torre en Conill<\/td>\r\n        <td>Villas individuelles sur parcelles 800\u20131 500 m\u00b2, golf Escorpi\u00f3n, s\u00e9curit\u00e9 24h\/24<\/td>\r\n        <td>600 000 \u2014 1 500 000 \u20ac<br><em>Neufs ou neufs-r\u00e9nov\u00e9s : 900 000 \u20ac+<\/em><\/td>\r\n        <td>2 500 \u2014 3 500 \u20ac \/m\u00b2<br><em>selon \u00e9tat et exposition golf<\/em><\/td>\r\n      <\/tr>\r\n      <tr>\r\n        <td>Mas Camarena<\/td>\r\n        <td>Mitoyens et semi-individuels 200\u2013290 m\u00b2, piscine collective, \u00e9cole int\u00e9gr\u00e9e<\/td>\r\n        <td>350 000 \u2014 600 000 \u20ac<br><em>Individuels avec piscine priv\u00e9e : 480 000 \u20ac+<\/em><\/td>\r\n        <td>1 800 \u2014 2 800 \u20ac \/m\u00b2<br><em>selon surface, piscine, \u00e9tat<\/em><\/td>\r\n      <\/tr>\r\n      <tr>\r\n        <td>Cumbres de San Antonio<\/td>\r\n        <td>Villas individuelles 250\u2013450 m\u00b2, parcelles 800\u20131 200 m\u00b2<\/td>\r\n        <td>400 000 \u2014 850 000 \u20ac<br><em>R\u00e9nov\u00e9s r\u00e9cents : 700 000 \u20ac+<\/em><\/td>\r\n        <td>2 000 \u2014 2 800 \u20ac \/m\u00b2<\/td>\r\n      <\/tr>\r\n      <tr>\r\n        <td>B\u00e9tera pueblo<\/td>\r\n        <td>Maisons de ville, appartements, villas p\u00e9riph\u00e9rie imm\u00e9diate<\/td>\r\n        <td>200 000 \u2014 380 000 \u20ac (appartements)<br>300 000 \u2014 450 000 \u20ac (maisons)<\/td>\r\n        <td>1 400 \u2014 2 000 \u20ac \/m\u00b2<\/td>\r\n      <\/tr>\r\n    <\/tbody>\r\n  <\/table>\r\n\r\n  <p>Ces fourchettes s'entendent pour des biens en bon \u00e9tat g\u00e9n\u00e9ral, sans travaux structurels urgents et avec une situation juridique claire. Un bien qui pr\u00e9sente des extensions non d\u00e9clar\u00e9es, des charges de communaut\u00e9 impay\u00e9es ou une classification de sol non conforme sera repositionn\u00e9 en bas de fourchette \u2014 voire exclu du march\u00e9 actif pour certains profils d'acheteurs.<\/p>\r\n\r\n  <div class=\"ebm-highlight\">\r\n    <p>L'\u0153uvre nouvelle confirme le niveau : Habitat Mas Camarena 2 (chalets neufs, 4\u20135 chambres, jardins privatifs, finitions 2025) s'est commercialis\u00e9 entre 474 000 et 494 000 \u20ac, soit entre 3 300 et 3 350 \u20ac \/m\u00b2. Ce niveau de prix tire le march\u00e9 de la revente vers le haut dans le secteur.<\/p>\r\n  <\/div>\r\n\r\n  <h3>B\u00e9tera dans le contexte des communes r\u00e9sidentielles du nord de Valencia<\/h3>\r\n\r\n  <p>Pour positionner correctement votre bien \u00e0 B\u00e9tera, il est utile de savoir comment la commune se situe par rapport \u00e0 ses voisines. Les acheteurs que nous accompagnons visitent souvent B\u00e9tera, Moncada, Godella et Rocafort dans le m\u00eame s\u00e9jour \u2014 et arbitrent entre ces march\u00e9s. Comprendre le positionnement relatif de votre bien vous donne un avantage dans la n\u00e9gociation.<\/p>\r\n\r\n  <table class=\"ebm-tableau\">\r\n    <thead>\r\n      <tr>\r\n        <th>Commune<\/th>\r\n        <th>Prix moyen maisons (\u20ac\/m\u00b2)<\/th>\r\n        <th>Profil dominant<\/th>\r\n      <\/tr>\r\n    <\/thead>\r\n    <tbody>\r\n      <tr>\r\n        <td>Rocafort<\/td>\r\n        <td>\u2248 2 625 \u20ac \/m\u00b2<\/td>\r\n        <td>Villas sur grandes parcelles, offre tr\u00e8s limit\u00e9e, forte demande r\u00e9sidentielle (Horta Nord)<\/td>\r\n      <\/tr>\r\n      <tr>\r\n        <td>Godella (Campolivar)<\/td>\r\n        <td>\u2248 2 150 \u2014 2 500 \u20ac \/m\u00b2<\/td>\r\n        <td>Urbanisations proches des universit\u00e9s, march\u00e9 actif, profil plus mixte (Horta Nord)<\/td>\r\n      <\/tr>\r\n      <tr>\r\n        <td>B\u00e9tera (urbanisations)<\/td>\r\n        <td>\u2248 1 800 \u2014 3 500 \u20ac \/m\u00b2<\/td>\r\n        <td>Tr\u00e8s h\u00e9t\u00e9rog\u00e8ne selon secteur \u2014 de Mas Camarena \u00e0 Torre en Conill (Camp de T\u00faria)<\/td>\r\n      <\/tr>\r\n      <tr>\r\n        <td>Moncada<\/td>\r\n        <td>\u2248 1 600 \u2014 2 000 \u20ac \/m\u00b2<\/td>\r\n        <td>Mix maisons et appartements, acc\u00e8s Valencia rapide, budget d'entr\u00e9e plus accessible (Horta Nord)<\/td>\r\n      <\/tr>\r\n    <\/tbody>\r\n  <\/table>\r\n\r\n  <p>B\u00e9tera occupe une position interm\u00e9diaire \u00e0 haute parmi les communes r\u00e9sidentielles du nord de Valencia. Moins ch\u00e8re que Rocafort en valeur m\u00e9diane, mais ses secteurs premium (Torre en Conill) atteignent des niveaux comparables. La diff\u00e9rence principale avec <a href=\"https:\/\/elegancebymelya.com\/immobilier-moncada-valence-espagne\/\" target=\"_blank\" rel=\"noopener\"><strong>Moncada<\/strong><\/a> tient au format des biens : \u00e0 B\u00e9tera, quasi-exclusivement des maisons individuelles sur parcelles ; \u00e0 Moncada, un march\u00e9 plus mixte et plus accessible en budget d'entr\u00e9e. Pour comprendre la dynamique d'ensemble de cette zone, notre article sur <a href=\"https:\/\/elegancebymelya.com\/pourquoi-francophones-achetent-communaute-valencienne\/\" target=\"_blank\" rel=\"noopener\"><strong>pourquoi les francophones ach\u00e8tent en Communaut\u00e9 Valencienne<\/strong><\/a> donne le contexte macro utile.<\/p>\r\n\r\n  <!-- SECTION 3 -->\r\n  <div class=\"ebm-sep\" id=\"facteurs\"><span>Ce qui fait la valeur<\/span><\/div>\r\n  <h3>Les six crit\u00e8res qui font monter ou baisser le prix d'une maison \u00e0 B\u00e9tera<\/h3>\r\n\r\n  <p>Dans les urbanisations de B\u00e9tera, deux maisons de surface identique peuvent afficher une diff\u00e9rence de 80 000 \u00e0 150 000 \u20ac selon leur profil. Voici les crit\u00e8res qui expliquent ces \u00e9carts, par ordre d'impact sur le prix final.<\/p>\r\n\r\n  <div class=\"ebm-raisons\">\r\n    <div class=\"ebm-raison\">\r\n      <span class=\"ebm-raison-titre\">Piscine priv\u00e9e vs. collective<\/span>\r\n      <p>Une piscine priv\u00e9e sur jardin privatif repr\u00e9sente un diff\u00e9rentiel de 40 000 \u00e0 80 000 \u20ac dans Mas Camarena par rapport \u00e0 un \u00e9quivalent en piscine collective. \u00c0 Torre en Conill, la piscine priv\u00e9e est un pr\u00e9requis \u2014 son absence p\u00e9nalise fortement le prix.<\/p>\r\n    <\/div>\r\n    <div class=\"ebm-raison\">\r\n      <span class=\"ebm-raison-titre\">\u00c9tat de r\u00e9novation<\/span>\r\n      <p>Les constructions de 1995\u20132008 ont souvent cuisines, salles de bain et installations \u00e9lectriques d'\u00e9poque. Un bien r\u00e9nov\u00e9 complet se valorise 15 \u00e0 25 % au-dessus d'un \u00e9quivalent non r\u00e9nov\u00e9. Une r\u00e9novation cibl\u00e9e cuisine + SDB peut g\u00e9n\u00e9rer un retour positif avant vente.<\/p>\r\n    <\/div>\r\n    <div class=\"ebm-raison\">\r\n      <span class=\"ebm-raison-titre\">Surface de parcelle<\/span>\r\n      <p>\u00c0 Torre en Conill et Cumbres, les parcelles de plus de 1 000 m\u00b2 constituent un crit\u00e8re de diff\u00e9renciation fort. Au-del\u00e0 de 1 200 m\u00b2, la valeur du terrain devient un argument de valorisation ind\u00e9pendant du b\u00e2ti.<\/p>\r\n    <\/div>\r\n    <div class=\"ebm-raison\">\r\n      <span class=\"ebm-raison-titre\">Exposition et vue<\/span>\r\n      <p>Un bien avec vue d\u00e9gag\u00e9e sur la Sierra Calderona ou en premi\u00e8re ligne du golf Escorpi\u00f3n b\u00e9n\u00e9ficie d'une prime de 10 \u00e0 20 % par rapport \u00e0 un \u00e9quivalent en int\u00e9rieur d'\u00eelot. Ce crit\u00e8re est particuli\u00e8rement marqu\u00e9 \u00e0 Torre en Conill.<\/p>\r\n    <\/div>\r\n    <div class=\"ebm-raison\">\r\n      <span class=\"ebm-raison-titre\">Conformit\u00e9 juridique et catastrale<\/span>\r\n      <p>Une extension non d\u00e9clar\u00e9e, une terrasse couverte ou une pi\u00e8ce suppl\u00e9mentaire hors permis ampute directement la valeur. Les acheteurs accompagn\u00e9s d'un chasseur ou d'un avocat imposent syst\u00e9matiquement une r\u00e9gularisation ou une d\u00e9cote. Ce point est sous-estim\u00e9 par la plupart des vendeurs.<\/p>\r\n    <\/div>\r\n    <div class=\"ebm-raison\">\r\n      <span class=\"ebm-raison-titre\">Charges de communaut\u00e9<\/span>\r\n      <p>Les charges annuelles de Torre en Conill (900 \u00e0 2 500 \u20ac selon le lot) p\u00e8sent dans le calcul de l'acheteur. Un bien avec impay\u00e9s de charges, ou dont la communaut\u00e9 a vot\u00e9 des travaux non encore financ\u00e9s, sera syst\u00e9matiquement n\u00e9goci\u00e9 \u00e0 la baisse.<\/p>\r\n    <\/div>\r\n  <\/div>\r\n\r\n  <!-- SECTION 4 -->\r\n  <div class=\"ebm-sep\" id=\"erreurs\"><span>Les erreurs d'estimation<\/span><\/div>\r\n  <h3>Pourquoi l'estimation automatique par les portails est souvent inexacte \u00e0 B\u00e9tera<\/h3>\r\n\r\n  <p>Les outils d'estimation en ligne \u2014 Idealista, Fotocasa, Housell \u2014 calculent une valeur \u00e0 partir des annonces actives sur leur portail. Cette donn\u00e9e est structurellement biais\u00e9e \u00e0 B\u00e9tera pour plusieurs raisons que vous devez conna\u00eetre avant d'engager une mise en vente.<\/p>\r\n\r\n  <ul>\r\n    <li><strong>Les annonces actives ne sont pas des transactions sign\u00e9es.<\/strong> Un bien affich\u00e9 \u00e0 650 000 \u20ac depuis 8 mois n'a pas \u00e9t\u00e9 vendu \u00e0 ce prix. Les portails mesurent ce que les vendeurs demandent, pas ce que les acheteurs paient. \u00c0 B\u00e9tera, l'\u00e9cart entre prix affich\u00e9 et prix sign\u00e9 est souvent de 5 \u00e0 12 %.<\/li>\r\n    <li><strong>La moyenne communale int\u00e8gre des biens tr\u00e8s h\u00e9t\u00e9rog\u00e8nes.<\/strong> M\u00e9langer des fincas rurales \u00e0 1 400 \u20ac \/m\u00b2 et des villas de Torre en Conill \u00e0 3 000 \u20ac \/m\u00b2 produit une moyenne qui ne correspond \u00e0 aucune r\u00e9alit\u00e9 de march\u00e9 pr\u00e9cise.<\/li>\r\n    <li><strong>Les portails ne mesurent pas la conformit\u00e9 juridique.<\/strong> Deux maisons de 250 m\u00b2 dans Mas Camarena : l'une conforme, l'autre avec 40 m\u00b2 non d\u00e9clar\u00e9s. Les outils automatiques leur attribuent la m\u00eame valeur. Ce n'est pas ce qui se passe \u00e0 la signature.<\/li>\r\n    <li><strong>Le d\u00e9lai de vente est un signal que les portails ignorent.<\/strong> Un bien qui reste affich\u00e9 plusieurs mois est soit surestim\u00e9, soit pr\u00e9sentant un probl\u00e8me. Les outils incluent ces biens dans leurs calculs \u2014 ce qui surestime m\u00e9caniquement le march\u00e9.<\/li>\r\n    <li><strong>L'effet \u0153uvre nouvelle fausse la lecture.<\/strong> Les prix de Habitat Mas Camarena neuf (3 300 \u20ac \/m\u00b2) sont sur les portails au m\u00eame titre que les reventes de 1998. Un outil qui les moyenne produit un chiffre sans signification pratique pour votre bien.<\/li>\r\n  <\/ul>\r\n\r\n  <div class=\"ebm-note\">\r\n    <p><strong>En pratique :<\/strong> nous avons accompagn\u00e9 des vendeurs \u00e0 B\u00e9tera qui avaient surestim\u00e9 leur bien de 15 \u00e0 20 % apr\u00e8s consultation d'un outil en ligne, bloqu\u00e9 leur vente 6 \u00e0 9 mois, puis accept\u00e9 un prix inf\u00e9rieur \u00e0 ce qu'ils auraient obtenu avec un positionnement correct d\u00e8s le d\u00e9part. Une estimation r\u00e9aliste au d\u00e9part g\u00e9n\u00e8re presque toujours un meilleur r\u00e9sultat final.<\/p>\r\n  <\/div>\r\n\r\n  <!-- CTA INLINE 2 -->\r\n  <div class=\"ebm-cta-inline\">\r\n    <div class=\"ebm-cta-inline-text\">\r\n      <strong>Obtenez une estimation bas\u00e9e sur le march\u00e9 r\u00e9el<\/strong>\r\n      <p>Pas un outil automatique. Une analyse men\u00e9e par un professionnel qui travaille ce march\u00e9 au quotidien.<\/p>\r\n    <\/div>\r\n    <a href=\"https:\/\/form.fillout.com\/t\/wWniPmTrvKus\" class=\"ebm-cta-inline-btn\" target=\"_blank\" rel=\"noopener\">Estimez votre bien gratuitement<\/a>\r\n  <\/div>\r\nVous pouvez \u00e9galement d\u00e9poser directement votre bien aupr\u00e8s de notre agence Melya Group, bas\u00e9e \u00e0 Moncada : <a href=\"https:\/\/www.melyagroup.com\/fr\/vendre-votre-bien\" target=\"_blank\" rel=\"noopener\"><strong>confier la vente de votre bien \u00e0 Melya Group<\/strong><\/a>.\r\n  <!-- SECTION 5 -->\r\n  <div class=\"ebm-sep\" id=\"vendre-vite\"><span>Vendre au bon prix<\/span><\/div>\r\n  <h3>Comment positionner votre bien \u00e0 B\u00e9tera pour vendre dans les meilleures conditions<\/h3>\r\n\r\n  <p>Un bien bien positionn\u00e9 \u00e0 B\u00e9tera en 2026 se vend en 3 \u00e0 6 semaines. Un bien surestim\u00e9 de 10 % peut rester 4 \u00e0 8 mois sur le march\u00e9 \u2014 avec le risque de perdre les acheteurs les plus qualifi\u00e9s, qui passent \u00e0 autre chose, et d'accumuler une dur\u00e9e d'affichage qui force la n\u00e9gociation \u00e0 la baisse.<\/p>\r\n\r\n  <ul>\r\n    <li><strong>Anticiper les v\u00e9rifications juridiques avant la mise en vente.<\/strong> Les acheteurs accompagn\u00e9s d'un chasseur ou d'un avocat font syst\u00e9matiquement v\u00e9rifier la situation catastrale et urbanistique. Si votre bien comporte des extensions non d\u00e9clar\u00e9es, mieux vaut les traiter avant de publier \u2014 ou les d\u00e9clarer et int\u00e9grer leur impact dans le prix d'entr\u00e9e.<\/li>\r\n    <li><strong>Fixer un prix d'entr\u00e9e coh\u00e9rent avec les transactions r\u00e9centes, pas avec les annonces actives.<\/strong> Les ventes sign\u00e9es dans votre secteur au cours des 12 derniers mois sont la r\u00e9f\u00e9rence pertinente. Nous y avons acc\u00e8s via les registres et notre r\u00e9seau direct.<\/li>\r\n    <li><strong>Pr\u00e9voir les diagnostics obligatoires.<\/strong> En Espagne, la vente d'un bien exige un certificat d'efficacit\u00e9 \u00e9nerg\u00e9tique (CEE). Ces documents doivent \u00eatre disponibles avant la premi\u00e8re visite s\u00e9rieuse.<\/li>\r\n    <li><strong>Soigner la pr\u00e9sentation pour les acheteurs francophones.<\/strong> Une part croissante des acheteurs actifs \u00e0 B\u00e9tera sont fran\u00e7ais, belges ou suisses. Des photos de qualit\u00e9 et un descriptif disponible en fran\u00e7ais font une diff\u00e9rence concr\u00e8te sur le d\u00e9lai de vente.<\/li>\r\n    <li><strong>Ne pas confondre prix affich\u00e9 et prix net vendeur.<\/strong> En Espagne, les honoraires d'agence sont g\u00e9n\u00e9ralement \u00e0 la charge du vendeur. Anticipez ce co\u00fbt dans votre calcul pour \u00e9viter les mauvaises surprises en fin de transaction.<\/li>\r\n  <\/ul>\r\n\r\n  <p>Notre article sur <a href=\"https:\/\/elegancebymelya.com\/vendre-bien-immobilier-valencia-2026\/\" target=\"_blank\" rel=\"noopener\"><strong>comment vendre un bien immobilier \u00e0 Valencia en 2026<\/strong><\/a> d\u00e9taille les \u00e9tapes compl\u00e8tes du processus de vente en Espagne \u2014 de la pr\u00e9paration du dossier jusqu'\u00e0 la signature chez le notaire.<\/p>\r\n\r\n  <p>Si votre vente d\u00e9bouche sur un achat en parall\u00e8le \u00e0 B\u00e9tera ou dans le Camp de T\u00faria, notre <a href=\"https:\/\/elegancebymelya.com\/localisation\/immobilier-betera-valence\/\" target=\"_blank\" rel=\"noopener\"><strong>guide acheteur B\u00e9tera 2026<\/strong><\/a> et notre <a href=\"https:\/\/elegancebymelya.com\/acheter-un-bien-immobilier-en-espagne\/\" target=\"_blank\" rel=\"noopener\"><strong>accompagnement juridique pour l'achat en Espagne<\/strong><\/a> couvrent chaque \u00e9tape c\u00f4t\u00e9 acqu\u00e9reur.<\/p>\r\n\r\n  <!-- SECTION 6 -->\r\n  <div class=\"ebm-sep\" id=\"estimation\"><span>Obtenir une estimation<\/span><\/div>\r\n  <h3>Comment obtenir une estimation fiable de votre maison \u00e0 B\u00e9tera<\/h3>\r\n\r\n  <p>Une estimation fiable repose sur trois \u00e9l\u00e9ments que les outils automatiques ne peuvent pas fournir : la connaissance des transactions r\u00e9centes dans votre secteur pr\u00e9cis, la visite physique du bien, et l'\u00e9valuation des crit\u00e8res qui jouent positivement ou n\u00e9gativement sur votre cas sp\u00e9cifique.<\/p>\r\n\r\n  <p>\u00c9l\u00e9gance by Melya est bas\u00e9e \u00e0 Moncada, \u00e0 10 minutes de B\u00e9tera. Nous intervenons r\u00e9guli\u00e8rement sur ce march\u00e9 \u2014 c\u00f4t\u00e9 acheteurs que nous accompagnons, ce qui nous donne une vision directe des prix auxquels les transactions se concluent r\u00e9ellement. Notre estimation vendeur s'appuie sur :<\/p>\r\n\r\n  <ul>\r\n    <li>L'analyse des transactions r\u00e9centes dans votre urbanisation et dans les secteurs comparables<\/li>\r\n    <li>La visite ou l'inspection d\u00e9taill\u00e9e du bien, incluant les crit\u00e8res de valeur et les points de vigilance<\/li>\r\n    <li>La v\u00e9rification de la situation catastrale et des charges de communaut\u00e9<\/li>\r\n    <li>Un positionnement prix argument\u00e9, avec une fourchette r\u00e9aliste basse et haute selon les conditions de mise en march\u00e9<\/li>\r\n  <\/ul>\r\n\r\n  <p>Cette estimation est gratuite et sans engagement de mandat. Si vous souhaitez aller plus loin et confier la vente, nous vous pr\u00e9sentons notre approche et nos conditions \u00e0 ce moment-l\u00e0 \u2014 pas avant.<\/p>\r\n\r\n  <div class=\"ebm-highlight\">\r\n    <p>Vous envisagez de vendre et d'acheter simultan\u00e9ment ? Plusieurs de nos clients \u00e0 B\u00e9tera vendent pour se repositionner sur la Costa Blanca ou pour un projet retour en France. Notre <a href=\"https:\/\/elegancebymelya.com\/chasseur-immobilier-espagne\/\" target=\"_blank\" rel=\"noopener\"><strong>service de chasseur immobilier<\/strong><\/a> peut accompagner les deux projets en parall\u00e8le. Si des travaux sont envisag\u00e9s avant la vente pour valoriser le bien, notre <a href=\"https:\/\/elegancebymelya.com\/prix-travaux-espagne-2026\/\" target=\"_blank\" rel=\"noopener\"><strong>guide des prix de travaux en Espagne<\/strong><\/a> donne les ordres de grandeur utiles pour d\u00e9cider. Et pour comprendre pourquoi votre bien attire des acheteurs fran\u00e7ais, belges et suisses, notre article sur <a href=\"https:\/\/elegancebymelya.com\/pourquoi-francophones-achetent-communaute-valencienne\/\" target=\"_blank\" rel=\"noopener\"><strong>pourquoi les francophones ach\u00e8tent en Communaut\u00e9 Valencienne<\/strong><\/a> \u00e9claire la dynamique de demande qui soutient les prix \u00e0 B\u00e9tera.<\/p>\r\n  <\/div>\r\n\r\n  <!-- CTA FINAL -->\r\n  <div class=\"ebm-cta\">\r\n    <span class=\"ebm-cta-eyebrow\">\u00c9l\u00e9gance by Melya \u2014 Estimation vendeur B\u00e9tera<\/span>\r\n    <h4>Conna\u00eetre la valeur r\u00e9elle de votre maison \u00e0 B\u00e9tera<\/h4>\r\n    <p style=\"color:#e0ddd8 !important;\">Estimation gratuite, sans engagement. Bas\u00e9e sur les transactions r\u00e9elles de votre secteur \u2014 pas sur une moyenne de portail. Nous sommes \u00e0 10 minutes de B\u00e9tera.<\/p>\r\n    <a href=\"https:\/\/form.fillout.com\/t\/wWniPmTrvKus\" class=\"ebm-cta-btn\" target=\"_blank\" rel=\"noopener\">Estimez votre bien gratuitement<\/a>\r\n  <\/div>\r\n\r\n<\/div>\t\t\t\t<\/div>\n\t\t\t\t<\/div>\n\t\t\t\t<div class=\"elementor-element elementor-element-a2129d9 elementor-widget elementor-widget-html\" data-id=\"a2129d9\" data-element_type=\"widget\" data-e-type=\"widget\" data-widget_type=\"html.default\">\n\t\t\t\t<div class=\"elementor-widget-container\">\n\t\t\t\t\t<!-- ===== FAQ \u2014 Combien vaut votre maison \u00e0 Moncada en 2026 ? ===== -->\r\n\r\n<style>\r\n  .faq-ebm details {\r\n    border: 1px solid #e0ddd8;\r\n    border-left: 3px solid #C74A06;\r\n    padding: 16px 20px;\r\n    margin: 12px 0;\r\n    background: #fff;\r\n  }\r\n  .faq-ebm summary {\r\n    cursor: pointer;\r\n    list-style: none;\r\n    font-family: \"Playfair Display\", \"Cormorant Garamond\", serif;\r\n    font-size: 1.05rem;\r\n    font-weight: 600;\r\n    color: #1a1a1a;\r\n    line-height: 1.4;\r\n  }\r\n  .faq-ebm summary::-webkit-details-marker { display: none; }\r\n  .faq-ebm summary::after {\r\n    content: \"\uff0b\";\r\n    float: right;\r\n    font-family: \"Montserrat\", sans-serif;\r\n    font-weight: 400;\r\n    font-size: 1.1rem;\r\n    color: #C74A06;\r\n    transition: transform .2s ease;\r\n  }\r\n  .faq-ebm details[open] summary::after { content: \"\u2013\"; }\r\n  .faq-ebm details[open] {\r\n    border-left-color: #1a1a1a;\r\n    background: #fafaf9;\r\n  }\r\n  .faq-ebm .answer {\r\n    margin-top: 14px;\r\n    color: #2a2a2a;\r\n    font-size: 0.97rem;\r\n    line-height: 1.85;\r\n    font-family: \"Montserrat\", sans-serif;\r\n  }\r\n  .faq-ebm a {\r\n    color: #C74A06;\r\n    font-weight: 600;\r\n    text-decoration: none;\r\n    border-bottom: 1px solid rgba(199,74,6,0.25);\r\n    transition: all .2s ease;\r\n  }\r\n  .faq-ebm a:hover {\r\n    border-bottom-color: #C74A06;\r\n  }\r\n\r\n  \/* S\u00e9parateur titre FAQ dans le style V4 *\/\r\n  .faq-ebm-titre {\r\n    display: flex;\r\n    align-items: center;\r\n    gap: 20px;\r\n    margin: 52px 0 28px 0;\r\n  }\r\n  .faq-ebm-titre::before,\r\n  .faq-ebm-titre::after {\r\n    content: \"\";\r\n    flex: 1;\r\n    height: 1px;\r\n    background: #1a1a1a;\r\n  }\r\n  .faq-ebm-titre span {\r\n    font-size: 9px;\r\n    font-weight: 700;\r\n    letter-spacing: 0.22em;\r\n    text-transform: uppercase;\r\n    color: #1a1a1a;\r\n    white-space: nowrap;\r\n    font-family: \"Montserrat\", sans-serif;\r\n  }\r\n<\/style>\r\n\r\n<div class=\"faq-ebm-titre\"><span>Combien vaut votre maison \u00e0 B\u00e9tera en 2026 ?<\/span><\/div>\r\n\r\n\t\t\t\t<\/div>\n\t\t\t\t<\/div>\n\t\t\t\t<div class=\"elementor-element elementor-element-8ac094b elementor-widget elementor-widget-eael-adv-accordion\" data-id=\"8ac094b\" data-element_type=\"widget\" data-e-type=\"widget\" data-widget_type=\"eael-adv-accordion.default\">\n\t\t\t\t<div class=\"elementor-widget-container\">\n\t\t\t\t\t            <div class=\"eael-adv-accordion\" id=\"eael-adv-accordion-8ac094b\" data-scroll-on-click=\"no\" data-scroll-speed=\"300\" data-accordion-id=\"8ac094b\" data-accordion-type=\"accordion\" data-toogle-speed=\"300\">\n            <div class=\"eael-accordion-list\">\n\t\t\t\t\t<div id=\"1-quel-est-le-prix-au-m-btera-en-2026-\" class=\"elementor-tab-title eael-accordion-header\" tabindex=\"0\" data-tab=\"1\" aria-controls=\"elementor-tab-content-1451\"><span class=\"eael-advanced-accordion-icon-closed\"><svg aria-hidden=\"true\" class=\"fa-accordion-icon e-font-icon-svg e-fas-plus\" viewBox=\"0 0 448 512\" xmlns=\"http:\/\/www.w3.org\/2000\/svg\"><path d=\"M416 208H272V64c0-17.67-14.33-32-32-32h-32c-17.67 0-32 14.33-32 32v144H32c-17.67 0-32 14.33-32 32v32c0 17.67 14.33 32 32 32h144v144c0 17.67 14.33 32 32 32h32c17.67 0 32-14.33 32-32V304h144c17.67 0 32-14.33 32-32v-32c0-17.67-14.33-32-32-32z\"><\/path><\/svg><\/span><span class=\"eael-advanced-accordion-icon-opened\"><svg aria-hidden=\"true\" class=\"fa-accordion-icon e-font-icon-svg e-fas-minus\" viewBox=\"0 0 448 512\" xmlns=\"http:\/\/www.w3.org\/2000\/svg\"><path d=\"M416 208H32c-17.67 0-32 14.33-32 32v32c0 17.67 14.33 32 32 32h384c17.67 0 32-14.33 32-32v-32c0-17.67-14.33-32-32-32z\"><\/path><\/svg><\/span><span class=\"eael-accordion-tab-title\">1. Quel est le prix au m\u00b2 \u00e0 B\u00e9tera en 2026 ?<\/span><svg aria-hidden=\"true\" class=\"fa-toggle e-font-icon-svg e-fas-angle-right\" viewBox=\"0 0 256 512\" xmlns=\"http:\/\/www.w3.org\/2000\/svg\"><path d=\"M224.3 273l-136 136c-9.4 9.4-24.6 9.4-33.9 0l-22.6-22.6c-9.4-9.4-9.4-24.6 0-33.9l96.4-96.4-96.4-96.4c-9.4-9.4-9.4-24.6 0-33.9L54.3 103c9.4-9.4 24.6-9.4 33.9 0l136 136c9.5 9.4 9.5 24.6.1 34z\"><\/path><\/svg><\/div><div id=\"elementor-tab-content-1451\" class=\"eael-accordion-content clearfix\" data-tab=\"1\" aria-labelledby=\"1-quel-est-le-prix-au-m-btera-en-2026-\"><p>Le prix moyen communal est d&rsquo;environ 2 150 \u20ac \/m\u00b2, mais les \u00e9carts sont importants selon le secteur. Mas Camarena se situe entre 1 800 et 2 800 \u20ac \/m\u00b2, Torre en Conill entre 2 500 et 3 500 \u20ac \/m\u00b2 selon l&rsquo;\u00e9tat et l&rsquo;exposition. B\u00e9tera fait partie du Camp de T\u00faria, une zone r\u00e9sidentielle du nord de Valencia o\u00f9 les prix ont progress\u00e9 de plus de 16 % entre 2024 et 2025.<\/p><\/div>\n\t\t\t\t\t<\/div><div class=\"eael-accordion-list\">\n\t\t\t\t\t<div id=\"2-comment-estimer-ma-maison-btera-\" class=\"elementor-tab-title eael-accordion-header\" tabindex=\"0\" data-tab=\"2\" aria-controls=\"elementor-tab-content-1452\"><span class=\"eael-advanced-accordion-icon-closed\"><svg aria-hidden=\"true\" class=\"fa-accordion-icon e-font-icon-svg e-fas-plus\" viewBox=\"0 0 448 512\" xmlns=\"http:\/\/www.w3.org\/2000\/svg\"><path d=\"M416 208H272V64c0-17.67-14.33-32-32-32h-32c-17.67 0-32 14.33-32 32v144H32c-17.67 0-32 14.33-32 32v32c0 17.67 14.33 32 32 32h144v144c0 17.67 14.33 32 32 32h32c17.67 0 32-14.33 32-32V304h144c17.67 0 32-14.33 32-32v-32c0-17.67-14.33-32-32-32z\"><\/path><\/svg><\/span><span class=\"eael-advanced-accordion-icon-opened\"><svg aria-hidden=\"true\" class=\"fa-accordion-icon e-font-icon-svg e-fas-minus\" viewBox=\"0 0 448 512\" xmlns=\"http:\/\/www.w3.org\/2000\/svg\"><path d=\"M416 208H32c-17.67 0-32 14.33-32 32v32c0 17.67 14.33 32 32 32h384c17.67 0 32-14.33 32-32v-32c0-17.67-14.33-32-32-32z\"><\/path><\/svg><\/span><span class=\"eael-accordion-tab-title\">2. Comment estimer ma maison \u00e0 B\u00e9tera ?<\/span><svg aria-hidden=\"true\" class=\"fa-toggle e-font-icon-svg e-fas-angle-right\" viewBox=\"0 0 256 512\" xmlns=\"http:\/\/www.w3.org\/2000\/svg\"><path d=\"M224.3 273l-136 136c-9.4 9.4-24.6 9.4-33.9 0l-22.6-22.6c-9.4-9.4-9.4-24.6 0-33.9l96.4-96.4-96.4-96.4c-9.4-9.4-9.4-24.6 0-33.9L54.3 103c9.4-9.4 24.6-9.4 33.9 0l136 136c9.5 9.4 9.5 24.6.1 34z\"><\/path><\/svg><\/div><div id=\"elementor-tab-content-1452\" class=\"eael-accordion-content clearfix\" data-tab=\"2\" aria-labelledby=\"2-comment-estimer-ma-maison-btera-\"><p>Une estimation fiable n\u00e9cessite une visite physique du bien, la connaissance des transactions r\u00e9centes dans votre secteur pr\u00e9cis, et l&rsquo;\u00e9valuation des crit\u00e8res sp\u00e9cifiques : pr\u00e9sence d&rsquo;une piscine priv\u00e9e, \u00e9tat de r\u00e9novation, surface de parcelle, conformit\u00e9 catastrale, charges de communaut\u00e9. Les outils automatiques des portails produisent des r\u00e9sultats souvent inexacts \u00e0 B\u00e9tera en raison de l&rsquo;h\u00e9t\u00e9rog\u00e9n\u00e9it\u00e9 des biens dans la commune.<\/p><\/div>\n\t\t\t\t\t<\/div><div class=\"eael-accordion-list\">\n\t\t\t\t\t<div id=\"3-combien-de-temps-faut-il-pour-vendre-une-maison-btera-\" class=\"elementor-tab-title eael-accordion-header\" tabindex=\"0\" data-tab=\"3\" aria-controls=\"elementor-tab-content-1453\"><span class=\"eael-advanced-accordion-icon-closed\"><svg aria-hidden=\"true\" class=\"fa-accordion-icon e-font-icon-svg e-fas-plus\" viewBox=\"0 0 448 512\" xmlns=\"http:\/\/www.w3.org\/2000\/svg\"><path d=\"M416 208H272V64c0-17.67-14.33-32-32-32h-32c-17.67 0-32 14.33-32 32v144H32c-17.67 0-32 14.33-32 32v32c0 17.67 14.33 32 32 32h144v144c0 17.67 14.33 32 32 32h32c17.67 0 32-14.33 32-32V304h144c17.67 0 32-14.33 32-32v-32c0-17.67-14.33-32-32-32z\"><\/path><\/svg><\/span><span class=\"eael-advanced-accordion-icon-opened\"><svg aria-hidden=\"true\" class=\"fa-accordion-icon e-font-icon-svg e-fas-minus\" viewBox=\"0 0 448 512\" xmlns=\"http:\/\/www.w3.org\/2000\/svg\"><path d=\"M416 208H32c-17.67 0-32 14.33-32 32v32c0 17.67 14.33 32 32 32h384c17.67 0 32-14.33 32-32v-32c0-17.67-14.33-32-32-32z\"><\/path><\/svg><\/span><span class=\"eael-accordion-tab-title\">3. Combien de temps faut-il pour vendre une maison \u00e0 B\u00e9tera ?<\/span><svg aria-hidden=\"true\" class=\"fa-toggle e-font-icon-svg e-fas-angle-right\" viewBox=\"0 0 256 512\" xmlns=\"http:\/\/www.w3.org\/2000\/svg\"><path d=\"M224.3 273l-136 136c-9.4 9.4-24.6 9.4-33.9 0l-22.6-22.6c-9.4-9.4-9.4-24.6 0-33.9l96.4-96.4-96.4-96.4c-9.4-9.4-9.4-24.6 0-33.9L54.3 103c9.4-9.4 24.6-9.4 33.9 0l136 136c9.5 9.4 9.5 24.6.1 34z\"><\/path><\/svg><\/div><div id=\"elementor-tab-content-1453\" class=\"eael-accordion-content clearfix\" data-tab=\"3\" aria-labelledby=\"3-combien-de-temps-faut-il-pour-vendre-une-maison-btera-\"><p>Un bien correctement estim\u00e9 et bien pr\u00e9sent\u00e9 se vend en 3 \u00e0 6 semaines dans les urbanisations actives (Mas Camarena, Torre en Conill). Un bien surestim\u00e9 peut rester 4 \u00e0 8 mois sur le march\u00e9, avec un impact n\u00e9gatif sur les conditions finales de n\u00e9gociation.<\/p><\/div>\n\t\t\t\t\t<\/div><div class=\"eael-accordion-list\">\n\t\t\t\t\t<div id=\"4-quels-sont-les-critres-qui-font-le-plus-varier-le-prix-btera-\" class=\"elementor-tab-title eael-accordion-header\" tabindex=\"0\" data-tab=\"4\" aria-controls=\"elementor-tab-content-1454\"><span class=\"eael-advanced-accordion-icon-closed\"><svg aria-hidden=\"true\" class=\"fa-accordion-icon e-font-icon-svg e-fas-plus\" viewBox=\"0 0 448 512\" xmlns=\"http:\/\/www.w3.org\/2000\/svg\"><path d=\"M416 208H272V64c0-17.67-14.33-32-32-32h-32c-17.67 0-32 14.33-32 32v144H32c-17.67 0-32 14.33-32 32v32c0 17.67 14.33 32 32 32h144v144c0 17.67 14.33 32 32 32h32c17.67 0 32-14.33 32-32V304h144c17.67 0 32-14.33 32-32v-32c0-17.67-14.33-32-32-32z\"><\/path><\/svg><\/span><span class=\"eael-advanced-accordion-icon-opened\"><svg aria-hidden=\"true\" class=\"fa-accordion-icon e-font-icon-svg e-fas-minus\" viewBox=\"0 0 448 512\" xmlns=\"http:\/\/www.w3.org\/2000\/svg\"><path d=\"M416 208H32c-17.67 0-32 14.33-32 32v32c0 17.67 14.33 32 32 32h384c17.67 0 32-14.33 32-32v-32c0-17.67-14.33-32-32-32z\"><\/path><\/svg><\/span><span class=\"eael-accordion-tab-title\">4. Quels sont les crit\u00e8res qui font le plus varier le prix \u00e0 B\u00e9tera ?<\/span><svg aria-hidden=\"true\" class=\"fa-toggle e-font-icon-svg e-fas-angle-right\" viewBox=\"0 0 256 512\" xmlns=\"http:\/\/www.w3.org\/2000\/svg\"><path d=\"M224.3 273l-136 136c-9.4 9.4-24.6 9.4-33.9 0l-22.6-22.6c-9.4-9.4-9.4-24.6 0-33.9l96.4-96.4-96.4-96.4c-9.4-9.4-9.4-24.6 0-33.9L54.3 103c9.4-9.4 24.6-9.4 33.9 0l136 136c9.5 9.4 9.5 24.6.1 34z\"><\/path><\/svg><\/div><div id=\"elementor-tab-content-1454\" class=\"eael-accordion-content clearfix\" data-tab=\"4\" aria-labelledby=\"4-quels-sont-les-critres-qui-font-le-plus-varier-le-prix-btera-\"><p>Par ordre d&rsquo;impact : la pr\u00e9sence d&rsquo;une piscine priv\u00e9e (diff\u00e9rentiel de 40 000 \u00e0 80 000 \u20ac dans Mas Camarena), l&rsquo;\u00e9tat de r\u00e9novation (+15 \u00e0 25 % pour un bien r\u00e9nov\u00e9 complet), la surface de parcelle (crit\u00e8re fort au-del\u00e0 de 1 000 m\u00b2), l&rsquo;exposition (vue golf Escorpi\u00f3n ou Sierra Calderona), la conformit\u00e9 juridique et catastrale du bien, et l&rsquo;\u00e9tat des charges de communaut\u00e9.<\/p><\/div>\n\t\t\t\t\t<\/div><div class=\"eael-accordion-list\">\n\t\t\t\t\t<div id=\"5-btera-est-elle-plus-chre-que-les-communes-voisines-\" class=\"elementor-tab-title eael-accordion-header\" tabindex=\"0\" data-tab=\"5\" aria-controls=\"elementor-tab-content-1455\"><span class=\"eael-advanced-accordion-icon-closed\"><svg aria-hidden=\"true\" class=\"fa-accordion-icon e-font-icon-svg e-fas-plus\" viewBox=\"0 0 448 512\" xmlns=\"http:\/\/www.w3.org\/2000\/svg\"><path d=\"M416 208H272V64c0-17.67-14.33-32-32-32h-32c-17.67 0-32 14.33-32 32v144H32c-17.67 0-32 14.33-32 32v32c0 17.67 14.33 32 32 32h144v144c0 17.67 14.33 32 32 32h32c17.67 0 32-14.33 32-32V304h144c17.67 0 32-14.33 32-32v-32c0-17.67-14.33-32-32-32z\"><\/path><\/svg><\/span><span class=\"eael-advanced-accordion-icon-opened\"><svg aria-hidden=\"true\" class=\"fa-accordion-icon e-font-icon-svg e-fas-minus\" viewBox=\"0 0 448 512\" xmlns=\"http:\/\/www.w3.org\/2000\/svg\"><path d=\"M416 208H32c-17.67 0-32 14.33-32 32v32c0 17.67 14.33 32 32 32h384c17.67 0 32-14.33 32-32v-32c0-17.67-14.33-32-32-32z\"><\/path><\/svg><\/span><span class=\"eael-accordion-tab-title\">5. B\u00e9tera est-elle plus ch\u00e8re que les communes voisines ?<\/span><svg aria-hidden=\"true\" class=\"fa-toggle e-font-icon-svg e-fas-angle-right\" viewBox=\"0 0 256 512\" xmlns=\"http:\/\/www.w3.org\/2000\/svg\"><path d=\"M224.3 273l-136 136c-9.4 9.4-24.6 9.4-33.9 0l-22.6-22.6c-9.4-9.4-9.4-24.6 0-33.9l96.4-96.4-96.4-96.4c-9.4-9.4-9.4-24.6 0-33.9L54.3 103c9.4-9.4 24.6-9.4 33.9 0l136 136c9.5 9.4 9.5 24.6.1 34z\"><\/path><\/svg><\/div><div id=\"elementor-tab-content-1455\" class=\"eael-accordion-content clearfix\" data-tab=\"5\" aria-labelledby=\"5-btera-est-elle-plus-chre-que-les-communes-voisines-\"><p>B\u00e9tera occupe une position interm\u00e9diaire \u00e0 haute parmi les communes r\u00e9sidentielles du nord de Valencia. Rocafort (Horta Nord) est l\u00e9g\u00e8rement au-dessus en valeur m\u00e9diane (\u2248 2 625 \u20ac \/m\u00b2). Godella se situe dans une fourchette comparable (2 150 \u2014 2 500 \u20ac \/m\u00b2). Moncada reste plus accessible (1 600 \u2014 2 000 \u20ac \/m\u00b2). \u00c0 noter : B\u00e9tera est dans le Camp de T\u00faria, pas dans l&rsquo;Horta Nord \u2014 une distinction g\u00e9ographique importante.<\/p><\/div>\n\t\t\t\t\t<\/div><div class=\"eael-accordion-list\">\n\t\t\t\t\t<div id=\"6-faut-il-rnover-avant-de-vendre-btera-\" class=\"elementor-tab-title eael-accordion-header\" tabindex=\"0\" data-tab=\"6\" aria-controls=\"elementor-tab-content-1456\"><span class=\"eael-advanced-accordion-icon-closed\"><svg aria-hidden=\"true\" class=\"fa-accordion-icon e-font-icon-svg e-fas-plus\" viewBox=\"0 0 448 512\" xmlns=\"http:\/\/www.w3.org\/2000\/svg\"><path d=\"M416 208H272V64c0-17.67-14.33-32-32-32h-32c-17.67 0-32 14.33-32 32v144H32c-17.67 0-32 14.33-32 32v32c0 17.67 14.33 32 32 32h144v144c0 17.67 14.33 32 32 32h32c17.67 0 32-14.33 32-32V304h144c17.67 0 32-14.33 32-32v-32c0-17.67-14.33-32-32-32z\"><\/path><\/svg><\/span><span class=\"eael-advanced-accordion-icon-opened\"><svg aria-hidden=\"true\" class=\"fa-accordion-icon e-font-icon-svg e-fas-minus\" viewBox=\"0 0 448 512\" xmlns=\"http:\/\/www.w3.org\/2000\/svg\"><path d=\"M416 208H32c-17.67 0-32 14.33-32 32v32c0 17.67 14.33 32 32 32h384c17.67 0 32-14.33 32-32v-32c0-17.67-14.33-32-32-32z\"><\/path><\/svg><\/span><span class=\"eael-accordion-tab-title\">6. Faut-il r\u00e9nover avant de vendre \u00e0 B\u00e9tera ?<\/span><svg aria-hidden=\"true\" class=\"fa-toggle e-font-icon-svg e-fas-angle-right\" viewBox=\"0 0 256 512\" xmlns=\"http:\/\/www.w3.org\/2000\/svg\"><path d=\"M224.3 273l-136 136c-9.4 9.4-24.6 9.4-33.9 0l-22.6-22.6c-9.4-9.4-9.4-24.6 0-33.9l96.4-96.4-96.4-96.4c-9.4-9.4-9.4-24.6 0-33.9L54.3 103c9.4-9.4 24.6-9.4 33.9 0l136 136c9.5 9.4 9.5 24.6.1 34z\"><\/path><\/svg><\/div><div id=\"elementor-tab-content-1456\" class=\"eael-accordion-content clearfix\" data-tab=\"6\" aria-labelledby=\"6-faut-il-rnover-avant-de-vendre-btera-\"><p>Pas syst\u00e9matiquement. Tout d\u00e9pend de l&rsquo;ampleur des travaux et de la fourchette de prix vis\u00e9e. Une r\u00e9novation cibl\u00e9e cuisine + salle de bain peut g\u00e9n\u00e9rer un retour positif avant vente. Une r\u00e9novation structurelle compl\u00e8te rentabilise rarement dans un d\u00e9lai court. L&rsquo;estimation pr\u00e9alable permet de trancher sur la base de chiffres r\u00e9els.<\/p><\/div>\n\t\t\t\t\t<\/div><\/div>\t\t\t\t<\/div>\n\t\t\t\t<\/div>\n\t\t\t\t\t<\/div>\n\t\t\t\t<\/div>\n\t\t\t\t<\/div>\n\t\t","protected":false},"excerpt":{"rendered":"<p>Le march\u00e9 immobilier de B\u00e9tera poursuit sa progression en 2026, port\u00e9 par une demande soutenue pour les maisons familiales, les villas avec piscine et les propri\u00e9t\u00e9s situ\u00e9es dans des secteurs recherch\u00e9s comme Torre en Conill, Mas Camarena ou Cumbres de San Antonio. Mais combien vaut r\u00e9ellement votre maison aujourd&rsquo;hui ? Prix au m\u00b2, facteurs qui influencent la valeur d&rsquo;un bien, erreurs \u00e0 \u00e9viter et estimation r\u00e9aliste : d\u00e9couvrez ce qu&rsquo;il faut savoir avant de vendre \u00e0 B\u00e9tera.<\/p>","protected":false},"author":1,"featured_media":8582,"comment_status":"closed","ping_status":"closed","sticky":false,"template":"","format":"standard","meta":{"site-sidebar-layout":"default","site-content-layout":"","ast-site-content-layout":"default","site-content-style":"default","site-sidebar-style":"default","ast-global-header-display":"","ast-banner-title-visibility":"","ast-main-header-display":"","ast-hfb-above-header-display":"","ast-hfb-below-header-display":"","ast-hfb-mobile-header-display":"","site-post-title":"","ast-breadcrumbs-content":"","ast-featured-img":"","footer-sml-layout":"","ast-disable-related-posts":"","theme-transparent-header-meta":"","adv-header-id-meta":"","stick-header-meta":"","header-above-stick-meta":"","header-main-stick-meta":"","header-below-stick-meta":"","astra-migrate-meta-layouts":"default","ast-page-background-enabled":"default","ast-page-background-meta":{"desktop":{"background-color":"var(--ast-global-color-4)","background-image":"","background-repeat":"repeat","background-position":"center center","background-size":"auto","background-attachment":"scroll","background-type":"","background-media":"","overlay-type":"","overlay-color":"","overlay-opacity":"","overlay-gradient":""},"tablet":{"background-color":"","background-image":"","background-repeat":"repeat","background-position":"center center","background-size":"auto","background-attachment":"scroll","background-type":"","background-media":"","overlay-type":"","overlay-color":"","overlay-opacity":"","overlay-gradient":""},"mobile":{"background-color":"","background-image":"","background-repeat":"repeat","background-position":"center center","background-size":"auto","background-attachment":"scroll","background-type":"","background-media":"","overlay-type":"","overlay-color":"","overlay-opacity":"","overlay-gradient":""}},"ast-content-background-meta":{"desktop":{"background-color":"var(--ast-global-color-5)","background-image":"","background-repeat":"repeat","background-position":"center center","background-size":"auto","background-attachment":"scroll","background-type":"","background-media":"","overlay-type":"","overlay-color":"","overlay-opacity":"","overlay-gradient":""},"tablet":{"background-color":"var(--ast-global-color-5)","background-image":"","background-repeat":"repeat","background-position":"center center","background-size":"auto","background-attachment":"scroll","background-type":"","background-media":"","overlay-type":"","overlay-color":"","overlay-opacity":"","overlay-gradient":""},"mobile":{"background-color":"var(--ast-global-color-5)","background-image":"","background-repeat":"repeat","background-position":"center center","background-size":"auto","background-attachment":"scroll","background-type":"","background-media":"","overlay-type":"","overlay-color":"","overlay-opacity":"","overlay-gradient":""}},"footnotes":"","_wpscppro_dont_share_socialmedia":false,"_wpscppro_custom_social_share_image":0,"_facebook_share_type":"default","_twitter_share_type":"default","_linkedin_share_type":"default","_pinterest_share_type":"default","_linkedin_share_type_page":"","_instagram_share_type":"default","_medium_share_type":"default","_threads_share_type":"default","_google_business_share_type":"default","_selected_social_profile":[],"_wpsp_enable_custom_social_template":false,"_wpsp_social_scheduling":{"enabled":true,"datetime":"2026-07-06 08:37:00","platforms":[],"status":"pending_publication","dateOption":"today","timeOption":"now","customDays":"","customHours":"","customDate":"","customTime":"","schedulingType":"absolute"},"_wpsp_active_default_template":true},"categories":[1],"tags":[277,270,276,273,271,274,272],"class_list":["post-8574","post","type-post","status-publish","format-standard","has-post-thumbnail","hentry","category-conseils-achat-immobilier-espagne","tag-camp-de-turia-vendeur","tag-estimation-immobiliere-betera","tag-immobilier-betera-2026","tag-mas-camarena-estimation","tag-prix-immobilier-betera-2026","tag-torre-en-conill-prix","tag-vendre-maison-betera"],"_links":{"self":[{"href":"https:\/\/elegancebymelya.com\/es\/wp-json\/wp\/v2\/posts\/8574","targetHints":{"allow":["GET"]}}],"collection":[{"href":"https:\/\/elegancebymelya.com\/es\/wp-json\/wp\/v2\/posts"}],"about":[{"href":"https:\/\/elegancebymelya.com\/es\/wp-json\/wp\/v2\/types\/post"}],"author":[{"embeddable":true,"href":"https:\/\/elegancebymelya.com\/es\/wp-json\/wp\/v2\/users\/1"}],"replies":[{"embeddable":true,"href":"https:\/\/elegancebymelya.com\/es\/wp-json\/wp\/v2\/comments?post=8574"}],"version-history":[{"count":14,"href":"https:\/\/elegancebymelya.com\/es\/wp-json\/wp\/v2\/posts\/8574\/revisions"}],"predecessor-version":[{"id":8590,"href":"https:\/\/elegancebymelya.com\/es\/wp-json\/wp\/v2\/posts\/8574\/revisions\/8590"}],"wp:featuredmedia":[{"embeddable":true,"href":"https:\/\/elegancebymelya.com\/es\/wp-json\/wp\/v2\/media\/8582"}],"wp:attachment":[{"href":"https:\/\/elegancebymelya.com\/es\/wp-json\/wp\/v2\/media?parent=8574"}],"wp:term":[{"taxonomy":"category","embeddable":true,"href":"https:\/\/elegancebymelya.com\/es\/wp-json\/wp\/v2\/categories?post=8574"},{"taxonomy":"post_tag","embeddable":true,"href":"https:\/\/elegancebymelya.com\/es\/wp-json\/wp\/v2\/tags?post=8574"}],"curies":[{"name":"wp","href":"https:\/\/api.w.org\/{rel}","templated":true}]}}