{"id":8467,"date":"2026-06-24T09:35:16","date_gmt":"2026-06-24T09:35:16","guid":{"rendered":"https:\/\/elegancebymelya.com\/?p=8467"},"modified":"2026-06-23T16:45:11","modified_gmt":"2026-06-23T16:45:11","slug":"prix-immobilier-moncada-2026","status":"publish","type":"post","link":"https:\/\/elegancebymelya.com\/es\/prix-immobilier-moncada-2026\/","title":{"rendered":"Combien vaut votre maison \u00e0 Moncada en 2026 ?"},"content":{"rendered":"\t\t<div data-elementor-type=\"wp-post\" data-elementor-id=\"8467\" class=\"elementor elementor-8467\" data-elementor-post-type=\"post\">\n\t\t\t\t<div class=\"elementor-element elementor-element-c23b9db e-flex e-con-boxed e-con e-parent\" data-id=\"c23b9db\" data-element_type=\"container\" data-e-type=\"container\">\n\t\t\t\t\t<div class=\"e-con-inner\">\n\t\t\t\t<div class=\"elementor-element elementor-element-74203c2 elementor-widget elementor-widget-html\" data-id=\"74203c2\" data-element_type=\"widget\" data-e-type=\"widget\" data-widget_type=\"html.default\">\n\t\t\t\t<div class=\"elementor-widget-container\">\n\t\t\t\t\t<!DOCTYPE html>\r\n<html lang=\"fr\">\r\n<head>\r\n<meta charset=\"UTF-8\">\r\n<meta name=\"viewport\" content=\"width=device-width, initial-scale=1.0\">\r\n<title>Combien vaut votre maison \u00e0 Moncada en 2026 ? | \u00c9l\u00e9gance Inmobiliaria<\/title>\r\n<meta name=\"description\" content=\"Prix immobilier Moncada 2026 : estimation maison, appartement, villa. Analyse du march\u00e9 Horta Nord par secteur, type de bien et crit\u00e8res de valorisation.\">\r\n<link href=\"https:\/\/fonts.googleapis.com\/css2?family=Playfair+Display:ital,wght@0,400;0,500;1,400&family=Montserrat:wght@300;400;500;700&display=swap\" rel=\"stylesheet\">\r\n\r\n<style>\r\n.ebm-article {\r\n  max-width: 740px;\r\n  margin: 0 auto;\r\n  color: #1a1a1a;\r\n  font-family: \"Montserrat\", sans-serif;\r\n  font-size: 1.05rem;\r\n  line-height: 1.9;\r\n}\r\n.ebm-article p { margin-bottom: 24px; }\r\n.ebm-article ul {\r\n  padding-left: 0;\r\n  list-style: none;\r\n  margin-bottom: 28px;\r\n}\r\n.ebm-article ul li {\r\n  padding: 8px 0 8px 20px;\r\n  position: relative;\r\n  font-size: 1rem;\r\n  color: #2a2a2a;\r\n  border-bottom: 1px solid #f0eeeb;\r\n  line-height: 1.7;\r\n}\r\n.ebm-article ul li::before {\r\n  content: \"\u2014\";\r\n  position: absolute;\r\n  left: 0;\r\n  color: #C74A06;\r\n  font-weight: 700;\r\n}\r\n.ebm-article a {\r\n  color: #C74A06;\r\n  text-decoration: none;\r\n  border-bottom: 1px solid rgba(199,74,6,0.25);\r\n  transition: border-color 0.2s;\r\n}\r\n.ebm-article a:hover { border-color: #C74A06; }\r\n\r\n.ebm-titre {\r\n  text-align: center;\r\n  margin-bottom: 40px;\r\n}\r\n.ebm-titre .eyebrow {\r\n  display: block;\r\n  font-size: 10px;\r\n  font-weight: 700;\r\n  letter-spacing: 0.2em;\r\n  text-transform: uppercase;\r\n  color: #C74A06;\r\n  margin-bottom: 14px;\r\n}\r\n.ebm-titre h1 {\r\n  font-family: \"Playfair Display\", serif;\r\n  font-size: 2.2rem;\r\n  font-weight: 500;\r\n  color: #1a1a1a;\r\n  line-height: 1.25;\r\n  margin: 0 0 14px 0;\r\n  letter-spacing: -0.3px;\r\n}\r\n.ebm-titre .sous-titre {\r\n  font-size: 0.9rem;\r\n  color: #888;\r\n  letter-spacing: 0.08em;\r\n  text-transform: uppercase;\r\n}\r\n\r\n.ebm-sommaire {\r\n  margin: 0 0 48px 0;\r\n  padding: 20px 24px;\r\n  border-top: 1px solid #1a1a1a;\r\n  border-bottom: 1px solid #1a1a1a;\r\n}\r\n.ebm-sommaire-label {\r\n  font-size: 9px;\r\n  font-weight: 700;\r\n  letter-spacing: 0.2em;\r\n  text-transform: uppercase;\r\n  color: #999;\r\n  display: block;\r\n  margin-bottom: 10px;\r\n}\r\n.ebm-sommaire-liens {\r\n  display: flex;\r\n  flex-wrap: wrap;\r\n  gap: 6px 0;\r\n}\r\n.ebm-sommaire-liens a {\r\n  font-size: 0.82rem;\r\n  color: #1a1a1a;\r\n  border-bottom: none;\r\n  padding-right: 16px;\r\n  white-space: nowrap;\r\n}\r\n.ebm-sommaire-liens a::after {\r\n  content: \"\u00b7\";\r\n  padding-left: 16px;\r\n  color: #ccc;\r\n}\r\n.ebm-sommaire-liens a:last-child::after { content: \"\"; }\r\n.ebm-sommaire-liens a:hover { color: #C74A06; }\r\n\r\n.ebm-sep {\r\n  display: flex;\r\n  align-items: center;\r\n  gap: 20px;\r\n  margin: 52px 0;\r\n}\r\n.ebm-sep::before,\r\n.ebm-sep::after {\r\n  content: \"\";\r\n  flex: 1;\r\n  height: 1px;\r\n  background: #1a1a1a;\r\n}\r\n.ebm-sep span {\r\n  font-size: 9px;\r\n  font-weight: 700;\r\n  letter-spacing: 0.22em;\r\n  text-transform: uppercase;\r\n  color: #1a1a1a;\r\n  white-space: nowrap;\r\n  font-family: \"Montserrat\", sans-serif;\r\n}\r\n\r\n.ebm-article h3 {\r\n  font-family: \"Playfair Display\", serif;\r\n  font-size: 1.5rem;\r\n  font-weight: 500;\r\n  color: #1a1a1a;\r\n  margin: 0 0 20px 0;\r\n  line-height: 1.35;\r\n  letter-spacing: -0.2px;\r\n}\r\n\r\n.ebm-note {\r\n  margin: 32px 0;\r\n  padding: 20px 24px;\r\n  border-left: 2px solid #C74A06;\r\n  background: #fafaf9;\r\n}\r\n.ebm-note p {\r\n  margin: 0;\r\n  font-size: 0.97rem;\r\n  color: #2a2a2a;\r\n  line-height: 1.8;\r\n  font-style: italic;\r\n}\r\n.ebm-note strong { color: #C74A06; font-style: normal; }\r\n\r\n.ebm-highlight {\r\n  background: #fafaf9;\r\n  border-left: 2px solid #C74A06;\r\n  padding: 18px 22px;\r\n  margin: 30px 0;\r\n}\r\n.ebm-highlight p {\r\n  margin: 0;\r\n  font-size: 0.97rem;\r\n  color: #2a2a2a;\r\n  line-height: 1.8;\r\n  font-style: italic;\r\n}\r\n\r\n\/* TABLEAU *\/\r\n.ebm-tableau {\r\n  margin: 32px 0;\r\n  border: 1px solid #1a1a1a;\r\n  overflow: hidden;\r\n}\r\n.ebm-tableau-header {\r\n  background: #1a1a1a;\r\n  display: grid;\r\n  grid-template-columns: 2fr 1fr 1fr;\r\n}\r\n.ebm-tableau-header span {\r\n  padding: 12px 16px;\r\n  font-size: 9px;\r\n  font-weight: 700;\r\n  letter-spacing: 0.18em;\r\n  text-transform: uppercase;\r\n  color: #fff;\r\n  border-right: 1px solid rgba(255,255,255,0.1);\r\n}\r\n.ebm-tableau-header span:last-child { border-right: none; }\r\n.ebm-tableau-row {\r\n  display: grid;\r\n  grid-template-columns: 2fr 1fr 1fr;\r\n  border-bottom: 1px solid #e8e4de;\r\n}\r\n.ebm-tableau-row:last-child { border-bottom: none; }\r\n.ebm-tableau-row:nth-child(even) { background: #fafaf9; }\r\n.ebm-tableau-cell {\r\n  padding: 12px 16px;\r\n  font-size: 0.88rem;\r\n  color: #2a2a2a;\r\n  border-right: 1px solid #e8e4de;\r\n  line-height: 1.5;\r\n  display: flex;\r\n  align-items: center;\r\n}\r\n.ebm-tableau-cell:last-child { border-right: none; }\r\n.ebm-tableau-cell.ok { color: #2a7a3a; font-weight: 600; }\r\n.ebm-tableau-cell.ko { color: #C74A06; font-weight: 600; }\r\n.ebm-tableau-cell.prix {\r\n  font-family: \"Playfair Display\", serif;\r\n  font-size: 1.1rem;\r\n  color: #1a1a1a;\r\n}\r\n.ebm-tableau-cell.hausse { color: #2a7a3a; font-weight: 600; font-size: 0.82rem; }\r\n.ebm-tableau-cell.stable { color: #888; font-weight: 600; font-size: 0.82rem; }\r\n\r\n\/* CHECKLIST *\/\r\n.ebm-checklist {\r\n  margin: 32px 0;\r\n  border: 1px solid #e8e4de;\r\n}\r\n.ebm-checklist-header {\r\n  background: #1a1a1a;\r\n  padding: 14px 20px;\r\n}\r\n.ebm-checklist-header span {\r\n  font-size: 9px;\r\n  font-weight: 700;\r\n  letter-spacing: 0.2em;\r\n  text-transform: uppercase;\r\n  color: #fff;\r\n}\r\n.ebm-checklist-item {\r\n  display: flex;\r\n  align-items: flex-start;\r\n  gap: 14px;\r\n  padding: 14px 20px;\r\n  border-bottom: 1px solid #e8e4de;\r\n}\r\n.ebm-checklist-item:last-child { border-bottom: none; }\r\n.ebm-checklist-icon {\r\n  width: 20px;\r\n  height: 20px;\r\n  background: #C74A06;\r\n  display: flex;\r\n  align-items: center;\r\n  justify-content: center;\r\n  flex-shrink: 0;\r\n  margin-top: 2px;\r\n}\r\n.ebm-checklist-icon span { color: #fff; font-size: 12px; font-weight: 700; }\r\n.ebm-checklist-content strong {\r\n  display: block;\r\n  font-size: 0.88rem;\r\n  font-weight: 700;\r\n  color: #1a1a1a;\r\n  margin-bottom: 4px;\r\n  text-transform: uppercase;\r\n  letter-spacing: 0.05em;\r\n}\r\n.ebm-checklist-content p {\r\n  font-size: 0.88rem;\r\n  color: #555;\r\n  margin: 0;\r\n  line-height: 1.6;\r\n}\r\n\r\n\/* CTA *\/\r\n.ebm-cta {\r\n  margin: 56px 0 0 0;\r\n  padding: 40px 36px;\r\n  background: #1a1a1a;\r\n  text-align: center;\r\n}\r\n.ebm-cta-eyebrow {\r\n  font-size: 9px;\r\n  font-weight: 700;\r\n  letter-spacing: 0.22em;\r\n  text-transform: uppercase;\r\n  color: #C74A06;\r\n  display: block;\r\n  margin-bottom: 16px;\r\n}\r\n.ebm-cta h4 {\r\n  font-family: \"Playfair Display\", serif;\r\n  font-size: 1.5rem;\r\n  font-weight: 500;\r\n  color: #fff;\r\n  margin: 0 0 14px 0;\r\n  line-height: 1.35;\r\n}\r\n.ebm-cta p {\r\n  font-size: 0.9rem;\r\n  color: #e0ddd8 !important;\r\n  margin: 0 0 28px 0;\r\n  line-height: 1.7;\r\n}\r\n.ebm-cta-btn {\r\n  display: inline-block;\r\n  padding: 14px 36px;\r\n  background: #C74A06;\r\n  color: #fff !important;\r\n  text-decoration: none !important;\r\n  border: none !important;\r\n  font-size: 11px;\r\n  font-weight: 700;\r\n  letter-spacing: 0.15em;\r\n  text-transform: uppercase;\r\n  transition: background 0.2s;\r\n}\r\n.ebm-cta-btn:hover { background: #a83d05; }\r\n\r\n@media (max-width: 768px) {\r\n  .ebm-article { font-size: 1rem; }\r\n  .ebm-titre h1 { font-size: 1.7rem; }\r\n  .ebm-tableau-header { grid-template-columns: 1.5fr 1fr 1fr; }\r\n  .ebm-tableau-row { grid-template-columns: 1.5fr 1fr 1fr; }\r\n  .ebm-tableau-cell { font-size: 0.8rem; padding: 10px; }\r\n  .ebm-cta { padding: 30px 22px; }\r\n  .ebm-sommaire-liens { flex-direction: column; }\r\n  .ebm-sommaire-liens a::after { content: \"\"; }\r\n}\r\n<\/style>\r\n<\/head>\r\n<body style=\"background:#fff; padding: 60px 20px;\">\r\n\r\n<div class=\"ebm-article\">\r\n\r\n  <div class=\"ebm-titre\">\r\n    <span class=\"eyebrow\">\u00c9l\u00e9gance Inmobiliaria \u2014 March\u00e9 immobilier \u00b7 Horta Nord<\/span>\r\n    <h1>Combien vaut votre maison \u00e0 Moncada en 2026 ?<\/h1>\r\n    <span class=\"sous-titre\">Analyse de march\u00e9 \u00b7 Communaut\u00e9 Valencienne \u00b7 Mise \u00e0 jour T1 2026<\/span>\r\n  <\/div>\r\n\r\n  <nav class=\"ebm-sommaire\">\r\n    <span class=\"ebm-sommaire-label\">Dans cet article<\/span>\r\n    <div class=\"ebm-sommaire-liens\">\r\n      <a href=\"#marche\">Le march\u00e9 en 2026<\/a>\r\n      <a href=\"#prix-secteur\">Prix par secteur<\/a>\r\n      <a href=\"#prix-bien\">Prix par type de bien<\/a>\r\n      <a href=\"#facteurs\">Ce qui fait varier le prix<\/a>\r\n      <a href=\"#vendre\">Vendre en 2026<\/a>\r\n      <a href=\"#estimation\">Obtenir son estimation<\/a>\r\n    <\/div>\r\n  <\/nav>\r\n\r\n  <p>Vous \u00eates propri\u00e9taire \u00e0 Moncada et vous vous demandez ce que vaut r\u00e9ellement votre bien en ce moment ? C'est une question l\u00e9gitime \u2014 et la r\u00e9ponse est moins \u00e9vidente qu'elle n'y para\u00eet. Le <strong>prix immobilier \u00e0 Moncada<\/strong> a significativement \u00e9volu\u00e9 depuis 2023, port\u00e9 par une demande soutenue en provenance de Valencia et par la revalorisation progressive de toute la zone <strong>Horta Nord<\/strong>.<\/p>\r\n\r\n  <p>Ce que votre voisin a obtenu il y a dix-huit mois n'est plus une r\u00e9f\u00e9rence fiable. Les donn\u00e9es des portails comme <a href=\"https:\/\/www.idealista.com\/venta-viviendas\/moncada-valencia\/\" target=\"_blank\" rel=\"noopener\"><strong>Idealista<\/strong><\/a> et <a href=\"https:\/\/www.fotocasa.es\/es\/comprar\/viviendas\/moncada\/todas-las-zonas\/l\" target=\"_blank\" rel=\"noopener\"><strong>Fotocasa<\/strong><\/a> montrent une progression continue du <strong>prix au m\u00b2 \u00e0 Moncada<\/strong>, avec des \u00e9carts importants selon le type de bien, le quartier et l'\u00e9tat du logement.<\/p>\r\n\r\n  <p>Voici ce que nous observons concr\u00e8tement sur le terrain en 2026.<\/p>\r\n\r\n  <div class=\"ebm-sep\" id=\"marche\"><span>Le march\u00e9 en 2026<\/span><\/div>\r\n\r\n  <h3>Moncada en 2026 : entre pression valencienne et demande propre<\/h3>\r\n\r\n  <p>\u00c0 quinze minutes du centre de Valencia par la ligne C-5 du <strong>Cercan\u00edas<\/strong> et \u00e0 moins de 20 minutes via la <strong>CV-35<\/strong>, Moncada a longtemps \u00e9t\u00e9 per\u00e7ue comme une alternative \u00e9conomique \u00e0 la capitale. Ce positionnement a profond\u00e9ment chang\u00e9. En 2026, la commune attire une demande propre, port\u00e9e par des acheteurs qui cherchent l'espace, le calme, et un cadre de vie pr\u00e9serv\u00e9 \u2014 sans renoncer \u00e0 l'accessibilit\u00e9.<\/p>\r\n\r\n  <p>Cette dynamique s'inscrit dans un mouvement plus large qui touche l'ensemble de l'<strong>Horta Nord<\/strong> : Godella, Rocafort, Alfara del Patriarca, B\u00e9tera. Ces communes proches de Moncada connaissent elles aussi des hausses marqu\u00e9es, ce qui renforce la position de Moncada comme point d'entr\u00e9e accessible dans un secteur g\u00e9ographique tr\u00e8s demand\u00e9. La pr\u00e9sence du <strong>CEU Cardenal Herrera<\/strong> \u00e0 Alfara, tout proche, g\u00e9n\u00e8re par ailleurs une demande locative et d'achat r\u00e9guli\u00e8re dans le secteur.<\/p>\r\n\r\n  <div class=\"ebm-highlight\">\r\n    <p>Le <strong>prix m\u00e9dian au m\u00b2 \u00e0 Moncada<\/strong> se situe autour de 1 780 \u20ac en 2026, selon les annonces actives observ\u00e9es sur Idealista et Fotocasa au T1 2026. Ce chiffre cache des \u00e9carts importants : de 1 400 \u20ac pour un appartement des ann\u00e9es 1990 \u00e0 r\u00e9nover, jusqu'\u00e0 plus de 2 400 \u20ac pour une villa avec piscine en bon \u00e9tat.<\/p>\r\n  <\/div>\r\n\r\n  <p>Deux profils d'acheteurs se distinguent clairement sur le march\u00e9 de l'<strong>estimation immobili\u00e8re \u00e0 Moncada<\/strong> :<\/p>\r\n\r\n  <ul>\r\n    <li>Des familles valenciennes qui cherchent une maison individuelle avec jardin, introuvable \u00e0 ce prix dans la capitale<\/li>\r\n    <li>Des primo-acc\u00e9dants qui arbitrent entre un appartement en ville et une r\u00e9sidence plus spacieuse en p\u00e9riph\u00e9rie, notamment gr\u00e2ce \u00e0 l'accessibilit\u00e9 du <strong>Metrovalencia<\/strong> et des Cercan\u00edas<\/li>\r\n  <\/ul>\r\n\r\n  <div class=\"ebm-sep\" id=\"prix-secteur\"><span>Prix par secteur<\/span><\/div>\r\n\r\n  <h3>Prix immobilier \u00e0 Moncada par secteur : ce que montrent les donn\u00e9es 2026<\/h3>\r\n\r\n  <p>Le march\u00e9 de <strong>l'immobilier \u00e0 Moncada<\/strong> n'est pas homog\u00e8ne. L'\u00e9cart peut atteindre 30 % entre un appartement en centre historique r\u00e9nov\u00e9 et une maison de village sur les hauteurs n\u00e9cessitant des travaux. Voici les fourchettes observ\u00e9es sur les annonces actives et les transactions r\u00e9centes dans le secteur :<\/p>\r\n\r\n  <div class=\"ebm-tableau\">\r\n    <div class=\"ebm-tableau-header\">\r\n      <span>Secteur<\/span>\r\n      <span>Prix m\u00e9dian m\u00b2<\/span>\r\n      <span>Tendance<\/span>\r\n    <\/div>\r\n    <div class=\"ebm-tableau-row\">\r\n      <div class=\"ebm-tableau-cell\">Centre historique (appartements)<\/div>\r\n      <div class=\"ebm-tableau-cell prix\">1 900 \u2013 2 050 \u20ac<\/div>\r\n      <div class=\"ebm-tableau-cell hausse\">\u2191 Forte demande<\/div>\r\n    <\/div>\r\n    <div class=\"ebm-tableau-row\">\r\n      <div class=\"ebm-tableau-cell\">R\u00e9sidentiel neuf (urbanizaciones)<\/div>\r\n      <div class=\"ebm-tableau-cell prix\">2 100 \u2013 2 300 \u20ac<\/div>\r\n      <div class=\"ebm-tableau-cell hausse\">\u2191 Offre limit\u00e9e<\/div>\r\n    <\/div>\r\n    <div class=\"ebm-tableau-row\">\r\n      <div class=\"ebm-tableau-cell\">Maisons de village r\u00e9nov\u00e9es<\/div>\r\n      <div class=\"ebm-tableau-cell prix\">1 550 \u2013 1 700 \u20ac<\/div>\r\n      <div class=\"ebm-tableau-cell hausse\">\u2191 Demande croissante<\/div>\r\n    <\/div>\r\n    <div class=\"ebm-tableau-row\">\r\n      <div class=\"ebm-tableau-cell\">Villas avec piscine (p\u00e9riph\u00e9rie)<\/div>\r\n      <div class=\"ebm-tableau-cell prix\">2 200 \u2013 2 600 \u20ac<\/div>\r\n      <div class=\"ebm-tableau-cell hausse\">\u2191 Segment le + tendu<\/div>\r\n    <\/div>\r\n    <div class=\"ebm-tableau-row\">\r\n      <div class=\"ebm-tableau-cell\">Appartements ann\u00e9es 1980\u20132000<\/div>\r\n      <div class=\"ebm-tableau-cell prix\">1 400 \u2013 1 550 \u20ac<\/div>\r\n      <div class=\"ebm-tableau-cell stable\">\u2192 March\u00e9 \u00e9quilibr\u00e9<\/div>\r\n    <\/div>\r\n    <div class=\"ebm-tableau-row\">\r\n      <div class=\"ebm-tableau-cell\">Biens \u00e0 r\u00e9nover (toutes typologies)<\/div>\r\n      <div class=\"ebm-tableau-cell prix\">1 100 \u2013 1 400 \u20ac<\/div>\r\n      <div class=\"ebm-tableau-cell stable\">\u2192 Selon travaux requis<\/div>\r\n    <\/div>\r\n  <\/div>\r\n\r\n  <p>Ces fourchettes sont bas\u00e9es sur les annonces actives au T1 2026 sur les principaux portails espagnols. Elles constituent un ordre de grandeur, non une \u00e9valuation de votre bien \u2014 dont la valeur d\u00e9pend de crit\u00e8res sp\u00e9cifiques d\u00e9taill\u00e9s plus bas.<\/p>\r\n\r\n  <div class=\"ebm-sep\" id=\"prix-bien\"><span>Prix par type de bien<\/span><\/div>\r\n\r\n  <h3>Quel est le prix de votre bien \u00e0 Moncada selon sa nature ?<\/h3>\r\n\r\n  <p>Au-del\u00e0 du secteur g\u00e9ographique, c'est le type de bien qui conditionne le plus fortement le positionnement tarifaire. Voici les fourchettes que nous observons pour une <strong>estimation maison \u00e0 Moncada<\/strong> ou une <strong>estimation appartement \u00e0 Moncada<\/strong> en 2026 :<\/p>\r\n\r\n  <div class=\"ebm-checklist\">\r\n    <div class=\"ebm-checklist-header\">\r\n      <span>Fourchettes de prix par type de bien \u00e0 Moncada \u2014 T1 2026<\/span>\r\n    <\/div>\r\n\r\n    <div class=\"ebm-checklist-item\">\r\n      <div class=\"ebm-checklist-icon\"><span>\u2192<\/span><\/div>\r\n      <div class=\"ebm-checklist-content\">\r\n        <strong>Appartement sans ascenseur (\u00e9tat moyen)<\/strong>\r\n        <p>Entre 100 000 \u20ac et 145 000 \u20ac pour 80\u2013100 m\u00b2. L'absence d'ascenseur reste un frein significatif \u00e0 Moncada, notamment pour les acheteurs familiaux et les seniors. Ces biens se vendent, mais avec une d\u00e9cote de 8 \u00e0 12 % par rapport \u00e0 un \u00e9quivalent avec ascenseur.<\/p>\r\n      <\/div>\r\n    <\/div>\r\n\r\n    <div class=\"ebm-checklist-item\">\r\n      <div class=\"ebm-checklist-icon\"><span>\u2192<\/span><\/div>\r\n      <div class=\"ebm-checklist-content\">\r\n        <strong>Appartement avec ascenseur (\u00e9tat correct)<\/strong>\r\n        <p>Entre 150 000 \u20ac et 200 000 \u20ac pour 90\u2013110 m\u00b2. C'est le segment le plus liquide du march\u00e9 \u2014 d\u00e9lai de vente moyen inf\u00e9rieur \u00e0 60 jours pour un bien correctement estim\u00e9 et pr\u00e9sent\u00e9.<\/p>\r\n      <\/div>\r\n    <\/div>\r\n\r\n    <div class=\"ebm-checklist-item\">\r\n      <div class=\"ebm-checklist-icon\"><span>\u2192<\/span><\/div>\r\n      <div class=\"ebm-checklist-content\">\r\n        <strong>Appartement avec ascenseur (r\u00e9nov\u00e9, proche Cercan\u00edas)<\/strong>\r\n        <p>Entre 190 000 \u20ac et 240 000 \u20ac pour 100\u2013120 m\u00b2. La proximit\u00e9 de la gare Moncada-Alfara ou de la station <strong>Metrovalencia<\/strong> ajoute 7 \u00e0 10 % \u00e0 la valeur. La r\u00e9novation r\u00e9cente (cuisine, salle de bains, menuiseries) peut repr\u00e9senter 15 \u00e0 20 % de valorisation suppl\u00e9mentaire.<\/p>\r\n      <\/div>\r\n    <\/div>\r\n\r\n    <div class=\"ebm-checklist-item\">\r\n      <div class=\"ebm-checklist-icon\"><span>\u2192<\/span><\/div>\r\n      <div class=\"ebm-checklist-content\">\r\n        <strong>Maison de village (\u00e0 r\u00e9nover)<\/strong>\r\n        <p>Entre 130 000 \u20ac et 190 000 \u20ac selon surface et \u00e9tat. Ces biens attirent des acheteurs avec projet travaux, souvent francophones ou nord-europ\u00e9ens. Le potentiel de valorisation post-r\u00e9novation est important, mais le d\u00e9lai de vente peut \u00eatre plus long (90 \u00e0 120 jours).<\/p>\r\n      <\/div>\r\n    <\/div>\r\n\r\n    <div class=\"ebm-checklist-item\">\r\n      <div class=\"ebm-checklist-icon\"><span>\u2192<\/span><\/div>\r\n      <div class=\"ebm-checklist-content\">\r\n        <strong>Maison de village (r\u00e9nov\u00e9e, avec patio ou terrasse)<\/strong>\r\n        <p>Entre 210 000 \u20ac et 310 000 \u20ac selon la surface et la qualit\u00e9 des finitions. L'espace ext\u00e9rieur \u2014 m\u00eame un simple patio de 20 m\u00b2 \u2014 change radicalement le profil d'acheteur et le prix.<\/p>\r\n      <\/div>\r\n    <\/div>\r\n\r\n    <div class=\"ebm-checklist-item\">\r\n      <div class=\"ebm-checklist-icon\"><span>\u2192<\/span><\/div>\r\n      <div class=\"ebm-checklist-content\">\r\n        <strong>Villa avec piscine (urbanizaci\u00f3n)<\/strong>\r\n        <p>Entre 320 000 \u20ac et 550 000 \u20ac selon la surface, l'\u00e9tat et la situation. C'est le segment le plus tendu du march\u00e9 de Moncada et de la <strong>Horta Nord<\/strong> en 2026 : rares sur le march\u00e9, ces biens se vendent souvent en moins de 45 jours avec plusieurs offres concurrentes.<\/p>\r\n      <\/div>\r\n    <\/div>\r\n\r\n  <\/div>\r\n<div class=\"ebm-note\">\r\n  <p><strong>Important :<\/strong> ces fourchettes sont indicatives et bas\u00e9es sur les annonces actives au T1 2026. Elles ne constituent pas une estimation de votre bien. Deux appartements de m\u00eame surface dans le m\u00eame immeuble peuvent avoir une valeur v\u00e9nale diff\u00e9rente de 15 \u00e0 20 % selon l'\u00e9tage, l'orientation, l'\u00e9tat et l'exposition. Seule une <a href=\"https:\/\/www.melyagroup.com\/fr\/vendre-votre-bien\" target=\"_blank\" rel=\"noopener\"><strong>estimation immobili\u00e8re \u00e0 Moncada r\u00e9alis\u00e9e par un professionnel<\/strong><\/a> connaissant les transactions r\u00e9elles peut vous donner une valeur fiable.<\/p>\r\n<\/div>\r\n\r\n  <div class=\"ebm-sep\" id=\"facteurs\"><span>Ce qui fait varier le prix<\/span><\/div>\r\n\r\n  <h3>Les crit\u00e8res qui font varier la valeur de votre bien de 15 \u00e0 30 %<\/h3>\r\n\r\n  <p>Sur le march\u00e9 de <strong>l'immobilier \u00e0 Moncada Valence<\/strong>, deux biens comparables en surface peuvent afficher des \u00e9carts de prix consid\u00e9rables. Voici les quatre facteurs qui concentrent l'essentiel de cette variance :<\/p>\r\n\r\n  <ul>\r\n    <li><strong>L'accessibilit\u00e9 aux transports.<\/strong> La proximit\u00e9 de la gare Cercan\u00edas Moncada-Alfara ou d'une station Metrovalencia repr\u00e9sente une valorisation de 7 \u00e0 10 % par rapport \u00e0 un bien \u00e9quivalent plus isol\u00e9. C'est le premier crit\u00e8re des acheteurs actifs.<\/li>\r\n    <li><strong>L'orientation et la luminosit\u00e9.<\/strong> Un bien orient\u00e9 sud-est, avec double exposition ou luminosit\u00e9 traversante, se n\u00e9gocie en moyenne 6 \u00e0 9 % au-dessus du march\u00e9 \u00e0 Moncada. Les acheteurs valenciens sont particuli\u00e8rement sensibles \u00e0 ce crit\u00e8re.<\/li>\r\n    <li><strong>L'\u00e9tat et le niveau de r\u00e9novation.<\/strong> Un logement enti\u00e8rement r\u00e9nov\u00e9 (cuisine \u00e9quip\u00e9e, salle de bains refaite, double vitrage) peut se vendre 18 \u00e0 25 % au-dessus d'un bien identique en surface mais n\u00e9cessitant des travaux. Pour comprendre le co\u00fbt d'une r\u00e9novation dans la r\u00e9gion, consultez notre guide sur <a href=\"https:\/\/elegancebymelya.com\/renover-appartement-valence-espagne\/\" target=\"_blank\" rel=\"noopener\"><strong>le co\u00fbt des travaux de r\u00e9novation en Communaut\u00e9 Valencienne<\/strong><\/a>.<\/li>\r\n    <li><strong>L'espace ext\u00e9rieur.<\/strong> Terrasse, jardin, patio ou piscine. Le march\u00e9 de l'Horta Nord valorise fortement tout espace ext\u00e9rieur privatif \u2014 une tendance structurelle depuis 2021, aujourd'hui pleinement int\u00e9gr\u00e9e dans les prix. Un jardin de 60 m\u00b2 peut repr\u00e9senter 15 000 \u00e0 30 000 \u20ac de valeur suppl\u00e9mentaire selon la raret\u00e9 dans le secteur.<\/li>\r\n    <li><strong>L'efficacit\u00e9 \u00e9nerg\u00e9tique.<\/strong> Le certificat \u00e9nerg\u00e9tique (certificado de eficiencia energ\u00e9tica) p\u00e8se de plus en plus sur les n\u00e9gociations. Un bien class\u00e9 D ou E face \u00e0 un \u00e9quivalent class\u00e9 B ou C subit une d\u00e9cote croissante, notamment aupr\u00e8s des acheteurs \u00e9trangers sensibilis\u00e9s \u00e0 la question.<\/li>\r\n  <\/ul>\r\n\r\n  <div class=\"ebm-sep\" id=\"vendre\"><span>Vendre \u00e0 Moncada en 2026<\/span><\/div>\r\n\r\n  <h3>Vendre votre maison \u00e0 Moncada en 2026 : ce que les donn\u00e9es indiquent<\/h3>\r\n\r\n  <p>Le march\u00e9 reste favorable aux vendeurs bien positionn\u00e9s. Les biens correctement estim\u00e9s d\u00e8s la mise en march\u00e9 se vendent en moins de 60 jours sur <strong>Moncada et sa r\u00e9gion<\/strong>. Ceux qui entrent trop haut stagnent, subissent des n\u00e9gociations d\u00e9favorables, et finissent souvent par se vendre en dessous de leur valeur r\u00e9elle \u2014 le march\u00e9 punit la pr\u00e9cipitation et r\u00e9compense la pr\u00e9cision.<\/p>\r\n\r\n  <p>Un point souvent sous-estim\u00e9 : les acheteurs consultent les portails <a href=\"https:\/\/www.idealista.com\/venta-viviendas\/moncada-valencia\/\" target=\"_blank\" rel=\"noopener\"><strong>Idealista<\/strong><\/a> et <a href=\"https:\/\/www.fotocasa.es\/es\/comprar\/viviendas\/moncada\/todas-las-zonas\/l\" target=\"_blank\" rel=\"noopener\"><strong>Fotocasa<\/strong><\/a> quotidiennement. Les nouvelles annonces re\u00e7oivent 70 \u00e0 80 % de leurs contacts dans les 72 premi\u00e8res heures. Pass\u00e9 ce d\u00e9lai, un bien mal pr\u00e9sent\u00e9 ou sur\u00e9valu\u00e9 dispara\u00eet dans la masse. La photographie professionnelle, la description pr\u00e9cise et le prix d'entr\u00e9e sont les trois leviers qui d\u00e9cident si votre bien re\u00e7oit dix demandes ou aucune.<\/p>\r\n\r\n  <div class=\"ebm-highlight\">\r\n    <p>En 2026, la question n'est pas \"\u00e0 quel prix vendre ?\" mais \"\u00e0 quel prix entrer sur le march\u00e9 ?\". Ces deux chiffres sont distincts, et l'\u00e9cart entre eux d\u00e9finit votre strat\u00e9gie \u2014 et souvent votre r\u00e9sultat final.<\/p>\r\n  <\/div>\r\n\r\n  <p><strong>Sur la fiscalit\u00e9 :<\/strong> si vous vendez un bien acquis il y a plusieurs ann\u00e9es, la plus-value immobili\u00e8re est soumise \u00e0 l'IRPF espagnol, avec des taux progressifs de 19 \u00e0 28 % selon le montant. Ce param\u00e8tre doit \u00eatre int\u00e9gr\u00e9 dans votre calcul net avant de fixer votre prix. Pour les questions fiscales sp\u00e9cifiques, le site de l'<a href=\"https:\/\/www.agenciatributaria.es\/\" target=\"_blank\" rel=\"noopener\"><strong>Agencia Tributaria<\/strong><\/a> et un asesor fiscal valencien sont vos meilleures r\u00e9f\u00e9rences.<\/p>\r\n\r\n  <div class=\"ebm-sep\" id=\"estimation\"><span>Obtenir son estimation<\/span><\/div>\r\n\r\n  <h3>Comment obtenir une estimation fiable de votre bien \u00e0 Moncada<\/h3>\r\n\r\n  <p>Les outils en ligne (Idealista, Fotocasa, Tinsa) donnent un ordre de grandeur utile pour se rep\u00e9rer. Mais ils travaillent sur des moyennes de zone et ne peuvent pas tenir compte de ce qui rend votre bien unique : son \u00e9tage, son \u00e9tat pr\u00e9cis, la vue, les nuisances sonores \u00e9ventuelles, la qualit\u00e9 de la copropri\u00e9t\u00e9, ou les travaux r\u00e9cemment r\u00e9alis\u00e9s.<\/p>\r\n\r\n  <p>Une <strong>estimation immobili\u00e8re s\u00e9rieuse \u00e0 Moncada<\/strong> repose sur trois \u00e9l\u00e9ments que seul un professionnel local ma\u00eetrise : les transactions r\u00e9ellement r\u00e9alis\u00e9es (pas seulement les prix affich\u00e9s), la connaissance fine des micro-secteurs, et l'exp\u00e9rience des acheteurs actifs sur le march\u00e9.<\/p>\r\n\r\n  <p>Pour aller plus loin sur le march\u00e9 de l'Horta Nord, vous pouvez \u00e9galement consulter les donn\u00e9es du <a href=\"https:\/\/www.gva.es\/es\/inicio\/areas\/urbanismo\/estadisticas\" target=\"_blank\" rel=\"noopener\"><strong>registre foncier de la Generalitat Valenciana<\/strong><\/a> ou les rapports de conjoncture de <a href=\"https:\/\/www.tinsa.es\/noticias\/estadisticas\/\" target=\"_blank\" rel=\"noopener\"><strong>Tinsa<\/strong><\/a>, le principal valorisateur immobilier espagnol.<\/p>\r\n\r\n  <div class=\"ebm-cta\">\r\n    <span class=\"ebm-cta-eyebrow\">\u00c9l\u00e9gance Inmobiliaria \u2014 Moncada & Horta Nord<\/span>\r\n    <h4>Quelle est la vraie valeur de votre bien \u00e0 Moncada ?<\/h4>\r\n    <p>Estimation gratuite bas\u00e9e sur les transactions r\u00e9elles de 2026 \u2014 pas uniquement sur les annonces en ligne. Nous connaissons le march\u00e9 de Moncada, Godella, Rocafort et Alfara del Patriarca.<\/p>\r\n    <a href=\"https:\/\/elegancebymelya.com\/estimation-immobiliere-espagne\/\" class=\"ebm-cta-btn\">Demander mon estimation gratuite<\/a>\r\n  <\/div>\r\n\r\n<\/div>\r\n<\/body>\r\n<\/html>\t\t\t\t<\/div>\n\t\t\t\t<\/div>\n\t\t\t\t<div class=\"elementor-element elementor-element-a2129d9 elementor-widget elementor-widget-html\" data-id=\"a2129d9\" data-element_type=\"widget\" data-e-type=\"widget\" data-widget_type=\"html.default\">\n\t\t\t\t<div class=\"elementor-widget-container\">\n\t\t\t\t\t<!-- ===== FAQ \u2014 Combien vaut votre maison \u00e0 Moncada en 2026 ? ===== -->\r\n\r\n<style>\r\n  .faq-ebm details {\r\n    border: 1px solid #e0ddd8;\r\n    border-left: 3px solid #C74A06;\r\n    padding: 16px 20px;\r\n    margin: 12px 0;\r\n    background: #fff;\r\n  }\r\n  .faq-ebm summary {\r\n    cursor: pointer;\r\n    list-style: none;\r\n    font-family: \"Playfair Display\", \"Cormorant Garamond\", serif;\r\n    font-size: 1.05rem;\r\n    font-weight: 600;\r\n    color: #1a1a1a;\r\n    line-height: 1.4;\r\n  }\r\n  .faq-ebm summary::-webkit-details-marker { display: none; }\r\n  .faq-ebm summary::after {\r\n    content: \"\uff0b\";\r\n    float: right;\r\n    font-family: \"Montserrat\", sans-serif;\r\n    font-weight: 400;\r\n    font-size: 1.1rem;\r\n    color: #C74A06;\r\n    transition: transform .2s ease;\r\n  }\r\n  .faq-ebm details[open] summary::after { content: \"\u2013\"; }\r\n  .faq-ebm details[open] {\r\n    border-left-color: #1a1a1a;\r\n    background: #fafaf9;\r\n  }\r\n  .faq-ebm .answer {\r\n    margin-top: 14px;\r\n    color: #2a2a2a;\r\n    font-size: 0.97rem;\r\n    line-height: 1.85;\r\n    font-family: \"Montserrat\", sans-serif;\r\n  }\r\n  .faq-ebm a {\r\n    color: #C74A06;\r\n    font-weight: 600;\r\n    text-decoration: none;\r\n    border-bottom: 1px solid rgba(199,74,6,0.25);\r\n    transition: all .2s ease;\r\n  }\r\n  .faq-ebm a:hover {\r\n    border-bottom-color: #C74A06;\r\n  }\r\n\r\n  \/* S\u00e9parateur titre FAQ dans le style V4 *\/\r\n  .faq-ebm-titre {\r\n    display: flex;\r\n    align-items: center;\r\n    gap: 20px;\r\n    margin: 52px 0 28px 0;\r\n  }\r\n  .faq-ebm-titre::before,\r\n  .faq-ebm-titre::after {\r\n    content: \"\";\r\n    flex: 1;\r\n    height: 1px;\r\n    background: #1a1a1a;\r\n  }\r\n  .faq-ebm-titre span {\r\n    font-size: 9px;\r\n    font-weight: 700;\r\n    letter-spacing: 0.22em;\r\n    text-transform: uppercase;\r\n    color: #1a1a1a;\r\n    white-space: nowrap;\r\n    font-family: \"Montserrat\", sans-serif;\r\n  }\r\n<\/style>\r\n\r\n<div class=\"faq-ebm-titre\"><span>Questions fr\u00e9quentes - Combien vaut votre maison \u00e0 Moncada en 2026 ?<\/span><\/div>\r\n\r\n\t\t\t\t<\/div>\n\t\t\t\t<\/div>\n\t\t\t\t<div class=\"elementor-element elementor-element-8ac094b elementor-widget elementor-widget-eael-adv-accordion\" data-id=\"8ac094b\" data-element_type=\"widget\" data-e-type=\"widget\" data-widget_type=\"eael-adv-accordion.default\">\n\t\t\t\t<div class=\"elementor-widget-container\">\n\t\t\t\t\t            <div class=\"eael-adv-accordion\" id=\"eael-adv-accordion-8ac094b\" data-scroll-on-click=\"no\" data-scroll-speed=\"300\" data-accordion-id=\"8ac094b\" data-accordion-type=\"accordion\" data-toogle-speed=\"300\">\n            <div class=\"eael-accordion-list\">\n\t\t\t\t\t<div id=\"1-quel-est-le-prix-moyen-au-m-moncada-en-2026-\" class=\"elementor-tab-title eael-accordion-header\" tabindex=\"0\" data-tab=\"1\" aria-controls=\"elementor-tab-content-1451\"><span class=\"eael-advanced-accordion-icon-closed\"><svg aria-hidden=\"true\" class=\"fa-accordion-icon e-font-icon-svg e-fas-plus\" viewBox=\"0 0 448 512\" xmlns=\"http:\/\/www.w3.org\/2000\/svg\"><path d=\"M416 208H272V64c0-17.67-14.33-32-32-32h-32c-17.67 0-32 14.33-32 32v144H32c-17.67 0-32 14.33-32 32v32c0 17.67 14.33 32 32 32h144v144c0 17.67 14.33 32 32 32h32c17.67 0 32-14.33 32-32V304h144c17.67 0 32-14.33 32-32v-32c0-17.67-14.33-32-32-32z\"><\/path><\/svg><\/span><span class=\"eael-advanced-accordion-icon-opened\"><svg aria-hidden=\"true\" class=\"fa-accordion-icon e-font-icon-svg e-fas-minus\" viewBox=\"0 0 448 512\" xmlns=\"http:\/\/www.w3.org\/2000\/svg\"><path d=\"M416 208H32c-17.67 0-32 14.33-32 32v32c0 17.67 14.33 32 32 32h384c17.67 0 32-14.33 32-32v-32c0-17.67-14.33-32-32-32z\"><\/path><\/svg><\/span><span class=\"eael-accordion-tab-title\">1. Quel est le prix moyen au m\u00b2 \u00e0 Moncada en 2026 ?<\/span><svg aria-hidden=\"true\" class=\"fa-toggle e-font-icon-svg e-fas-angle-right\" viewBox=\"0 0 256 512\" xmlns=\"http:\/\/www.w3.org\/2000\/svg\"><path d=\"M224.3 273l-136 136c-9.4 9.4-24.6 9.4-33.9 0l-22.6-22.6c-9.4-9.4-9.4-24.6 0-33.9l96.4-96.4-96.4-96.4c-9.4-9.4-9.4-24.6 0-33.9L54.3 103c9.4-9.4 24.6-9.4 33.9 0l136 136c9.5 9.4 9.5 24.6.1 34z\"><\/path><\/svg><\/div><div id=\"elementor-tab-content-1451\" class=\"eael-accordion-content clearfix\" data-tab=\"1\" aria-labelledby=\"1-quel-est-le-prix-moyen-au-m-moncada-en-2026-\"><p>Le prix m\u00e9dian observ\u00e9 sur les principaux portails espagnols au T1 2026 se situe autour de 1 780 \u20ac par m\u00b2, avec des \u00e9carts importants selon le secteur et le type de bien \u2014 de 1 100 \u20ac pour un bien \u00e0 r\u00e9nover jusqu&rsquo;\u00e0 plus de 2 600 \u20ac pour une villa avec piscine en bon \u00e9tat.<\/p><\/div>\n\t\t\t\t\t<\/div><div class=\"eael-accordion-list\">\n\t\t\t\t\t<div id=\"2-la-valeur-des-maisons-a-t-elle-augment-moncada-ces-dernires-annes-\" class=\"elementor-tab-title eael-accordion-header\" tabindex=\"0\" data-tab=\"2\" aria-controls=\"elementor-tab-content-1452\"><span class=\"eael-advanced-accordion-icon-closed\"><svg aria-hidden=\"true\" class=\"fa-accordion-icon e-font-icon-svg e-fas-plus\" viewBox=\"0 0 448 512\" xmlns=\"http:\/\/www.w3.org\/2000\/svg\"><path d=\"M416 208H272V64c0-17.67-14.33-32-32-32h-32c-17.67 0-32 14.33-32 32v144H32c-17.67 0-32 14.33-32 32v32c0 17.67 14.33 32 32 32h144v144c0 17.67 14.33 32 32 32h32c17.67 0 32-14.33 32-32V304h144c17.67 0 32-14.33 32-32v-32c0-17.67-14.33-32-32-32z\"><\/path><\/svg><\/span><span class=\"eael-advanced-accordion-icon-opened\"><svg aria-hidden=\"true\" class=\"fa-accordion-icon e-font-icon-svg e-fas-minus\" viewBox=\"0 0 448 512\" xmlns=\"http:\/\/www.w3.org\/2000\/svg\"><path d=\"M416 208H32c-17.67 0-32 14.33-32 32v32c0 17.67 14.33 32 32 32h384c17.67 0 32-14.33 32-32v-32c0-17.67-14.33-32-32-32z\"><\/path><\/svg><\/span><span class=\"eael-accordion-tab-title\">2. La valeur des maisons a-t-elle augment\u00e9 \u00e0 Moncada ces derni\u00e8res ann\u00e9es ?<\/span><svg aria-hidden=\"true\" class=\"fa-toggle e-font-icon-svg e-fas-angle-right\" viewBox=\"0 0 256 512\" xmlns=\"http:\/\/www.w3.org\/2000\/svg\"><path d=\"M224.3 273l-136 136c-9.4 9.4-24.6 9.4-33.9 0l-22.6-22.6c-9.4-9.4-9.4-24.6 0-33.9l96.4-96.4-96.4-96.4c-9.4-9.4-9.4-24.6 0-33.9L54.3 103c9.4-9.4 24.6-9.4 33.9 0l136 136c9.5 9.4 9.5 24.6.1 34z\"><\/path><\/svg><\/div><div id=\"elementor-tab-content-1452\" class=\"eael-accordion-content clearfix\" data-tab=\"2\" aria-labelledby=\"2-la-valeur-des-maisons-a-t-elle-augment-moncada-ces-dernires-annes-\"><p>Oui. Le march\u00e9 de Moncada et de l&rsquo;Horta Nord conna\u00eet une hausse continue depuis 2023, port\u00e9e par la pression sur le march\u00e9 valencien et une demande propre croissante. Les biens avec espace ext\u00e9rieur et les villas sont les segments les plus dynamiques.<\/p><\/div>\n\t\t\t\t\t<\/div><div class=\"eael-accordion-list\">\n\t\t\t\t\t<div id=\"3-comment-savoir-si-mon-bien-est-bien-situ-pour-la-vente-\" class=\"elementor-tab-title eael-accordion-header\" tabindex=\"0\" data-tab=\"3\" aria-controls=\"elementor-tab-content-1453\"><span class=\"eael-advanced-accordion-icon-closed\"><svg aria-hidden=\"true\" class=\"fa-accordion-icon e-font-icon-svg e-fas-plus\" viewBox=\"0 0 448 512\" xmlns=\"http:\/\/www.w3.org\/2000\/svg\"><path d=\"M416 208H272V64c0-17.67-14.33-32-32-32h-32c-17.67 0-32 14.33-32 32v144H32c-17.67 0-32 14.33-32 32v32c0 17.67 14.33 32 32 32h144v144c0 17.67 14.33 32 32 32h32c17.67 0 32-14.33 32-32V304h144c17.67 0 32-14.33 32-32v-32c0-17.67-14.33-32-32-32z\"><\/path><\/svg><\/span><span class=\"eael-advanced-accordion-icon-opened\"><svg aria-hidden=\"true\" class=\"fa-accordion-icon e-font-icon-svg e-fas-minus\" viewBox=\"0 0 448 512\" xmlns=\"http:\/\/www.w3.org\/2000\/svg\"><path d=\"M416 208H32c-17.67 0-32 14.33-32 32v32c0 17.67 14.33 32 32 32h384c17.67 0 32-14.33 32-32v-32c0-17.67-14.33-32-32-32z\"><\/path><\/svg><\/span><span class=\"eael-accordion-tab-title\">3. Comment savoir si mon bien est bien situ\u00e9 pour la vente ?<\/span><svg aria-hidden=\"true\" class=\"fa-toggle e-font-icon-svg e-fas-angle-right\" viewBox=\"0 0 256 512\" xmlns=\"http:\/\/www.w3.org\/2000\/svg\"><path d=\"M224.3 273l-136 136c-9.4 9.4-24.6 9.4-33.9 0l-22.6-22.6c-9.4-9.4-9.4-24.6 0-33.9l96.4-96.4-96.4-96.4c-9.4-9.4-9.4-24.6 0-33.9L54.3 103c9.4-9.4 24.6-9.4 33.9 0l136 136c9.5 9.4 9.5 24.6.1 34z\"><\/path><\/svg><\/div><div id=\"elementor-tab-content-1453\" class=\"eael-accordion-content clearfix\" data-tab=\"3\" aria-labelledby=\"3-comment-savoir-si-mon-bien-est-bien-situ-pour-la-vente-\"><p>La proximit\u00e9 de la gare Cercan\u00edas Moncada-Alfara ou d&rsquo;une station Metrovalencia repr\u00e9sente une valorisation de 7 \u00e0 10 %. Les biens dans un rayon de 10 minutes \u00e0 pied des transports se vendent plus vite et avec moins de n\u00e9gociation sur le prix.<\/p><\/div>\n\t\t\t\t\t<\/div><div class=\"eael-accordion-list\">\n\t\t\t\t\t<div id=\"4-vaut-il-mieux-rnover-avant-de-vendre-ou-vendre-en-ltat-\" class=\"elementor-tab-title eael-accordion-header\" tabindex=\"0\" data-tab=\"4\" aria-controls=\"elementor-tab-content-1454\"><span class=\"eael-advanced-accordion-icon-closed\"><svg aria-hidden=\"true\" class=\"fa-accordion-icon e-font-icon-svg e-fas-plus\" viewBox=\"0 0 448 512\" xmlns=\"http:\/\/www.w3.org\/2000\/svg\"><path d=\"M416 208H272V64c0-17.67-14.33-32-32-32h-32c-17.67 0-32 14.33-32 32v144H32c-17.67 0-32 14.33-32 32v32c0 17.67 14.33 32 32 32h144v144c0 17.67 14.33 32 32 32h32c17.67 0 32-14.33 32-32V304h144c17.67 0 32-14.33 32-32v-32c0-17.67-14.33-32-32-32z\"><\/path><\/svg><\/span><span class=\"eael-advanced-accordion-icon-opened\"><svg aria-hidden=\"true\" class=\"fa-accordion-icon e-font-icon-svg e-fas-minus\" viewBox=\"0 0 448 512\" xmlns=\"http:\/\/www.w3.org\/2000\/svg\"><path d=\"M416 208H32c-17.67 0-32 14.33-32 32v32c0 17.67 14.33 32 32 32h384c17.67 0 32-14.33 32-32v-32c0-17.67-14.33-32-32-32z\"><\/path><\/svg><\/span><span class=\"eael-accordion-tab-title\">4. Vaut-il mieux r\u00e9nover avant de vendre ou vendre en l'\u00e9tat ?<\/span><svg aria-hidden=\"true\" class=\"fa-toggle e-font-icon-svg e-fas-angle-right\" viewBox=\"0 0 256 512\" xmlns=\"http:\/\/www.w3.org\/2000\/svg\"><path d=\"M224.3 273l-136 136c-9.4 9.4-24.6 9.4-33.9 0l-22.6-22.6c-9.4-9.4-9.4-24.6 0-33.9l96.4-96.4-96.4-96.4c-9.4-9.4-9.4-24.6 0-33.9L54.3 103c9.4-9.4 24.6-9.4 33.9 0l136 136c9.5 9.4 9.5 24.6.1 34z\"><\/path><\/svg><\/div><div id=\"elementor-tab-content-1454\" class=\"eael-accordion-content clearfix\" data-tab=\"4\" aria-labelledby=\"4-vaut-il-mieux-rnover-avant-de-vendre-ou-vendre-en-ltat-\"><p>Cela d\u00e9pend de l&rsquo;ampleur des travaux n\u00e9cessaires. Un logement enti\u00e8rement r\u00e9nov\u00e9 peut se vendre 18 \u00e0 25 % au-dessus d&rsquo;un bien identique \u00e0 r\u00e9nover \u2014 mais ce diff\u00e9rentiel ne justifie pas toujours l&rsquo;investissement. Une estimation comparative avant\/apr\u00e8s travaux est indispensable avant de d\u00e9cider.<\/p><\/div>\n\t\t\t\t\t<\/div><div class=\"eael-accordion-list\">\n\t\t\t\t\t<div id=\"5-combien-de-temps-faut-il-pour-vendre-un-bien-moncada-\" class=\"elementor-tab-title eael-accordion-header\" tabindex=\"0\" data-tab=\"5\" aria-controls=\"elementor-tab-content-1455\"><span class=\"eael-advanced-accordion-icon-closed\"><svg aria-hidden=\"true\" class=\"fa-accordion-icon e-font-icon-svg e-fas-plus\" viewBox=\"0 0 448 512\" xmlns=\"http:\/\/www.w3.org\/2000\/svg\"><path d=\"M416 208H272V64c0-17.67-14.33-32-32-32h-32c-17.67 0-32 14.33-32 32v144H32c-17.67 0-32 14.33-32 32v32c0 17.67 14.33 32 32 32h144v144c0 17.67 14.33 32 32 32h32c17.67 0 32-14.33 32-32V304h144c17.67 0 32-14.33 32-32v-32c0-17.67-14.33-32-32-32z\"><\/path><\/svg><\/span><span class=\"eael-advanced-accordion-icon-opened\"><svg aria-hidden=\"true\" class=\"fa-accordion-icon e-font-icon-svg e-fas-minus\" viewBox=\"0 0 448 512\" xmlns=\"http:\/\/www.w3.org\/2000\/svg\"><path d=\"M416 208H32c-17.67 0-32 14.33-32 32v32c0 17.67 14.33 32 32 32h384c17.67 0 32-14.33 32-32v-32c0-17.67-14.33-32-32-32z\"><\/path><\/svg><\/span><span class=\"eael-accordion-tab-title\">5. Combien de temps faut-il pour vendre un bien \u00e0 Moncada ?<\/span><svg aria-hidden=\"true\" class=\"fa-toggle e-font-icon-svg e-fas-angle-right\" viewBox=\"0 0 256 512\" xmlns=\"http:\/\/www.w3.org\/2000\/svg\"><path d=\"M224.3 273l-136 136c-9.4 9.4-24.6 9.4-33.9 0l-22.6-22.6c-9.4-9.4-9.4-24.6 0-33.9l96.4-96.4-96.4-96.4c-9.4-9.4-9.4-24.6 0-33.9L54.3 103c9.4-9.4 24.6-9.4 33.9 0l136 136c9.5 9.4 9.5 24.6.1 34z\"><\/path><\/svg><\/div><div id=\"elementor-tab-content-1455\" class=\"eael-accordion-content clearfix\" data-tab=\"5\" aria-labelledby=\"5-combien-de-temps-faut-il-pour-vendre-un-bien-moncada-\"><p>Un bien correctement estim\u00e9 et bien pr\u00e9sent\u00e9 se vend en moins de 60 jours dans les conditions actuelles du march\u00e9. Les biens sur\u00e9valu\u00e9s \u00e0 l&rsquo;entr\u00e9e peuvent rester plusieurs mois en ligne, ce qui fragilise la n\u00e9gociation et peut conduire \u00e0 un prix final inf\u00e9rieur \u00e0 ce qu&rsquo;un bon positionnement initial aurait obtenu.<\/p><\/div>\n\t\t\t\t\t<\/div><div class=\"eael-accordion-list\">\n\t\t\t\t\t<div id=\"6-une-estimation-en-ligne-est-elle-fiable-pour-un-bien-moncada-\" class=\"elementor-tab-title eael-accordion-header\" tabindex=\"0\" data-tab=\"6\" aria-controls=\"elementor-tab-content-1456\"><span class=\"eael-advanced-accordion-icon-closed\"><svg aria-hidden=\"true\" class=\"fa-accordion-icon e-font-icon-svg e-fas-plus\" viewBox=\"0 0 448 512\" xmlns=\"http:\/\/www.w3.org\/2000\/svg\"><path d=\"M416 208H272V64c0-17.67-14.33-32-32-32h-32c-17.67 0-32 14.33-32 32v144H32c-17.67 0-32 14.33-32 32v32c0 17.67 14.33 32 32 32h144v144c0 17.67 14.33 32 32 32h32c17.67 0 32-14.33 32-32V304h144c17.67 0 32-14.33 32-32v-32c0-17.67-14.33-32-32-32z\"><\/path><\/svg><\/span><span class=\"eael-advanced-accordion-icon-opened\"><svg aria-hidden=\"true\" class=\"fa-accordion-icon e-font-icon-svg e-fas-minus\" viewBox=\"0 0 448 512\" xmlns=\"http:\/\/www.w3.org\/2000\/svg\"><path d=\"M416 208H32c-17.67 0-32 14.33-32 32v32c0 17.67 14.33 32 32 32h384c17.67 0 32-14.33 32-32v-32c0-17.67-14.33-32-32-32z\"><\/path><\/svg><\/span><span class=\"eael-accordion-tab-title\">6. Une estimation en ligne est-elle fiable pour un bien \u00e0 Moncada ?<\/span><svg aria-hidden=\"true\" class=\"fa-toggle e-font-icon-svg e-fas-angle-right\" viewBox=\"0 0 256 512\" xmlns=\"http:\/\/www.w3.org\/2000\/svg\"><path d=\"M224.3 273l-136 136c-9.4 9.4-24.6 9.4-33.9 0l-22.6-22.6c-9.4-9.4-9.4-24.6 0-33.9l96.4-96.4-96.4-96.4c-9.4-9.4-9.4-24.6 0-33.9L54.3 103c9.4-9.4 24.6-9.4 33.9 0l136 136c9.5 9.4 9.5 24.6.1 34z\"><\/path><\/svg><\/div><div id=\"elementor-tab-content-1456\" class=\"eael-accordion-content clearfix\" data-tab=\"6\" aria-labelledby=\"6-une-estimation-en-ligne-est-elle-fiable-pour-un-bien-moncada-\"><div><div><div class=\"group\"><div class=\"contents\"><div class=\"group relative relative pb-3\"><div class=\"font-claude-response relative leading-[1.65rem] [&amp;_pre&gt;div]:bg-bg-000\/50 [&amp;_pre&gt;div]:border-0.5 [&amp;_pre&gt;div]:border-border-400 [&amp;_.ignore-pre-bg&gt;div]:bg-transparent [&amp;_.standard-markdown_:is(p,blockquote,h1,h2,h3,h4,h5,h6)]:pl-2 [&amp;_.standard-markdown_:is(p,blockquote,ul,ol,h1,h2,h3,h4,h5,h6)]:pr-8 [&amp;_.progressive-markdown_:is(p,blockquote,h1,h2,h3,h4,h5,h6)]:pl-2 [&amp;_.progressive-markdown_:is(p,blockquote,ul,ol,h1,h2,h3,h4,h5,h6)]:pr-8\"><div><div class=\"standard-markdown grid-cols-1 grid [&amp;_&gt;_*]:min-w-0 gap-3 standard-markdown\"><p class=\"font-claude-response-body break-words whitespace-normal\">Les outils comme Idealista ou Tinsa donnent un ordre de grandeur utile, mais ils travaillent sur des moyennes de zone. Ils ne tiennent pas compte de l&rsquo;\u00e9tage, de l&rsquo;orientation, de l&rsquo;\u00e9tat pr\u00e9cis, des nuisances \u00e9ventuelles ou des transactions r\u00e9ellement conclues dans votre rue. Seule une estimation r\u00e9alis\u00e9e par un professionnel connaissant les ventes r\u00e9elles du secteur vous donnera une valeur fiable.<\/p><\/div><\/div><\/div><\/div><\/div><\/div><\/div><\/div><\/div>\n\t\t\t\t\t<\/div><\/div>\t\t\t\t<\/div>\n\t\t\t\t<\/div>\n\t\t\t\t\t<\/div>\n\t\t\t\t<\/div>\n\t\t\t\t<\/div>\n\t\t","protected":false},"excerpt":{"rendered":"<p>Quel est le prix immobilier \u00e0 Moncada en 2026 ? D\u00e9couvrez le prix moyen au m\u00b2, les valeurs par type de bien et les facteurs qui influencent l&rsquo;estimation de votre maison, appartement ou villa dans l&rsquo;Horta Nord. Estimation gratuite et analyse du march\u00e9 local.<\/p>","protected":false},"author":1,"featured_media":8465,"comment_status":"closed","ping_status":"closed","sticky":false,"template":"","format":"standard","meta":{"site-sidebar-layout":"default","site-content-layout":"","ast-site-content-layout":"default","site-content-style":"default","site-sidebar-style":"default","ast-global-header-display":"","ast-banner-title-visibility":"","ast-main-header-display":"","ast-hfb-above-header-display":"","ast-hfb-below-header-display":"","ast-hfb-mobile-header-display":"","site-post-title":"","ast-breadcrumbs-content":"","ast-featured-img":"","footer-sml-layout":"","ast-disable-related-posts":"","theme-transparent-header-meta":"","adv-header-id-meta":"","stick-header-meta":"","header-above-stick-meta":"","header-main-stick-meta":"","header-below-stick-meta":"","astra-migrate-meta-layouts":"default","ast-page-background-enabled":"default","ast-page-background-meta":{"desktop":{"background-color":"var(--ast-global-color-4)","background-image":"","background-repeat":"repeat","background-position":"center center","background-size":"auto","background-attachment":"scroll","background-type":"","background-media":"","overlay-type":"","overlay-color":"","overlay-opacity":"","overlay-gradient":""},"tablet":{"background-color":"","background-image":"","background-repeat":"repeat","background-position":"center center","background-size":"auto","background-attachment":"scroll","background-type":"","background-media":"","overlay-type":"","overlay-color":"","overlay-opacity":"","overlay-gradient":""},"mobile":{"background-color":"","background-image":"","background-repeat":"repeat","background-position":"center center","background-size":"auto","background-attachment":"scroll","background-type":"","background-media":"","overlay-type":"","overlay-color":"","overlay-opacity":"","overlay-gradient":""}},"ast-content-background-meta":{"desktop":{"background-color":"var(--ast-global-color-5)","background-image":"","background-repeat":"repeat","background-position":"center center","background-size":"auto","background-attachment":"scroll","background-type":"","background-media":"","overlay-type":"","overlay-color":"","overlay-opacity":"","overlay-gradient":""},"tablet":{"background-color":"var(--ast-global-color-5)","background-image":"","background-repeat":"repeat","background-position":"center center","background-size":"auto","background-attachment":"scroll","background-type":"","background-media":"","overlay-type":"","overlay-color":"","overlay-opacity":"","overlay-gradient":""},"mobile":{"background-color":"var(--ast-global-color-5)","background-image":"","background-repeat":"repeat","background-position":"center center","background-size":"auto","background-attachment":"scroll","background-type":"","background-media":"","overlay-type":"","overlay-color":"","overlay-opacity":"","overlay-gradient":""}},"footnotes":"","_wpscppro_dont_share_socialmedia":false,"_wpscppro_custom_social_share_image":0,"_facebook_share_type":"default","_twitter_share_type":"default","_linkedin_share_type":"default","_pinterest_share_type":"default","_linkedin_share_type_page":"","_instagram_share_type":"default","_medium_share_type":"default","_threads_share_type":"default","_google_business_share_type":"default","_selected_social_profile":[],"_wpsp_enable_custom_social_template":false,"_wpsp_social_scheduling":{"enabled":true,"datetime":"2026-06-18 12:24:00","platforms":[],"status":"pending_publication","dateOption":"today","timeOption":"now","customDays":"","customHours":"","customDate":"","customTime":"","schedulingType":"absolute"},"_wpsp_active_default_template":true},"categories":[1],"tags":[196,250,114,199,121,195,124,188,193,194,192,189],"class_list":["post-8467","post","type-post","status-publish","format-standard","has-post-thumbnail","hentry","category-conseils-achat-immobilier-espagne","tag-estimation-immobiliere-moncada","tag-estimation-maison-moncada","tag-horta-nord","tag-immobilier-horta-nord","tag-immobilier-moncada","tag-marche-immobilier-moncada","tag-moncada-valence","tag-prix-immobilier-moncada","tag-prix-m2-moncada","tag-valeur-maison-moncada","tag-vendre-appartement-moncada","tag-vendre-maison-moncada"],"_links":{"self":[{"href":"https:\/\/elegancebymelya.com\/es\/wp-json\/wp\/v2\/posts\/8467","targetHints":{"allow":["GET"]}}],"collection":[{"href":"https:\/\/elegancebymelya.com\/es\/wp-json\/wp\/v2\/posts"}],"about":[{"href":"https:\/\/elegancebymelya.com\/es\/wp-json\/wp\/v2\/types\/post"}],"author":[{"embeddable":true,"href":"https:\/\/elegancebymelya.com\/es\/wp-json\/wp\/v2\/users\/1"}],"replies":[{"embeddable":true,"href":"https:\/\/elegancebymelya.com\/es\/wp-json\/wp\/v2\/comments?post=8467"}],"version-history":[{"count":15,"href":"https:\/\/elegancebymelya.com\/es\/wp-json\/wp\/v2\/posts\/8467\/revisions"}],"predecessor-version":[{"id":8512,"href":"https:\/\/elegancebymelya.com\/es\/wp-json\/wp\/v2\/posts\/8467\/revisions\/8512"}],"wp:featuredmedia":[{"embeddable":true,"href":"https:\/\/elegancebymelya.com\/es\/wp-json\/wp\/v2\/media\/8465"}],"wp:attachment":[{"href":"https:\/\/elegancebymelya.com\/es\/wp-json\/wp\/v2\/media?parent=8467"}],"wp:term":[{"taxonomy":"category","embeddable":true,"href":"https:\/\/elegancebymelya.com\/es\/wp-json\/wp\/v2\/categories?post=8467"},{"taxonomy":"post_tag","embeddable":true,"href":"https:\/\/elegancebymelya.com\/es\/wp-json\/wp\/v2\/tags?post=8467"}],"curies":[{"name":"wp","href":"https:\/\/api.w.org\/{rel}","templated":true}]}}