{"id":8454,"date":"2026-06-28T09:00:49","date_gmt":"2026-06-28T09:00:49","guid":{"rendered":"https:\/\/elegancebymelya.com\/?p=8454"},"modified":"2026-06-24T09:12:10","modified_gmt":"2026-06-24T09:12:10","slug":"acheter-betera-2026","status":"publish","type":"post","link":"https:\/\/elegancebymelya.com\/es\/acheter-betera-2026\/","title":{"rendered":"Acheter \u00e0 B\u00e9tera"},"content":{"rendered":"\t\t<div data-elementor-type=\"wp-post\" data-elementor-id=\"8454\" class=\"elementor elementor-8454\" data-elementor-post-type=\"post\">\n\t\t\t\t<div class=\"elementor-element elementor-element-c23b9db e-flex e-con-boxed e-con e-parent\" data-id=\"c23b9db\" data-element_type=\"container\" data-e-type=\"container\">\n\t\t\t\t\t<div class=\"e-con-inner\">\n\t\t\t\t<div class=\"elementor-element elementor-element-74203c2 elementor-widget elementor-widget-html\" data-id=\"74203c2\" data-element_type=\"widget\" data-e-type=\"widget\" data-widget_type=\"html.default\">\n\t\t\t\t<div class=\"elementor-widget-container\">\n\t\t\t\t\t<!-- Article blog : Acheter \u00e0 B\u00e9tera en 2026 \u2014 Guide immobilier pour les francophones -->\r\n<!-- Style V4 \u2014 elegancebymelya.com \u2014 v2 -->\r\n\r\n<style>\r\n\/* ===== BASE ===== *\/\r\n.ebm-article {\r\n  max-width: 740px;\r\n  margin: 0 auto;\r\n  color: #1a1a1a;\r\n  font-family: \"Montserrat\", sans-serif;\r\n  font-size: 1.05rem;\r\n  line-height: 1.9;\r\n}\r\n.ebm-article p { margin-bottom: 24px; }\r\n.ebm-article ul {\r\n  padding-left: 0;\r\n  list-style: none;\r\n  margin-bottom: 28px;\r\n}\r\n.ebm-article ul li {\r\n  padding: 8px 0 8px 20px;\r\n  position: relative;\r\n  font-size: 1rem;\r\n  color: #2a2a2a;\r\n  border-bottom: 1px solid #f0eeeb;\r\n  line-height: 1.7;\r\n}\r\n.ebm-article ul li::before {\r\n  content: \"\u2014\";\r\n  position: absolute;\r\n  left: 0;\r\n  color: #C74A06;\r\n  font-weight: 700;\r\n}\r\n.ebm-article a {\r\n  color: #C74A06;\r\n  text-decoration: none;\r\n  border-bottom: 1px solid rgba(199,74,6,0.25);\r\n  transition: border-color 0.2s;\r\n}\r\n.ebm-article a:hover { border-color: #C74A06; }\r\n\r\n\/* ===== TITRE ===== *\/\r\n.ebm-titre { text-align: center; margin-bottom: 40px; }\r\n.ebm-titre .eyebrow {\r\n  display: block;\r\n  font-size: 10px;\r\n  font-weight: 700;\r\n  letter-spacing: 0.2em;\r\n  text-transform: uppercase;\r\n  color: #C74A06;\r\n  margin-bottom: 14px;\r\n}\r\n.ebm-titre h1 {\r\n  font-family: \"Playfair Display\", \"Cormorant Garamond\", serif;\r\n  font-size: 2.2rem;\r\n  font-weight: 500;\r\n  color: #1a1a1a;\r\n  line-height: 1.25;\r\n  margin: 0 0 14px 0;\r\n  letter-spacing: -0.3px;\r\n}\r\n.ebm-titre .sous-titre {\r\n  font-size: 0.9rem;\r\n  color: #888;\r\n  letter-spacing: 0.08em;\r\n  text-transform: uppercase;\r\n}\r\n\r\n\/* ===== SOMMAIRE ===== *\/\r\n.ebm-sommaire {\r\n  margin: 0 0 48px 0;\r\n  padding: 20px 24px;\r\n  border-top: 1px solid #1a1a1a;\r\n  border-bottom: 1px solid #1a1a1a;\r\n}\r\n.ebm-sommaire-label {\r\n  font-size: 9px;\r\n  font-weight: 700;\r\n  letter-spacing: 0.2em;\r\n  text-transform: uppercase;\r\n  color: #999;\r\n  display: block;\r\n  margin-bottom: 10px;\r\n}\r\n.ebm-sommaire-liens {\r\n  display: flex;\r\n  flex-wrap: wrap;\r\n  gap: 6px 0;\r\n}\r\n.ebm-sommaire-liens a {\r\n  font-size: 0.82rem;\r\n  color: #1a1a1a;\r\n  border-bottom: none;\r\n  padding-right: 16px;\r\n  white-space: nowrap;\r\n}\r\n.ebm-sommaire-liens a::after {\r\n  content: \"\u00b7\";\r\n  padding-left: 16px;\r\n  color: #ccc;\r\n}\r\n.ebm-sommaire-liens a:last-child::after { content: \"\"; }\r\n.ebm-sommaire-liens a:hover { color: #C74A06; }\r\n\r\n\/* ===== SEPARATEUR ===== *\/\r\n.ebm-sep {\r\n  display: flex;\r\n  align-items: center;\r\n  gap: 20px;\r\n  margin: 52px 0;\r\n}\r\n.ebm-sep::before,\r\n.ebm-sep::after {\r\n  content: \"\";\r\n  flex: 1;\r\n  height: 1px;\r\n  background: #1a1a1a;\r\n}\r\n.ebm-sep span {\r\n  font-size: 9px;\r\n  font-weight: 700;\r\n  letter-spacing: 0.22em;\r\n  text-transform: uppercase;\r\n  color: #1a1a1a;\r\n  white-space: nowrap;\r\n  font-family: \"Montserrat\", sans-serif;\r\n}\r\n\r\n\/* ===== TITRES ===== *\/\r\n.ebm-article h3 {\r\n  font-family: \"Playfair Display\", \"Cormorant Garamond\", serif;\r\n  font-size: 1.5rem;\r\n  font-weight: 500;\r\n  color: #1a1a1a;\r\n  margin: 0 0 20px 0;\r\n  line-height: 1.35;\r\n  letter-spacing: -0.2px;\r\n}\r\n\r\n\/* ===== NOTE ===== *\/\r\n.ebm-note {\r\n  margin: 32px 0;\r\n  padding: 20px 24px;\r\n  border-left: 2px solid #C74A06;\r\n  background: #fafaf9;\r\n}\r\n.ebm-note p {\r\n  margin: 0;\r\n  font-size: 0.97rem;\r\n  color: #2a2a2a;\r\n  line-height: 1.8;\r\n  font-style: italic;\r\n}\r\n.ebm-note strong { color: #C74A06; font-style: normal; }\r\n\r\n\/* ===== HIGHLIGHT ===== *\/\r\n.ebm-highlight {\r\n  background: #fafaf9;\r\n  border-left: 2px solid #C74A06;\r\n  padding: 18px 22px;\r\n  margin: 30px 0;\r\n}\r\n.ebm-highlight p {\r\n  margin: 0;\r\n  font-size: 0.97rem;\r\n  color: #2a2a2a;\r\n  line-height: 1.8;\r\n  font-style: italic;\r\n}\r\n\r\n\/* ===== CHIFFRES GRID ===== *\/\r\n.ebm-chiffres {\r\n  display: grid;\r\n  grid-template-columns: 1fr 1fr 1fr;\r\n  gap: 1px;\r\n  background: #e8e4de;\r\n  margin: 32px 0;\r\n  border: 1px solid #e8e4de;\r\n}\r\n.ebm-chiffre {\r\n  background: #fff;\r\n  padding: 24px 20px;\r\n  text-align: center;\r\n}\r\n.ebm-chiffre-num {\r\n  font-family: \"Playfair Display\", serif;\r\n  font-size: 2rem;\r\n  font-weight: 500;\r\n  color: #C74A06;\r\n  display: block;\r\n  line-height: 1;\r\n  margin-bottom: 8px;\r\n}\r\n.ebm-chiffre-label {\r\n  font-size: 0.8rem;\r\n  color: #555;\r\n  line-height: 1.5;\r\n  display: block;\r\n}\r\n.ebm-chiffre-source {\r\n  font-size: 0.7rem;\r\n  color: #aaa;\r\n  display: block;\r\n  margin-top: 6px;\r\n  font-style: italic;\r\n}\r\n\r\n\/* ===== RAISONS GRID ===== *\/\r\n.ebm-raisons {\r\n  display: grid;\r\n  grid-template-columns: 1fr 1fr;\r\n  gap: 1px;\r\n  background: #e8e4de;\r\n  margin: 32px 0;\r\n  border: 1px solid #e8e4de;\r\n}\r\n.ebm-raison {\r\n  background: #fff;\r\n  padding: 24px 22px;\r\n  border-left: 3px solid #C74A06;\r\n}\r\n.ebm-raison-titre {\r\n  font-size: 0.88rem;\r\n  font-weight: 700;\r\n  color: #1a1a1a;\r\n  display: block;\r\n  margin-bottom: 8px;\r\n  text-transform: uppercase;\r\n  letter-spacing: 0.06em;\r\n}\r\n.ebm-raison p {\r\n  font-size: 0.88rem;\r\n  color: #555;\r\n  margin: 0;\r\n  line-height: 1.65;\r\n}\r\n\r\n\/* ===== COMPARATIF B\u00c9TERA \/ MONCADA ===== *\/\r\n.ebm-comparatif {\r\n  display: grid;\r\n  grid-template-columns: 1fr 1fr;\r\n  gap: 1px;\r\n  background: #e8e4de;\r\n  margin: 32px 0;\r\n  border: 1px solid #e8e4de;\r\n}\r\n.ebm-comparatif-col {\r\n  background: #fff;\r\n  padding: 26px 22px;\r\n}\r\n.ebm-comparatif-col-header {\r\n  font-size: 9px;\r\n  font-weight: 700;\r\n  letter-spacing: 0.2em;\r\n  text-transform: uppercase;\r\n  color: #C74A06;\r\n  display: block;\r\n  margin-bottom: 14px;\r\n  padding-bottom: 10px;\r\n  border-bottom: 1px solid #e8e4de;\r\n}\r\n.ebm-comparatif-col ul {\r\n  margin: 0;\r\n  padding: 0;\r\n}\r\n.ebm-comparatif-col ul li {\r\n  font-size: 0.88rem;\r\n  color: #2a2a2a;\r\n  border-bottom: none;\r\n  padding: 5px 0 5px 18px;\r\n  line-height: 1.6;\r\n}\r\n.ebm-comparatif-col ul li::before {\r\n  color: #C74A06;\r\n}\r\n\r\n\/* ===== TABLEAU ===== *\/\r\n.ebm-tableau {\r\n  margin: 32px 0;\r\n  border: 1px solid #e8e4de;\r\n  width: 100%;\r\n  border-collapse: collapse;\r\n}\r\n.ebm-tableau thead { background: #1a1a1a; }\r\n.ebm-tableau thead th {\r\n  padding: 12px 18px;\r\n  font-size: 9px;\r\n  font-weight: 700;\r\n  letter-spacing: 0.18em;\r\n  text-transform: uppercase;\r\n  color: #fff;\r\n  text-align: left;\r\n}\r\n.ebm-tableau tbody tr { border-bottom: 1px solid #f0eeeb; }\r\n.ebm-tableau tbody tr:last-child { border-bottom: none; }\r\n.ebm-tableau tbody td {\r\n  padding: 14px 18px;\r\n  font-size: 0.9rem;\r\n  color: #2a2a2a;\r\n  vertical-align: top;\r\n  line-height: 1.6;\r\n}\r\n.ebm-tableau tbody td:first-child {\r\n  font-weight: 600;\r\n  color: #1a1a1a;\r\n  width: 30%;\r\n}\r\n\r\n\/* ===== PROFILS ===== *\/\r\n.ebm-profils {\r\n  margin: 32px 0;\r\n  display: flex;\r\n  flex-direction: column;\r\n  gap: 0;\r\n  border: 1px solid #e8e4de;\r\n}\r\n.ebm-profil {\r\n  display: grid;\r\n  grid-template-columns: 80px 1fr;\r\n  border-bottom: 1px solid #e8e4de;\r\n}\r\n.ebm-profil:last-child { border-bottom: none; }\r\n.ebm-profil-flag {\r\n  background: #1a1a1a;\r\n  display: flex;\r\n  align-items: center;\r\n  justify-content: center;\r\n  font-size: 1.4rem;\r\n  min-height: 90px;\r\n}\r\n.ebm-profil-content { padding: 18px 20px; }\r\n.ebm-profil-label {\r\n  font-size: 9px;\r\n  font-weight: 700;\r\n  letter-spacing: 0.18em;\r\n  text-transform: uppercase;\r\n  color: #C74A06;\r\n  display: block;\r\n  margin-bottom: 6px;\r\n}\r\n.ebm-profil-content p {\r\n  font-size: 0.9rem;\r\n  color: #2a2a2a;\r\n  margin: 0;\r\n  line-height: 1.65;\r\n}\r\n\r\n\/* ===== HONORAIRES ===== *\/\r\n.ebm-honoraires {\r\n  margin: 32px 0;\r\n  border: 1px solid #1a1a1a;\r\n}\r\n.ebm-honoraires-header {\r\n  background: #1a1a1a;\r\n  padding: 14px 24px;\r\n}\r\n.ebm-honoraires-header span {\r\n  font-size: 9px;\r\n  font-weight: 700;\r\n  letter-spacing: 0.2em;\r\n  text-transform: uppercase;\r\n  color: #fff;\r\n}\r\n.ebm-honoraire-ligne {\r\n  display: grid;\r\n  grid-template-columns: 100px 1fr;\r\n  border-bottom: 1px solid #e8e4de;\r\n}\r\n.ebm-honoraire-ligne:last-child { border-bottom: none; }\r\n.ebm-honoraire-montant {\r\n  background: #fafaf9;\r\n  padding: 20px 16px;\r\n  display: flex;\r\n  align-items: center;\r\n  justify-content: center;\r\n  border-right: 1px solid #e8e4de;\r\n}\r\n.ebm-honoraire-montant span {\r\n  font-family: \"Playfair Display\", serif;\r\n  font-size: 1.4rem;\r\n  font-weight: 600;\r\n  color: #C74A06;\r\n  line-height: 1;\r\n}\r\n.ebm-honoraire-detail { padding: 20px 22px; }\r\n.ebm-honoraire-detail strong {\r\n  display: block;\r\n  font-size: 0.82rem;\r\n  font-weight: 700;\r\n  letter-spacing: 0.06em;\r\n  text-transform: uppercase;\r\n  color: #1a1a1a;\r\n  margin-bottom: 6px;\r\n}\r\n.ebm-honoraire-detail p {\r\n  font-size: 0.88rem;\r\n  color: #555;\r\n  margin: 0;\r\n  line-height: 1.6;\r\n}\r\n\r\n\/* ===== CTA INLINE (fond terracotta discret) ===== *\/\r\n.ebm-cta-inline {\r\n  margin: 40px 0;\r\n  padding: 28px 30px;\r\n  background: #fafaf9;\r\n  border: 1px solid #e8e4de;\r\n  border-left: 3px solid #C74A06;\r\n  display: flex;\r\n  align-items: center;\r\n  justify-content: space-between;\r\n  gap: 20px;\r\n  flex-wrap: wrap;\r\n}\r\n.ebm-cta-inline-text p {\r\n  margin: 0;\r\n  font-size: 0.92rem;\r\n  color: #2a2a2a;\r\n  line-height: 1.6;\r\n}\r\n.ebm-cta-inline-text strong {\r\n  display: block;\r\n  font-size: 0.85rem;\r\n  font-weight: 700;\r\n  text-transform: uppercase;\r\n  letter-spacing: 0.07em;\r\n  color: #1a1a1a;\r\n  margin-bottom: 6px;\r\n}\r\n.ebm-cta-inline-btn {\r\n  display: inline-block;\r\n  padding: 12px 28px;\r\n  background: #C74A06;\r\n  color: #fff !important;\r\n  text-decoration: none !important;\r\n  border: none !important;\r\n  font-size: 10px;\r\n  font-weight: 700;\r\n  letter-spacing: 0.15em;\r\n  text-transform: uppercase;\r\n  transition: background 0.2s;\r\n  white-space: nowrap;\r\n}\r\n.ebm-cta-inline-btn:hover { background: #a83d05; }\r\n\r\n\/* ===== CTA FINAL ===== *\/\r\n.ebm-cta {\r\n  margin: 56px 0 0 0;\r\n  padding: 40px 36px;\r\n  background: #1a1a1a;\r\n  text-align: center;\r\n}\r\n.ebm-cta-eyebrow {\r\n  font-size: 9px;\r\n  font-weight: 700;\r\n  letter-spacing: 0.22em;\r\n  text-transform: uppercase;\r\n  color: #C74A06;\r\n  display: block;\r\n  margin-bottom: 16px;\r\n}\r\n.ebm-cta h4 {\r\n  font-family: \"Playfair Display\", serif;\r\n  font-size: 1.5rem;\r\n  font-weight: 500;\r\n  color: #fff;\r\n  margin: 0 0 14px 0;\r\n  line-height: 1.35;\r\n}\r\n.ebm-cta p {\r\n  font-size: 0.9rem;\r\n  color: #e0ddd8 !important;\r\n  margin: 0 0 28px 0;\r\n  line-height: 1.7;\r\n}\r\n.ebm-cta-btn {\r\n  display: inline-block;\r\n  padding: 14px 36px;\r\n  background: #C74A06;\r\n  color: #fff !important;\r\n  text-decoration: none !important;\r\n  border: none !important;\r\n  font-size: 11px;\r\n  font-weight: 700;\r\n  letter-spacing: 0.15em;\r\n  text-transform: uppercase;\r\n  transition: background 0.2s;\r\n}\r\n.ebm-cta-btn:hover { background: #a83d05; }\r\n\r\n\/* ===== RESPONSIVE ===== *\/\r\n@media (max-width: 768px) {\r\n  .ebm-article { font-size: 1rem; }\r\n  .ebm-titre h1 { font-size: 1.7rem; }\r\n  .ebm-chiffres { grid-template-columns: 1fr; }\r\n  .ebm-raisons { grid-template-columns: 1fr; }\r\n  .ebm-comparatif { grid-template-columns: 1fr; }\r\n  .ebm-profil { grid-template-columns: 60px 1fr; }\r\n  .ebm-profil-flag { min-height: 70px; font-size: 1.1rem; }\r\n  .ebm-honoraire-ligne { grid-template-columns: 80px 1fr; }\r\n  .ebm-cta { padding: 30px 22px; }\r\n  .ebm-cta-inline { flex-direction: column; }\r\n  .ebm-sommaire-liens { flex-direction: column; }\r\n  .ebm-sommaire-liens a::after { content: \"\"; }\r\n  .ebm-tableau thead th,\r\n  .ebm-tableau tbody td { padding: 10px 12px; font-size: 0.85rem; }\r\n}\r\n@media (min-width: 769px) and (max-width: 1024px) {\r\n  .ebm-titre h1 { font-size: 1.9rem; }\r\n  .ebm-chiffres { grid-template-columns: 1fr 1fr 1fr; }\r\n  .ebm-raisons { grid-template-columns: 1fr 1fr; }\r\n}\r\n<\/style>\r\n\r\n<div class=\"ebm-article\">\r\n\r\n  <!-- TITRE -->\r\n  <div class=\"ebm-titre\">\r\n    <span class=\"eyebrow\">\u00c9l\u00e9gance by Melya \u2014 Achat immobilier en Espagne<\/span>\r\n    <h1>Acheter \u00e0 B\u00e9tera en 2026 : ce que vous devez savoir avant de d\u00e9cider<\/h1>\r\n    <span class=\"sous-titre\">March\u00e9, urbanisations, prix, d\u00e9marches \u00b7 Camp de T\u00faria \u00b7 Valencia<\/span>\r\n  <\/div>\r\n\r\n  <!-- SOMMAIRE -->\r\n  <nav class=\"ebm-sommaire\">\r\n    <span class=\"ebm-sommaire-label\">Dans cet article<\/span>\r\n    <div class=\"ebm-sommaire-liens\">\r\n      <a href=\"#pourquoi\">Pourquoi B\u00e9tera<\/a>\r\n      <a href=\"#vs-moncada\">B\u00e9tera ou Moncada<\/a>\r\n      <a href=\"#marche\">Le march\u00e9 en chiffres<\/a>\r\n      <a href=\"#urbanisations\">Les urbanisations<\/a>\r\n      <a href=\"#budget\">Quel budget pr\u00e9voir<\/a>\r\n      <a href=\"#pieges\">Points de vigilance<\/a>\r\n      <a href=\"#accompagnement\">Notre accompagnement<\/a>\r\n      <a href=\"#honoraires\">Nos honoraires<\/a>\r\n    <\/div>\r\n  <\/nav>\r\n\r\n  <!-- INTRO -->\r\n  <p>Acheter \u00e0 B\u00e9tera, c'est choisir un cadre r\u00e9sidentiel structur\u00e9 \u00e0 15 kilom\u00e8tres de Valencia \u2014 avec du jardin, de la piscine, une connexion m\u00e9tro directe \u00e0 la ville, et des \u00e9coles internationales dans un rayon de 10 minutes. C'est aussi, en 2026, acheter sur un march\u00e9 sous tension : les biens bien positionn\u00e9s se vendent vite, les prix progressent, et les opportunit\u00e9s dans les urbanisations \u00e9tablies sont limit\u00e9es.<\/p>\r\n\r\n  <p>Nous op\u00e9rons depuis Moncada, commune voisine de B\u00e9tera \u00e0 10 minutes. Nous connaissons ce march\u00e9 au quotidien \u2014 les urbanisations, les prix r\u00e9els, les pi\u00e8ges sp\u00e9cifiques \u00e0 cette zone. Ce guide rassemble ce que nous savons utile avant toute d\u00e9cision d'achat \u00e0 B\u00e9tera en 2026.<\/p>\r\n\r\n  <!-- SECTION 1 : POURQUOI B\u00c9TERA -->\r\n  <div class=\"ebm-sep\" id=\"pourquoi\"><span>Pourquoi B\u00e9tera<\/span><\/div>\r\n  <h3>B\u00e9tera, la commune du Camp de T\u00faria qui coche le plus de cases \u00e0 la fois<\/h3>\r\n\r\n  <p>B\u00e9tera concentre ce que peu de communes de la zone m\u00e9tropolitaine de Valencia parviennent \u00e0 r\u00e9unir : de l'espace, une desserte transport efficace, une offre scolaire internationale compl\u00e8te, et un cadre naturel pr\u00e9serv\u00e9 avec la Sierra Calderona en arri\u00e8re-plan. Ce n'est pas un hasard si la commune attire des familles en cours d'expatriation depuis plusieurs d\u00e9cennies \u2014 espagnoles, britanniques, fran\u00e7aises, belges.<\/p>\r\n\r\n  <div class=\"ebm-raisons\">\r\n    <div class=\"ebm-raison\">\r\n      <span class=\"ebm-raison-titre\">L'espace et les parcelles<\/span>\r\n      <p>Les urbanisations de B\u00e9tera permettent des maisons individuelles sur des parcelles de 700 \u00e0 1 500 m\u00b2, avec piscine et jardin. Ce format est quasi-introuvable \u00e0 ces distances de Valencia dans d'autres communes du Camp de T\u00faria.<\/p>\r\n    <\/div>\r\n    <div class=\"ebm-raison\">\r\n      <span class=\"ebm-raison-titre\">La desserte m\u00e9tro directe<\/span>\r\n      <p>La ligne 1 du Metrovalencia termine son parcours \u00e0 B\u00e9tera. Le trajet jusqu'au centre de Valencia prend environ 40 minutes, sans voiture. Un avantage concret pour les familles avec deux actifs, ou pour les r\u00e9sidences secondaires \u00e0 g\u00e9rer sans voiture.<\/p>\r\n    <\/div>\r\n    <div class=\"ebm-raison\">\r\n      <span class=\"ebm-raison-titre\">L'offre scolaire<\/span>\r\n      <p>Plusieurs \u00e9tablissements bilingues et internationaux sont implant\u00e9s dans les urbanisations ou \u00e0 moins de 15 minutes : Mas Camarena (bilingue), Liceo Franc\u00e9s de Valencia, British School, Cambridge School, CEU. Un atout d\u00e9cisif pour les familles francophones avec enfants.<\/p>\r\n    <\/div>\r\n    <div class=\"ebm-raison\">\r\n      <span class=\"ebm-raison-titre\">La s\u00e9curit\u00e9 r\u00e9sidentielle<\/span>\r\n      <p>Les principales urbanisations \u2014 Torre en Conill, Mas Camarena \u2014 disposent d'une vigilance priv\u00e9e 24h\/24. Un crit\u00e8re important pour les familles qui g\u00e8rent leur bien depuis l'\u00e9tranger ou pour les r\u00e9sidences secondaires occup\u00e9es par intermittence.<\/p>\r\n    <\/div>\r\n    <div class=\"ebm-raison\">\r\n      <span class=\"ebm-raison-titre\">La proximit\u00e9 nature<\/span>\r\n      <p>B\u00e9tera est adoss\u00e9e \u00e0 la Sierra Calderona, parc naturel accessible \u00e0 pied depuis les urbanisations. Randonn\u00e9e, \u00e9quitation, air pur \u2014 un environnement que peu de communes aussi proches de Valencia peuvent offrir.<\/p>\r\n    <\/div>\r\n    <div class=\"ebm-raison\">\r\n      <span class=\"ebm-raison-titre\">Les services int\u00e9gr\u00e9s<\/span>\r\n      <p>Supermarch\u00e9s, centre de sant\u00e9, commerces, restaurants \u2014 B\u00e9tera fonctionne de fa\u00e7on quasi-autonome. Torre en Conill et Mas Camarena ont leurs propres supermarch\u00e9s, restaurants et \u00e9quipements sportifs au sein des urbanisations.<\/p>\r\n    <\/div>\r\n  <\/div>\r\n\r\n  <div class=\"ebm-highlight\">\r\n    <p>B\u00e9tera est l'une des rares communes du Camp de T\u00faria o\u00f9 espaces verts, maisons individuelles avec piscine, \u00e9coles internationales, desserte m\u00e9tro et services de proximit\u00e9 se trouvent simultan\u00e9ment \u2014 sans passer par le centre de Valencia.<\/p>\r\n  <\/div>\r\n\r\n  <!-- CTA INLINE 1 : projet g\u00e9n\u00e9ral -->\r\n  <div class=\"ebm-cta-inline\">\r\n    <div class=\"ebm-cta-inline-text\">\r\n      <strong>Vous cherchez \u00e0 B\u00e9tera ou dans le Camp de T\u00faria ?<\/strong>\r\n      <p>D\u00e9crivez-nous votre projet en quelques informations. Nous vous recontactons avec une s\u00e9lection de biens r\u00e9ellement adapt\u00e9s \u00e0 vos crit\u00e8res.<\/p>\r\n    <\/div>\r\n    <a href=\"https:\/\/form.fillout.com\/t\/jUUj2Wbjesus\" class=\"ebm-cta-inline-btn\" target=\"_blank\" rel=\"noopener\">Parlez-nous de votre projet<\/a>\r\n  <\/div>\r\n\r\n  <!-- SECTION 2 : B\u00c9TERA OU MONCADA -->\r\n  <div class=\"ebm-sep\" id=\"vs-moncada\"><span>B\u00e9tera ou Moncada<\/span><\/div>\r\n  <h3>B\u00e9tera ou Moncada : quelle commune choisir selon votre projet ?<\/h3>\r\n\r\n  <p>La question revient souvent chez nos clients francophones qui d\u00e9couvrent le Camp de T\u00faria. Les deux communes sont \u00e0 10 minutes l'une de l'autre, mais leur caract\u00e8re est sensiblement diff\u00e9rent. Voici les \u00e9l\u00e9ments qui font pencher la d\u00e9cision d'un c\u00f4t\u00e9 ou de l'autre.<\/p>\r\n\r\n  <div class=\"ebm-comparatif\">\r\n    <div class=\"ebm-comparatif-col\">\r\n      <span class=\"ebm-comparatif-col-header\">B\u00e9tera \u2014 Plus d'espace, plus r\u00e9sidentiel<\/span>\r\n      <ul>\r\n        <li>Maisons individuelles sur grandes parcelles (700\u20131 500 m\u00b2)<\/li>\r\n        <li>Urbanisations ferm\u00e9es avec s\u00e9curit\u00e9 priv\u00e9e<\/li>\r\n        <li>Golf Escorpi\u00f3n, Sierra Calderona \u00e0 pied<\/li>\r\n        <li>\u00c9coles internationales int\u00e9gr\u00e9es dans les urbanisations<\/li>\r\n        <li>Moins de vie de village, plus de tranquillit\u00e9<\/li>\r\n        <li>Budget plancher plus \u00e9lev\u00e9 : \u00e0 partir de 350 000 \u20ac<\/li>\r\n        <li>M\u00e9tro ligne 1 \u2014 terminus B\u00e9tera (40 min Valencia)<\/li>\r\n      <\/ul>\r\n    <\/div>\r\n    <div class=\"ebm-comparatif-col\">\r\n      <span class=\"ebm-comparatif-col-header\">Moncada \u2014 Plus urbaine, plus accessible<\/span>\r\n      <ul>\r\n        <li>Mix maisons individuelles et appartements<\/li>\r\n        <li>Vie de quartier, commerces, bars, march\u00e9 hebdomadaire<\/li>\r\n        <li>Acc\u00e8s rapide Valencia en voiture (10 min) et bus<\/li>\r\n        <li>CEU \u00e0 moins de 5 minutes, \u00e9coles espagnoles et bilingues<\/li>\r\n        <li>Cadre plus anim\u00e9, moins isol\u00e9 que les urbanisations ferm\u00e9es<\/li>\r\n        <li>Budget plus accessible : \u00e0 partir de 250 000 \u20ac pour une maison<\/li>\r\n        <li>Pas de m\u00e9tro direct, mais autobus et rocade<\/li>\r\n      <\/ul>\r\n    <\/div>\r\n  <\/div>\r\n\r\n  <p>En pratique : les familles avec enfants en bas \u00e2ge qui cherchent une installation \u00e0 long terme choisissent souvent B\u00e9tera pour la combinaison \u00e9cole-espace-s\u00e9curit\u00e9. Ceux qui veulent rester proches d'une vie quotidienne plus espagnole, ou dont le budget est plus serr\u00e9, regardent Moncada en premier. Notre article sur <a href=\"\/fr\/blog\/moncada-valence-quartiers-immobilier-prix\/\" target=\"_blank\" rel=\"noopener\"><strong>l'immobilier \u00e0 Moncada et dans le Camp de T\u00faria<\/strong><\/a> d\u00e9taille les prix et les quartiers.<\/p>\r\n\r\n  <!-- SECTION 3 : MARCH\u00c9 -->\r\n  <div class=\"ebm-sep\" id=\"marche\"><span>Le march\u00e9 en chiffres<\/span><\/div>\r\n  <h3>Acheter \u00e0 B\u00e9tera en 2026 : un march\u00e9 sous tension, des prix qui progressent<\/h3>\r\n\r\n  <p>Le march\u00e9 immobilier de B\u00e9tera suit la dynamique de l'ensemble de la zone m\u00e9tropolitaine de Valencia \u2014 une demande qui d\u00e9passe l'offre disponible dans les urbanisations \u00e9tablies, combin\u00e9e \u00e0 une hausse continue des prix depuis 2022. Les donn\u00e9es ci-dessous sont issues des portails immobiliers espagnols et de sources officielles.<\/p>\r\n\r\n  <div class=\"ebm-chiffres\">\r\n    <div class=\"ebm-chiffre\">\r\n      <span class=\"ebm-chiffre-num\">2 150 \u20ac<\/span>\r\n      <span class=\"ebm-chiffre-label\">prix moyen au m\u00b2 \u00e0 B\u00e9tera, toutes typologies confondues<\/span>\r\n      <span class=\"ebm-chiffre-source\">Source : thinkspain.com, relev\u00e9 2026<\/span>\r\n    <\/div>\r\n    <div class=\"ebm-chiffre\">\r\n      <span class=\"ebm-chiffre-num\">+16 %<\/span>\r\n      <span class=\"ebm-chiffre-label\">hausse annuelle des prix en Communaut\u00e9 Valencienne entre nov. 2024 et nov. 2025<\/span>\r\n      <span class=\"ebm-chiffre-source\">Source : idealista.com, d\u00e9c. 2025<\/span>\r\n    <\/div>\r\n    <div class=\"ebm-chiffre\">\r\n      <span class=\"ebm-chiffre-num\">720 000 \u20ac<\/span>\r\n      <span class=\"ebm-chiffre-label\">prix moyen affich\u00e9 sur les portails \u00e0 B\u00e9tera, toutes surfaces confondues<\/span>\r\n      <span class=\"ebm-chiffre-source\">Source : thinkspain.com, relev\u00e9 2026<\/span>\r\n    <\/div>\r\n  <\/div>\r\n\r\n  <p>La moyenne affich\u00e9e \u00e0 720 000 \u20ac est tir\u00e9e vers le haut par les villas de prestige de Torre en Conill et quelques fincas rurales hors normes. Elle ne refl\u00e8te pas la r\u00e9alit\u00e9 du march\u00e9 entre 350 000 et 550 000 \u20ac, qui est le segment le plus actif \u00e0 B\u00e9tera. Les <a href=\"https:\/\/www.registradores.org\/\" target=\"_blank\" rel=\"noopener\"><strong>donn\u00e9es officielles des Registradores de la Propiedad<\/strong><\/a> confirment que la zone m\u00e9tropolitaine de Valencia figure parmi les march\u00e9s les plus dynamiques d'Espagne depuis 2023.<\/p>\r\n\r\n  <div class=\"ebm-note\">\r\n    <p><strong>Ce que cela change concr\u00e8tement :<\/strong> les maisons avec piscine en bon \u00e9tat dans Mas Camarena \u00e0 moins de 450 000 \u20ac partent en moins de quatre semaines. Attendre ou visiter sans mandat de recherche actif, c'est syst\u00e9matiquement rater les meilleures opportunit\u00e9s au prix du march\u00e9.<\/p>\r\n  <\/div>\r\n\r\n  <!-- SECTION 4 : LES URBANISATIONS -->\r\n  <div class=\"ebm-sep\" id=\"urbanisations\"><span>Les urbanisations<\/span><\/div>\r\n  <h3>Acheter \u00e0 B\u00e9tera : quelle urbanisation selon votre profil et votre budget ?<\/h3>\r\n\r\n  <p>B\u00e9tera regroupe plusieurs secteurs r\u00e9sidentiels aux caract\u00e8res tr\u00e8s diff\u00e9rents. Le choix de l'urbanisation conditionne votre confort quotidien, les charges annexes, et la liquidit\u00e9 du bien \u00e0 la revente.<\/p>\r\n\r\n  <table class=\"ebm-tableau\">\r\n    <thead>\r\n      <tr>\r\n        <th>Secteur<\/th>\r\n        <th>Caract\u00e9ristiques<\/th>\r\n        <th>Budget indicatif<\/th>\r\n      <\/tr>\r\n    <\/thead>\r\n    <tbody>\r\n      <tr>\r\n        <td>Torre en Conill<\/td>\r\n        <td>Urbanisation construite autour du golf Escorpi\u00f3n (27 trous, Ron Kirby). Villas individuelles sur grandes parcelles, s\u00e9curit\u00e9 priv\u00e9e 24h\/24, restaurants, supermarch\u00e9 int\u00e9gr\u00e9. Forte demande internationale. Peu de rotation \u2014 les biens restent rarement longtemps sur le march\u00e9.<\/td>\r\n        <td>\u00c0 partir de 500 000 \u20ac<br>Couramment 700 000 \u2014 1 500 000 \u20ac<\/td>\r\n      <\/tr>\r\n      <tr>\r\n        <td>Mas Camarena<\/td>\r\n        <td>Urbanisation ferm\u00e9e con\u00e7ue pour les familles. Maisons individuelles et mitoyennes, \u00e9cole bilingue int\u00e9gr\u00e9e, commerces, piscines collectives, pistes de padel. Le meilleur rapport qualit\u00e9\/budget de B\u00e9tera pour les familles avec enfants. Segment le plus tendu du march\u00e9 local.<\/td>\r\n        <td>350 000 \u2014 600 000 \u20ac<br>selon surface et \u00e9tat<\/td>\r\n      <\/tr>\r\n      <tr>\r\n        <td>Cumbres de San Antonio<\/td>\r\n        <td>Zone de villas individuelles jouxtant Torre en Conill. Cadre plus calme, moins de services int\u00e9gr\u00e9s, parcelles souvent plus grandes. Prix l\u00e9g\u00e8rement plus accessibles que Torre en Conill pour des surfaces \u00e9quivalentes.<\/td>\r\n        <td>400 000 \u2014 800 000 \u20ac<\/td>\r\n      <\/tr>\r\n      <tr>\r\n        <td>B\u00e9tera pueblo<\/td>\r\n        <td>Le c\u0153ur du village : commerces, station m\u00e9tro, vie quotidienne espagnole. Maisons de ville, appartements, quelques villas en p\u00e9riph\u00e9rie imm\u00e9diate. Id\u00e9al pour ceux qui veulent un cadre plus local, avec les urbanisations accessibles \u00e0 5 minutes en voiture.<\/td>\r\n        <td>\u00c0 partir de 200 000 \u20ac (appartements)<br>350 000 \u20ac (maisons)<\/td>\r\n      <\/tr>\r\n    <\/tbody>\r\n  <\/table>\r\n\r\n  <p>Pour une vision plus large des communes du Camp de T\u00faria \u2014 Godella, Rocafort, N\u00e1quera, L'Eliana \u2014 notre article sur <a href=\"\/fr\/blog\/pourquoi-francophones-achetent-communaute-valencienne\/\" target=\"_blank\" rel=\"noopener\"><strong>pourquoi les francophones ach\u00e8tent en Communaut\u00e9 Valencienne<\/strong><\/a> compare les logiques de chaque zone.<\/p>\r\n\r\n  <!-- SECTION 5 : BUDGET -->\r\n  <div class=\"ebm-sep\" id=\"budget\"><span>Quel budget pr\u00e9voir<\/span><\/div>\r\n  <h3>Ce qu'on ach\u00e8te concr\u00e8tement \u00e0 B\u00e9tera entre 350 000 et 550 000 \u20ac<\/h3>\r\n\r\n  <p>Le segment qui int\u00e9resse la majorit\u00e9 de nos clients francophones se situe entre 350 000 et 550 000 \u20ac. Voici ce que ce budget permet r\u00e9ellement, secteur par secteur.<\/p>\r\n\r\n  <ul>\r\n    <li><strong>350 000 \u2014 400 000 \u20ac<\/strong> \u2014 Maison mitoyenne ou semi-individuelle dans Mas Camarena : 180 \u00e0 220 m\u00b2 construits, 3 \u00e0 4 chambres, jardin privatif, piscine collective. En bon \u00e9tat, pr\u00eate \u00e0 habiter. C'est le segment le plus demand\u00e9 \u2014 les biens bien situ\u00e9s partent en deux \u00e0 quatre semaines.<\/li>\r\n    <li><strong>400 000 \u2014 500 000 \u20ac<\/strong> \u2014 Maison individuelle dans Mas Camarena ou B\u00e9tera pueblo p\u00e9riph\u00e9rie : 220 \u00e0 280 m\u00b2, piscine priv\u00e9e, jardin de 400 \u00e0 700 m\u00b2. Quelques travaux de rafra\u00eechissement souvent n\u00e9cessaires sur les constructions des ann\u00e9es 2000.<\/li>\r\n    <li><strong>500 000 \u2014 650 000 \u20ac<\/strong> \u2014 Villa individuelle r\u00e9cente ou enti\u00e8rement r\u00e9nov\u00e9e dans Mas Camarena ou Cumbres de San Antonio : 280 \u00e0 350 m\u00b2, piscine, jardin de 700 \u00e0 1 200 m\u00b2, finitions actuelles, domotique.<\/li>\r\n    <li><strong>\u00c0 partir de 700 000 \u20ac<\/strong> \u2014 Torre en Conill, villas ind\u00e9pendantes sur grandes parcelles face au golf ou en secteur privil\u00e9gi\u00e9. Peu de rotation, biens parfois hors march\u00e9. Le segment le plus qualitatif de B\u00e9tera.<\/li>\r\n  <\/ul>\r\n\r\n  <div class=\"ebm-note\">\r\n    <p><strong>Budget total \u00e0 anticiper :<\/strong> aux frais d'achat espagnols s'ajoutent 10 \u00e0 13 % du prix du bien \u2014 ITP \u00e0 10 % en Communaut\u00e9 Valencienne, frais de notaire, de registre, et \u00e9ventuellement d'agence. Pour un bien \u00e0 400 000 \u20ac, pr\u00e9voyez entre 440 000 et 452 000 \u20ac au total. Si des travaux s'imposent apr\u00e8s l'achat, notre <a href=\"https:\/\/elegancebymelya.com\/prix-travaux-espagne-2026\/\" target=\"_blank\" rel=\"noopener\"><strong>guide des prix de travaux en Espagne en 2026<\/strong><\/a> donne des ordres de grandeur fiables. Notre <a href=\"\/fr\/financement-immobilier-espagne\/\" target=\"_blank\" rel=\"noopener\"><strong>guide sur le financement en Espagne pour les non-r\u00e9sidents<\/strong><\/a> d\u00e9taille les conditions bancaires applicables depuis la France, la Belgique ou la Suisse.<\/p>\r\n  <\/div>\r\n\r\n  <!-- CTA INLINE 2 : acc\u00e8s opportunit\u00e9s -->\r\n  <div class=\"ebm-cta-inline\">\r\n    <div class=\"ebm-cta-inline-text\">\r\n      <strong>Acc\u00e9dez aux meilleures opportunit\u00e9s du march\u00e9<\/strong>\r\n      <p>Nous s\u00e9lectionnons les biens avant leur publication sur les portails. D\u00e9crivez votre projet \u2014 nous revenons vers vous rapidement.<\/p>\r\n    <\/div>\r\n    <a href=\"https:\/\/form.fillout.com\/t\/6gp2rLKCC6us\" class=\"ebm-cta-inline-btn\" target=\"_blank\" rel=\"noopener\">D\u00e9marrer ma recherche<\/a>\r\n  <\/div>\r\n\r\n  <!-- SECTION 6 : POINTS DE VIGILANCE -->\r\n  <div class=\"ebm-sep\" id=\"pieges\"><span>Les points de vigilance<\/span><\/div>\r\n  <h3>Ce que personne ne vous dira sur l'achat \u00e0 B\u00e9tera avant la signature<\/h3>\r\n\r\n  <p>B\u00e9tera est une zone que nous connaissons bien. Plusieurs points sp\u00e9cifiques \u00e0 ce march\u00e9 m\u00e9ritent une attention particuli\u00e8re avant de faire une offre \u2014 ind\u00e9pendamment de ce que vous diront les agences locales.<\/p>\r\n\r\n  <ul>\r\n    <li><strong>Les charges de copropri\u00e9t\u00e9 dans les urbanisations ferm\u00e9es<\/strong> \u2014 Torre en Conill et Mas Camarena facturent des charges collectives annuelles variables (s\u00e9curit\u00e9, espaces verts, piscines communes). Entre 900 et 3 000 \u20ac selon l'urbanisation et la taille du bien. \u00c0 v\u00e9rifier avant offre : l'\u00e9tat des comptes de la communaut\u00e9 et les travaux vot\u00e9s non encore factur\u00e9s.<\/li>\r\n    <li><strong>Les extensions non d\u00e9clar\u00e9es<\/strong> \u2014 Un nombre significatif de biens \u00e0 B\u00e9tera comportent des extensions \u2014 v\u00e9randa, pergola couverte, pi\u00e8ce suppl\u00e9mentaire \u2014 r\u00e9alis\u00e9es sans permis ou sans mise en conformit\u00e9 catastrale. Une v\u00e9rification urbanistique compl\u00e8te est indispensable. Notre article sur les <a href=\"\/obra-menor-obra-mayor-espagne\/\" target=\"_blank\" rel=\"noopener\"><strong>licences de travaux en Espagne<\/strong><\/a> explique ce que cela implique.<\/li>\r\n    <li><strong>La classification du sol<\/strong> \u2014 Certaines parcelles en p\u00e9riph\u00e9rie de B\u00e9tera ou en lisi\u00e8re des urbanisations sont class\u00e9es en sol rural (suelo no urbanizable), ce qui interdit toute construction suppl\u00e9mentaire. \u00c0 v\u00e9rifier via le cadastre et l'urbanisme municipal avant tout engagement.<\/li>\r\n    <li><strong>L'\u00e9tat des installations<\/strong> \u2014 Les maisons construites entre 1990 et 2005 dans les urbanisations commencent \u00e0 n\u00e9cessiter des mises \u00e0 niveau : \u00e9lectricit\u00e9, plomberie, isolation. Un diagnostic technique pr\u00e9alable permet d'anticiper les co\u00fbts r\u00e9els. Pour savoir comment lire et challenger un devis de r\u00e9novation, consultez notre guide sur <a href=\"https:\/\/elegancebymelya.com\/devis-travaux-espagne-lire-comparer\/\" target=\"_blank\" rel=\"noopener\"><strong>comment lire un devis de travaux en Espagne<\/strong><\/a>.<\/li>\r\n    <li><strong>La gestion \u00e0 distance apr\u00e8s l'achat<\/strong> \u2014 Si vous achetez une r\u00e9sidence secondaire \u00e0 B\u00e9tera et g\u00e9rez depuis l'\u00e9tranger, anticipez la question des travaux et de l'entretien. Notre article sur <a href=\"\/faire-travaux-distance-espagne-communaute-valencienne\/\" target=\"_blank\" rel=\"noopener\"><strong>faire des travaux \u00e0 distance en Communaut\u00e9 Valencienne<\/strong><\/a> d\u00e9taille ce que cela implique concr\u00e8tement.<\/li>\r\n    <li><strong>Le d\u00e9lai de disponibilit\u00e9<\/strong> \u2014 Il n'est pas rare que le vendeur demande plusieurs mois pour lib\u00e9rer le bien apr\u00e8s la signature. Ce d\u00e9lai doit \u00eatre clairement encadr\u00e9 dans le contrato de arras, avec p\u00e9nalit\u00e9s en cas de non-respect. Un point souvent n\u00e9glig\u00e9 et co\u00fbteux.<\/li>\r\n  <\/ul>\r\n\r\n  <div class=\"ebm-note\">\r\n    <p><strong>Sur la v\u00e9rification juridique :<\/strong> en Espagne, le notaire authentifie la transaction mais ne v\u00e9rifie pas syst\u00e9matiquement la situation urbanistique. Un accompagnement juridique ind\u00e9pendant est indispensable sur tout achat immobilier, particuli\u00e8rement dans les communes o\u00f9 les extensions non d\u00e9clar\u00e9es sont fr\u00e9quentes. Notre <a href=\"\/fr\/acheter-bien-immobilier-espagne\/\" target=\"_blank\" rel=\"noopener\"><strong>guide complet de l'achat en Espagne<\/strong><\/a> d\u00e9taille chaque \u00e9tape du processus.<\/p>\r\n  <\/div>\r\n\r\n  <!-- SECTION 7 : PROFILS -->\r\n  <div class=\"ebm-sep\" id=\"accompagnement\"><span>Notre accompagnement<\/span><\/div>\r\n  <h3>Les profils que nous accompagnons \u00e0 B\u00e9tera et dans le Camp de T\u00faria<\/h3>\r\n\r\n  <p>\u00c9l\u00e9gance by Melya est bas\u00e9e \u00e0 Moncada, \u00e0 10 minutes de B\u00e9tera. Nous travaillons cette zone au quotidien et disposons d'un r\u00e9seau local direct \u2014 agences, propri\u00e9taires, notaires \u2014 qui nous donne acc\u00e8s \u00e0 des biens avant leur mise sur les portails. Voici les profils types de clients que nous accompagnons \u00e0 B\u00e9tera.<\/p>\r\n\r\n  <div class=\"ebm-profils\">\r\n    <div class=\"ebm-profil\">\r\n      <div class=\"ebm-profil-flag\">\ud83c\uddeb\ud83c\uddf7<\/div>\r\n      <div class=\"ebm-profil-content\">\r\n        <span class=\"ebm-profil-label\">Famille fran\u00e7aise \u00b7 Expatriation \u00b7 Mas Camarena<\/span>\r\n        <p>Deux actifs qui s'installent en Espagne avec des enfants scolaris\u00e9s. Crit\u00e8res : \u00e9cole internationale \u00e0 moins de 10 minutes, maison individuelle avec piscine, budget 380 000 \u2014 450 000 \u20ac, d\u00e9lai de 4 \u00e0 6 mois avant la rentr\u00e9e. Nous g\u00e9rons la recherche, les v\u00e9rifications juridiques et la coordination avec l'avocat local de A \u00e0 Z.<\/p>\r\n      <\/div>\r\n    <\/div>\r\n    <div class=\"ebm-profil\">\r\n      <div class=\"ebm-profil-flag\">\ud83c\udde7\ud83c\uddea<\/div>\r\n      <div class=\"ebm-profil-content\">\r\n        <span class=\"ebm-profil-label\">Couple belge \u00b7 R\u00e9sidence secondaire \/ installation progressive \u00b7 Torre en Conill<\/span>\r\n        <p>Achat d'une villa avec piscine \u00e0 B\u00e9tera, utilis\u00e9e en r\u00e9sidence secondaire dans un premier temps. Budget 550 000 \u2014 700 000 \u20ac. Gestion compl\u00e8te \u00e0 distance depuis Bruxelles : visites terrain, reporting photo et vid\u00e9o, analyse juridique, coordination jusqu'\u00e0 la signature.<\/p>\r\n      <\/div>\r\n    <\/div>\r\n    <div class=\"ebm-profil\">\r\n      <div class=\"ebm-profil-flag\">\ud83c\udde8\ud83c\udded<\/div>\r\n      <div class=\"ebm-profil-content\">\r\n        <span class=\"ebm-profil-label\">Retrait\u00e9 suisse \u00b7 Installation d\u00e9finitive \u00b7 B\u00e9tera pueblo ou Mas Camarena<\/span>\r\n        <p>Budget 350 000 \u2014 450 000 \u20ac, maison de plain-pied, jardin entretenu, calme. Projet d'installation dans les 6 mois. Accompagnement sur la recherche, la fiscalit\u00e9 non-r\u00e9sidents, et les aspects succession \u2014 pour lesquels notre <a href=\"\/fr\/blog\/heritage-espagne-guide-complet\/\" target=\"_blank\" rel=\"noopener\"><strong>guide sur l'h\u00e9ritage en Espagne<\/strong><\/a> est souvent un premier point d'entr\u00e9e.<\/p>\r\n      <\/div>\r\n    <\/div>\r\n  <\/div>\r\n\r\n  <p>Notre intervention couvre la recherche compl\u00e8te \u2014 y compris les biens hors march\u00e9 non publi\u00e9s sur les portails \u2014 ainsi que l'accompagnement juridique et administratif jusqu'\u00e0 la remise des cl\u00e9s. Pour en savoir plus sur notre m\u00e9thode, consultez notre page <a href=\"\/fr\/chasseur-immobilier-espagne\/\" target=\"_blank\" rel=\"noopener\"><strong>chasseur immobilier en Espagne<\/strong><\/a>. Si votre projet inclut des travaux apr\u00e8s l'achat, notre <a href=\"\/travaux-renovation-espagne\/\" target=\"_blank\" rel=\"noopener\"><strong>service travaux<\/strong><\/a> prend en charge le pilotage complet depuis l'\u00e9tude pr\u00e9alable \u00e0 49 \u20ac TTC.<\/p>\r\n\r\n  <!-- HONORAIRES -->\r\n  <div class=\"ebm-sep\" id=\"honoraires\"><span>Nos honoraires<\/span><\/div>\r\n  <h3>Une structure tarifaire transparente et sans surprise<\/h3>\r\n\r\n  <p>Nous choisissons d'afficher nos tarifs. Nos clients ont la capacit\u00e9 d'\u00e9valuer un service \u2014 la transparence est pour nous un signal de s\u00e9rieux, pas une contrainte commerciale.<\/p>\r\n\r\n  <div class=\"ebm-honoraires\">\r\n    <div class=\"ebm-honoraires-header\">\r\n      <span>Structure de nos honoraires \u2014 \u00c9l\u00e9gance by Melya<\/span>\r\n    <\/div>\r\n    <div class=\"ebm-honoraire-ligne\">\r\n      <div class=\"ebm-honoraire-montant\"><span>350 \u20ac<\/span><\/div>\r\n      <div class=\"ebm-honoraire-detail\">\r\n        <strong>Mandat de recherche TTC<\/strong>\r\n        <p>Vers\u00e9 \u00e0 la signature du mandat. Couvre le lancement de la recherche, l'analyse de votre projet, l'acc\u00e8s \u00e0 notre r\u00e9seau hors march\u00e9 dans le Camp de T\u00faria et le suivi personnalis\u00e9 jusqu'aux premi\u00e8res s\u00e9lections terrain.<\/p>\r\n      <\/div>\r\n    <\/div>\r\n    <div class=\"ebm-honoraire-ligne\">\r\n      <div class=\"ebm-honoraire-montant\"><span>3 %<\/span><\/div>\r\n      <div class=\"ebm-honoraire-detail\">\r\n        <strong>Honoraires de succ\u00e8s HT<\/strong>\r\n        <p>Uniquement en cas d'achat effectif, calcul\u00e9s sur le prix d'acquisition final. Si le bien est pr\u00e9sent\u00e9 par une agence espagnole locale, les honoraires de cette agence s'ajoutent selon les pratiques standard du march\u00e9 valencien.<\/p>\r\n      <\/div>\r\n    <\/div>\r\n    <div class=\"ebm-honoraire-ligne\">\r\n      <div class=\"ebm-honoraire-montant\"><span>49 \u20ac<\/span><\/div>\r\n      <div class=\"ebm-honoraire-detail\">\r\n        <strong>\u00c9tude projet travaux TTC<\/strong>\r\n        <p>Si votre achat est conditionn\u00e9 \u00e0 des travaux, nous r\u00e9alisons une \u00e9tude pr\u00e9alable de faisabilit\u00e9 et de chiffrage avant tout engagement. Un investissement qui permet d'\u00e9viter les mauvaises surprises post-signature.<\/p>\r\n      <\/div>\r\n    <\/div>\r\n  <\/div>\r\n\r\n  <div class=\"ebm-note\">\r\n    <p>Un premier \u00e9change de 20 \u00e0 30 minutes sans engagement \u2014 pour comprendre votre projet et vous dire honn\u00eatement si B\u00e9tera correspond \u00e0 votre recherche, ou si une autre commune du Camp de T\u00faria serait plus adapt\u00e9e. Avant tout engagement financier.<\/p>\r\n  <\/div>\r\n\r\n  <!-- CTA FINAL -->\r\n  <div class=\"ebm-cta\">\r\n    <span class=\"ebm-cta-eyebrow\">\u00c9l\u00e9gance by Melya \u2014 Chasseur immobilier B\u00e9tera & Camp de T\u00faria<\/span>\r\n    <h4>Votre projet \u00e0 B\u00e9tera, accompagn\u00e9 depuis Moncada<\/h4>\r\n    <p style=\"color:#e0ddd8 !important;\">Mandat de recherche \u00e0 350 \u20ac TTC. Honoraires de succ\u00e8s \u00e0 3 % HT uniquement en cas d'achat. Nous sommes \u00e0 10 minutes de B\u00e9tera \u2014 parlons de votre projet.<\/p>\r\n    <a href=\"https:\/\/form.fillout.com\/t\/6gp2rLKCC6us\" class=\"ebm-cta-btn\" target=\"_blank\" rel=\"noopener\">Acc\u00e9dez aux meilleures opportunit\u00e9s<\/a>\r\n  <\/div>\r\n\r\n<\/div>\r\n\r\n<!-- ============================================================ -->\r\n<!-- FAQ \u2014 \u00c0 INT\u00c9GRER HORS HTML ARTICLE (bloc Rank Math FAQ)     -->\r\n<!-- ============================================================\r\n\r\n1. Est-ce que B\u00e9tera est loin de Valencia ?\r\nB\u00e9tera est \u00e0 15 \u00e0 20 minutes de Valencia en voiture par la CV-35. En transports en commun, la ligne 1 du Metrovalencia relie le centre de B\u00e9tera \u00e0 Valencia en environ 40 minutes. Les urbanisations Torre en Conill et Mas Camarena se trouvent \u00e0 5 minutes suppl\u00e9mentaires du bourg.\r\n\r\n2. Quel est le prix moyen d'une maison \u00e0 B\u00e9tera en 2026 ?\r\nLe prix moyen au m\u00b2 \u00e0 B\u00e9tera est d'environ 2 150 \u20ac, selon les donn\u00e9es des portails immobiliers espagnols en 2026. Pour une maison individuelle avec piscine et jardin de 200 \u00e0 250 m\u00b2, les prix se situent entre 350 000 et 550 000 \u20ac selon le secteur, l'\u00e9tat du bien et la taille de la parcelle. Les villas dans Torre en Conill d\u00e9passent souvent les 700 000 \u20ac.\r\n\r\n3. Quelle est la meilleure urbanisation de B\u00e9tera pour une famille avec enfants ?\r\nMas Camarena est g\u00e9n\u00e9ralement la premi\u00e8re recommandation. L'urbanisation est s\u00e9curis\u00e9e, dispose d'un supermarch\u00e9 et de restaurants int\u00e9gr\u00e9s, et le coll\u00e8ge bilingue Mas Camarena est implant\u00e9 dans l'enceinte. Plusieurs \u00e9tablissements internationaux \u2014 Liceo Franc\u00e9s, British School \u2014 sont accessibles \u00e0 moins de 15 minutes.\r\n\r\n4. Y a-t-il des risques juridiques sp\u00e9cifiques \u00e0 l'achat \u00e0 B\u00e9tera ?\r\nLes principaux points de vigilance concernent les extensions non d\u00e9clar\u00e9es (v\u00e9randa, surfaces suppl\u00e9mentaires r\u00e9alis\u00e9es sans permis), les charges de copropri\u00e9t\u00e9 dans les urbanisations ferm\u00e9es, et la classification du sol en p\u00e9riph\u00e9rie. Une v\u00e9rification urbanistique compl\u00e8te par un avocat ind\u00e9pendant est indispensable avant signature.\r\n\r\n5. Peut-on acheter \u00e0 B\u00e9tera \u00e0 distance depuis la France ou la Belgique ?\r\nOui, \u00e0 condition d'\u00eatre accompagn\u00e9 par un professionnel local capable de visiter en votre nom, de vous transmettre un rapport complet et de suivre les d\u00e9marches juridiques sur place. Nous avons r\u00e9alis\u00e9 plusieurs acquisitions \u00e0 B\u00e9tera pour des clients fran\u00e7ais et belges qui n'ont visit\u00e9 le bien qu'une seule fois, apr\u00e8s pr\u00e9s\u00e9lection terrain.\r\n\r\n6. Quelle est la diff\u00e9rence entre B\u00e9tera et Moncada pour un achat immobilier ?\r\nB\u00e9tera offre davantage d'espace, des urbanisations ferm\u00e9es avec s\u00e9curit\u00e9, et un cadre plus r\u00e9sidentiel et naturel \u2014 id\u00e9al pour les familles avec enfants et les r\u00e9sidences secondaires. Moncada est plus urbaine, plus accessible au quotidien, et permet des budgets d'entr\u00e9e plus bas. Nous sommes bas\u00e9s \u00e0 Moncada et travaillons les deux march\u00e9s.\r\n\r\n-->\r\n\r\n<!-- ============================================================ -->\r\n<!-- RANK MATH \/ SEO                                              -->\r\n<!-- ============================================================\r\n\r\nMot-cl\u00e9 focus : acheter \u00e0 B\u00e9tera\r\nTitle SEO : Acheter \u00e0 B\u00e9tera en 2026 : prix, urbanisations et guide (55 car.)\r\nMeta description : Acheter \u00e0 B\u00e9tera en 2026 : prix au m\u00b2, urbanisations Torre en Conill et Mas Camarena, budget r\u00e9el et points de vigilance. Guide pour acheteurs francophones. (158 car.)\r\nSlug URL : acheter-betera-espagne-2026\r\nFil d'Ariane : Accueil > Conseils > Acheter \u00e0 B\u00e9tera en 2026\r\nURL canonique : https:\/\/elegancebymelya.com\/conseils\/acheter-betera-espagne-2026\/\r\n\r\n\u00c9tiquettes WordPress : B\u00e9tera, Camp de T\u00faria, achat immobilier Espagne, chasseur immobilier Valencia, Torre en Conill, Mas Camarena, immobilier francophones Espagne, Communaut\u00e9 Valencienne, vivre \u00e0 B\u00e9tera\r\n\r\nMots-cl\u00e9s secondaires cibl\u00e9s :\r\n- immobilier B\u00e9tera\r\n- acheter maison B\u00e9tera\r\n- acheter villa B\u00e9tera\r\n- vivre \u00e0 B\u00e9tera\r\n- Mas Camarena immobilier\r\n- Torre en Conill immobilier\r\n\r\nImage featured : betera-mas-camarena-maison-piscine-2026.jpg\r\nImage corps article : betera-torre-en-conill-golf-escorpion.jpg\r\n\r\n-->\r\n\r\n<!-- ============================================================ -->\r\n<!-- POST GOOGLE BUSINESS (ES)                                    -->\r\n<!-- ============================================================\r\n\r\n\u00bfPens\u00e1is comprar casa en B\u00e9tera en 2026?\r\n\r\nEl mercado en B\u00e9tera sigue siendo uno de los m\u00e1s activos del \u00e1rea metropolitana de Valencia. Mas Camarena y Torre en Conill concentran la mayor demanda por parte de familias franc\u00f3fonas que buscan vivienda unifamiliar con piscina, colegios internacionales y metro directo a Valencia.\r\n\r\nEn \u00c9l\u00e9gance by Melya os acompa\u00f1amos en toda la b\u00fasqueda desde Moncada \u2014 a 10 minutos de B\u00e9tera: selecci\u00f3n de propiedades, verificaci\u00f3n urban\u00edstica, gesti\u00f3n jur\u00eddica y coordinaci\u00f3n con notar\u00eda.\r\n\r\n\ud83d\udc49 Consulta nuestra gu\u00eda completa en elegancebymelya.com\r\n\r\n-->\r\n\r\n<!-- ============================================================ -->\r\n<!-- CARROUSEL INSTAGRAM \/ FACEBOOK (ES) \u2014 8 slides              -->\r\n<!-- ============================================================\r\n\r\nSLIDE 1 \u2014 TITRE\r\n\u00bfComprar en B\u00e9tera en 2026?\r\nTodo lo que necesitas saber antes de decidir.\r\n[visuel : vue r\u00e9sidentielle Mas Camarena ou Torre en Conill]\r\n\r\nSLIDE 2 \u2014 B\u00c9TERA VS MONCADA\r\nB\u00e9tera o Moncada, \u00bfcu\u00e1l elegir?\r\nB\u00e9tera \u2192 m\u00e1s espacio, urbanizaciones cerradas, colegios internacionales integrados, parcelas grandes.\r\nMoncada \u2192 m\u00e1s urbana, vida de barrio, presupuesto de entrada m\u00e1s asequible.\r\nLos dos est\u00e1n a 10 minutos entre s\u00ed.\r\n\r\nSLIDE 3 \u2014 CHIFFRES\r\nEl mercado en cifras (2026):\r\n\u2192 ~2.150 \u20ac\/m\u00b2 precio medio en B\u00e9tera\r\n\u2192 +16% subida anual en la Comunitat Valenciana\r\n\u2192 Los mejores pisos en Mas Camarena se venden en menos de 4 semanas\r\nFuentes: thinkspain, idealista\r\n\r\nSLIDE 4 \u2014 URBANISATIONS\r\nMas Camarena o Torre en Conill, \u00bfcu\u00e1l te conviene?\r\n\u2014 Mas Camarena: urbanizaci\u00f3n cerrada, colegio biling\u00fce integrado, presupuesto desde 350.000 \u20ac\r\n\u2014 Torre en Conill: villas de lujo, campo de golf Escorpi\u00f3n, desde 500.000 \u20ac\r\n\u2014 B\u00e9tera pueblo: vida local, metro directo, desde 200.000 \u20ac\r\n\r\nSLIDE 5 \u2014 COLEGIOS\r\nColegios bilingues e internacionales a menos de 15 min:\r\n\ud83c\udfeb Mas Camarena (biling\u00fce)\r\n\ud83c\udfeb Liceo Franc\u00e9s de Valencia\r\n\ud83c\udfeb British School Valencia\r\n\ud83c\udfeb Cambridge School\r\n\ud83c\udfeb CEU (Moncada, 10 min)\r\n\r\nSLIDE 6 \u2014 VIGILANCE\r\nAntes de firmar en B\u00e9tera:\r\n\u26a0\ufe0f Verifica extensiones sin licencia (frecuentes)\r\n\u26a0\ufe0f Comprueba las cuotas de comunidad (900\u20133.000 \u20ac\/a\u00f1o)\r\n\u26a0\ufe0f Confirma la clasificaci\u00f3n del suelo\r\n\u26a0\ufe0f Revisa el contrato de arras con un abogado independiente\r\n\r\nSLIDE 7 \u2014 NOS HONORAIRES\r\nNuestros honorarios:\r\n350 \u20ac para iniciar la b\u00fasqueda\r\n3% de honorarios de \u00e9xito, solo si compras\r\n49 \u20ac estudio previo de obras si necesitas reforma\r\nSin sorpresas \u2014 todo claro desde el principio.\r\n\r\nSLIDE 8 \u2014 CTA\r\n\u00bfTu proyecto en B\u00e9tera o el Camp de T\u00faria?\r\nEstamos en Moncada, a 10 minutos.\r\nHablamos de tu proyecto \u2014 sin compromiso.\r\n\ud83d\udc49 elegancebymelya.com\r\n\r\nCAPTION :\r\nB\u00e9tera, Mas Camarena, Torre en Conill : le march\u00e9 immobilier du Camp de T\u00faria reste l'un des plus demand\u00e9s de la zone m\u00e9tropolitaine de Valencia. Nous op\u00e9rons depuis Moncada, \u00e0 10 minutes. Recherche, v\u00e9rification juridique, coordination \u2014 tout est pris en charge. Votre projet ? \ud83d\udc49 elegancebymelya.com\r\n\r\n#B\u00e9teraValencia #MasCamarena #TorreEnConill #HortaNord #ComprarEnEspa\u00f1a #InmobiliariaValencia #ChasseursImmobiliers #Franc\u00f3fonosEspa\u00f1a\r\n\r\n-->\t\t\t\t<\/div>\n\t\t\t\t<\/div>\n\t\t\t\t<div class=\"elementor-element elementor-element-a2129d9 elementor-widget elementor-widget-html\" data-id=\"a2129d9\" data-element_type=\"widget\" data-e-type=\"widget\" data-widget_type=\"html.default\">\n\t\t\t\t<div class=\"elementor-widget-container\">\n\t\t\t\t\t<!-- ===== FAQ \u2014 Comment lire et comparer un devis de travaux en Espagne ===== -->\r\n\r\n<style>\r\n  .faq-ebm details {\r\n    border: 1px solid #e0ddd8;\r\n    border-left: 3px solid #C74A06;\r\n    padding: 16px 20px;\r\n    margin: 12px 0;\r\n    background: #fff;\r\n  }\r\n  .faq-ebm summary {\r\n    cursor: pointer;\r\n    list-style: none;\r\n    font-family: \"Playfair Display\", \"Cormorant Garamond\", serif;\r\n    font-size: 1.05rem;\r\n    font-weight: 600;\r\n    color: #1a1a1a;\r\n    line-height: 1.4;\r\n  }\r\n  .faq-ebm summary::-webkit-details-marker { display: none; }\r\n  .faq-ebm summary::after {\r\n    content: \"\uff0b\";\r\n    float: right;\r\n    font-family: \"Montserrat\", sans-serif;\r\n    font-weight: 400;\r\n    font-size: 1.1rem;\r\n    color: #C74A06;\r\n    transition: transform .2s ease;\r\n  }\r\n  .faq-ebm details[open] summary::after { content: \"\u2013\"; }\r\n  .faq-ebm details[open] {\r\n    border-left-color: #1a1a1a;\r\n    background: #fafaf9;\r\n  }\r\n  .faq-ebm .answer {\r\n    margin-top: 14px;\r\n    color: #2a2a2a;\r\n    font-size: 0.97rem;\r\n    line-height: 1.85;\r\n    font-family: \"Montserrat\", sans-serif;\r\n  }\r\n  .faq-ebm a {\r\n    color: #C74A06;\r\n    font-weight: 600;\r\n    text-decoration: none;\r\n    border-bottom: 1px solid rgba(199,74,6,0.25);\r\n    transition: all .2s ease;\r\n  }\r\n  .faq-ebm a:hover {\r\n    border-bottom-color: #C74A06;\r\n  }\r\n\r\n  \/* S\u00e9parateur titre FAQ dans le style V4 *\/\r\n  .faq-ebm-titre {\r\n    display: flex;\r\n    align-items: center;\r\n    gap: 20px;\r\n    margin: 52px 0 28px 0;\r\n  }\r\n  .faq-ebm-titre::before,\r\n  .faq-ebm-titre::after {\r\n    content: \"\";\r\n    flex: 1;\r\n    height: 1px;\r\n    background: #1a1a1a;\r\n  }\r\n  .faq-ebm-titre span {\r\n    font-size: 9px;\r\n    font-weight: 700;\r\n    letter-spacing: 0.22em;\r\n    text-transform: uppercase;\r\n    color: #1a1a1a;\r\n    white-space: nowrap;\r\n    font-family: \"Montserrat\", sans-serif;\r\n  }\r\n<\/style>\r\n\r\n<div class=\"faq-ebm-titre\"><span>Questions fr\u00e9quentes -  Acheter \u00e0 B\u00e9tera en 2026<\/span><\/div>\r\n\r\n\t\t\t\t<\/div>\n\t\t\t\t<\/div>\n\t\t\t\t<div class=\"elementor-element elementor-element-8ac094b elementor-widget elementor-widget-eael-adv-accordion\" data-id=\"8ac094b\" data-element_type=\"widget\" data-e-type=\"widget\" data-widget_type=\"eael-adv-accordion.default\">\n\t\t\t\t<div class=\"elementor-widget-container\">\n\t\t\t\t\t            <div class=\"eael-adv-accordion\" id=\"eael-adv-accordion-8ac094b\" data-scroll-on-click=\"no\" data-scroll-speed=\"300\" data-accordion-id=\"8ac094b\" data-accordion-type=\"accordion\" data-toogle-speed=\"300\">\n            <div class=\"eael-accordion-list\">\n\t\t\t\t\t<div id=\"1-est-ce-que-btera-est-loin-de-valencia-\" class=\"elementor-tab-title eael-accordion-header\" tabindex=\"0\" data-tab=\"1\" aria-controls=\"elementor-tab-content-1451\"><span class=\"eael-advanced-accordion-icon-closed\"><svg aria-hidden=\"true\" class=\"fa-accordion-icon e-font-icon-svg e-fas-plus\" viewBox=\"0 0 448 512\" xmlns=\"http:\/\/www.w3.org\/2000\/svg\"><path d=\"M416 208H272V64c0-17.67-14.33-32-32-32h-32c-17.67 0-32 14.33-32 32v144H32c-17.67 0-32 14.33-32 32v32c0 17.67 14.33 32 32 32h144v144c0 17.67 14.33 32 32 32h32c17.67 0 32-14.33 32-32V304h144c17.67 0 32-14.33 32-32v-32c0-17.67-14.33-32-32-32z\"><\/path><\/svg><\/span><span class=\"eael-advanced-accordion-icon-opened\"><svg aria-hidden=\"true\" class=\"fa-accordion-icon e-font-icon-svg e-fas-minus\" viewBox=\"0 0 448 512\" xmlns=\"http:\/\/www.w3.org\/2000\/svg\"><path d=\"M416 208H32c-17.67 0-32 14.33-32 32v32c0 17.67 14.33 32 32 32h384c17.67 0 32-14.33 32-32v-32c0-17.67-14.33-32-32-32z\"><\/path><\/svg><\/span><span class=\"eael-accordion-tab-title\">1. Est-ce que B\u00e9tera est loin de Valencia ?<\/span><svg aria-hidden=\"true\" class=\"fa-toggle e-font-icon-svg e-fas-angle-right\" viewBox=\"0 0 256 512\" xmlns=\"http:\/\/www.w3.org\/2000\/svg\"><path d=\"M224.3 273l-136 136c-9.4 9.4-24.6 9.4-33.9 0l-22.6-22.6c-9.4-9.4-9.4-24.6 0-33.9l96.4-96.4-96.4-96.4c-9.4-9.4-9.4-24.6 0-33.9L54.3 103c9.4-9.4 24.6-9.4 33.9 0l136 136c9.5 9.4 9.5 24.6.1 34z\"><\/path><\/svg><\/div><div id=\"elementor-tab-content-1451\" class=\"eael-accordion-content clearfix\" data-tab=\"1\" aria-labelledby=\"1-est-ce-que-btera-est-loin-de-valencia-\"><p><span class=\"_animating_6ta1u_10\">B\u00e9tera <\/span><span class=\"_animating_6ta1u_10\">est \u00e0 15 \u00e0 20 <\/span><span class=\"_animating_6ta1u_10\">minutes de <\/span><span class=\"_animating_6ta1u_10\">Valencia en voiture <\/span><span class=\"_animating_6ta1u_10\">par la <\/span><span class=\"_animating_6ta1u_10\">CV-35. En <\/span><span class=\"_animating_6ta1u_10\">transports en commun, <\/span><span class=\"_animating_6ta1u_10\">la ligne 1 du <\/span><span class=\"_animating_6ta1u_10\">Metrovalencia relie le <\/span><span class=\"_animating_6ta1u_10\">centre de B\u00e9tera \u00e0 <\/span><span class=\"_animating_6ta1u_10\">Valencia en environ <\/span><span class=\"_animating_6ta1u_10\">40 minutes. Les <\/span><span class=\"_animating_6ta1u_10\">urbanisations Torre en Conill <\/span><span class=\"_animating_6ta1u_10\">et Mas <\/span><span class=\"_animating_6ta1u_10\">Camarena se trouvent \u00e0 5 minutes <\/span><span class=\"_animating_6ta1u_10\">suppl\u00e9mentaires du bourg.<\/span><\/p><\/div>\n\t\t\t\t\t<\/div><div class=\"eael-accordion-list\">\n\t\t\t\t\t<div id=\"2-quel-est-le-prix-moyen-dune-maison-btera-en-2026-\" class=\"elementor-tab-title eael-accordion-header\" tabindex=\"0\" data-tab=\"2\" aria-controls=\"elementor-tab-content-1452\"><span class=\"eael-advanced-accordion-icon-closed\"><svg aria-hidden=\"true\" class=\"fa-accordion-icon e-font-icon-svg e-fas-plus\" viewBox=\"0 0 448 512\" xmlns=\"http:\/\/www.w3.org\/2000\/svg\"><path d=\"M416 208H272V64c0-17.67-14.33-32-32-32h-32c-17.67 0-32 14.33-32 32v144H32c-17.67 0-32 14.33-32 32v32c0 17.67 14.33 32 32 32h144v144c0 17.67 14.33 32 32 32h32c17.67 0 32-14.33 32-32V304h144c17.67 0 32-14.33 32-32v-32c0-17.67-14.33-32-32-32z\"><\/path><\/svg><\/span><span class=\"eael-advanced-accordion-icon-opened\"><svg aria-hidden=\"true\" class=\"fa-accordion-icon e-font-icon-svg e-fas-minus\" viewBox=\"0 0 448 512\" xmlns=\"http:\/\/www.w3.org\/2000\/svg\"><path d=\"M416 208H32c-17.67 0-32 14.33-32 32v32c0 17.67 14.33 32 32 32h384c17.67 0 32-14.33 32-32v-32c0-17.67-14.33-32-32-32z\"><\/path><\/svg><\/span><span class=\"eael-accordion-tab-title\">2. Quel est le prix moyen d'une maison \u00e0 B\u00e9tera en 2026 ?<\/span><svg aria-hidden=\"true\" class=\"fa-toggle e-font-icon-svg e-fas-angle-right\" viewBox=\"0 0 256 512\" xmlns=\"http:\/\/www.w3.org\/2000\/svg\"><path d=\"M224.3 273l-136 136c-9.4 9.4-24.6 9.4-33.9 0l-22.6-22.6c-9.4-9.4-9.4-24.6 0-33.9l96.4-96.4-96.4-96.4c-9.4-9.4-9.4-24.6 0-33.9L54.3 103c9.4-9.4 24.6-9.4 33.9 0l136 136c9.5 9.4 9.5 24.6.1 34z\"><\/path><\/svg><\/div><div id=\"elementor-tab-content-1452\" class=\"eael-accordion-content clearfix\" data-tab=\"2\" aria-labelledby=\"2-quel-est-le-prix-moyen-dune-maison-btera-en-2026-\"><p>Le prix moyen au m\u00b2 \u00e0 B\u00e9tera est d&rsquo;environ 2 150 \u20ac, selon les donn\u00e9es des portails immobiliers espagnols en 2026. Pour une maison individuelle avec piscine et jardin de 200 \u00e0 250 m\u00b2, les prix se situent entre 350 000 et 550 000 \u20ac selon le secteur, l&rsquo;\u00e9tat du bien et la taille de la parcelle. Les villas dans Torre en Conill d\u00e9passent souvent les 700 000 \u20ac.<\/p><\/div>\n\t\t\t\t\t<\/div><div class=\"eael-accordion-list\">\n\t\t\t\t\t<div id=\"3-quelle-est-la-meilleure-urbanisation-de-btera-pour-une-famille-avec-enfants-\" class=\"elementor-tab-title eael-accordion-header\" tabindex=\"0\" data-tab=\"3\" aria-controls=\"elementor-tab-content-1453\"><span class=\"eael-advanced-accordion-icon-closed\"><svg aria-hidden=\"true\" class=\"fa-accordion-icon e-font-icon-svg e-fas-plus\" viewBox=\"0 0 448 512\" xmlns=\"http:\/\/www.w3.org\/2000\/svg\"><path d=\"M416 208H272V64c0-17.67-14.33-32-32-32h-32c-17.67 0-32 14.33-32 32v144H32c-17.67 0-32 14.33-32 32v32c0 17.67 14.33 32 32 32h144v144c0 17.67 14.33 32 32 32h32c17.67 0 32-14.33 32-32V304h144c17.67 0 32-14.33 32-32v-32c0-17.67-14.33-32-32-32z\"><\/path><\/svg><\/span><span class=\"eael-advanced-accordion-icon-opened\"><svg aria-hidden=\"true\" class=\"fa-accordion-icon e-font-icon-svg e-fas-minus\" viewBox=\"0 0 448 512\" xmlns=\"http:\/\/www.w3.org\/2000\/svg\"><path d=\"M416 208H32c-17.67 0-32 14.33-32 32v32c0 17.67 14.33 32 32 32h384c17.67 0 32-14.33 32-32v-32c0-17.67-14.33-32-32-32z\"><\/path><\/svg><\/span><span class=\"eael-accordion-tab-title\">3. Quelle est la meilleure urbanisation de B\u00e9tera pour une famille avec enfants ?<\/span><svg aria-hidden=\"true\" class=\"fa-toggle e-font-icon-svg e-fas-angle-right\" viewBox=\"0 0 256 512\" xmlns=\"http:\/\/www.w3.org\/2000\/svg\"><path d=\"M224.3 273l-136 136c-9.4 9.4-24.6 9.4-33.9 0l-22.6-22.6c-9.4-9.4-9.4-24.6 0-33.9l96.4-96.4-96.4-96.4c-9.4-9.4-9.4-24.6 0-33.9L54.3 103c9.4-9.4 24.6-9.4 33.9 0l136 136c9.5 9.4 9.5 24.6.1 34z\"><\/path><\/svg><\/div><div id=\"elementor-tab-content-1453\" class=\"eael-accordion-content clearfix\" data-tab=\"3\" aria-labelledby=\"3-quelle-est-la-meilleure-urbanisation-de-btera-pour-une-famille-avec-enfants-\"><p>Mas Camarena est g\u00e9n\u00e9ralement la premi\u00e8re recommandation. L&rsquo;urbanisation est s\u00e9curis\u00e9e, dispose d&rsquo;un supermarch\u00e9 et de restaurants int\u00e9gr\u00e9s, et le coll\u00e8ge bilingue Mas Camarena est implant\u00e9 dans l&rsquo;enceinte. Plusieurs \u00e9tablissements internationaux \u2014 Liceo Franc\u00e9s, British School \u2014 sont accessibles \u00e0 moins de 15 minutes.<\/p><\/div>\n\t\t\t\t\t<\/div><div class=\"eael-accordion-list\">\n\t\t\t\t\t<div id=\"4-y-a-t-il-des-risques-juridiques-spcifiques-lachat-btera-\" class=\"elementor-tab-title eael-accordion-header\" tabindex=\"0\" data-tab=\"4\" aria-controls=\"elementor-tab-content-1454\"><span class=\"eael-advanced-accordion-icon-closed\"><svg aria-hidden=\"true\" class=\"fa-accordion-icon e-font-icon-svg e-fas-plus\" viewBox=\"0 0 448 512\" xmlns=\"http:\/\/www.w3.org\/2000\/svg\"><path d=\"M416 208H272V64c0-17.67-14.33-32-32-32h-32c-17.67 0-32 14.33-32 32v144H32c-17.67 0-32 14.33-32 32v32c0 17.67 14.33 32 32 32h144v144c0 17.67 14.33 32 32 32h32c17.67 0 32-14.33 32-32V304h144c17.67 0 32-14.33 32-32v-32c0-17.67-14.33-32-32-32z\"><\/path><\/svg><\/span><span class=\"eael-advanced-accordion-icon-opened\"><svg aria-hidden=\"true\" class=\"fa-accordion-icon e-font-icon-svg e-fas-minus\" viewBox=\"0 0 448 512\" xmlns=\"http:\/\/www.w3.org\/2000\/svg\"><path d=\"M416 208H32c-17.67 0-32 14.33-32 32v32c0 17.67 14.33 32 32 32h384c17.67 0 32-14.33 32-32v-32c0-17.67-14.33-32-32-32z\"><\/path><\/svg><\/span><span class=\"eael-accordion-tab-title\">4. Y a-t-il des risques juridiques sp\u00e9cifiques \u00e0 l'achat \u00e0 B\u00e9tera ?<\/span><svg aria-hidden=\"true\" class=\"fa-toggle e-font-icon-svg e-fas-angle-right\" viewBox=\"0 0 256 512\" xmlns=\"http:\/\/www.w3.org\/2000\/svg\"><path d=\"M224.3 273l-136 136c-9.4 9.4-24.6 9.4-33.9 0l-22.6-22.6c-9.4-9.4-9.4-24.6 0-33.9l96.4-96.4-96.4-96.4c-9.4-9.4-9.4-24.6 0-33.9L54.3 103c9.4-9.4 24.6-9.4 33.9 0l136 136c9.5 9.4 9.5 24.6.1 34z\"><\/path><\/svg><\/div><div id=\"elementor-tab-content-1454\" class=\"eael-accordion-content clearfix\" data-tab=\"4\" aria-labelledby=\"4-y-a-t-il-des-risques-juridiques-spcifiques-lachat-btera-\"><p>Les principaux points de vigilance concernent les extensions non d\u00e9clar\u00e9es (v\u00e9randa, surfaces suppl\u00e9mentaires r\u00e9alis\u00e9es sans permis), les charges de copropri\u00e9t\u00e9 dans les urbanisations ferm\u00e9es, et la classification du sol en p\u00e9riph\u00e9rie. Une v\u00e9rification urbanistique compl\u00e8te par un avocat ind\u00e9pendant est indispensable avant signature.<\/p><\/div>\n\t\t\t\t\t<\/div><div class=\"eael-accordion-list\">\n\t\t\t\t\t<div id=\"5-peut-on-acheter-btera-distance-depuis-la-france-ou-la-belgique-\" class=\"elementor-tab-title eael-accordion-header\" tabindex=\"0\" data-tab=\"5\" aria-controls=\"elementor-tab-content-1455\"><span class=\"eael-advanced-accordion-icon-closed\"><svg aria-hidden=\"true\" class=\"fa-accordion-icon e-font-icon-svg e-fas-plus\" viewBox=\"0 0 448 512\" xmlns=\"http:\/\/www.w3.org\/2000\/svg\"><path d=\"M416 208H272V64c0-17.67-14.33-32-32-32h-32c-17.67 0-32 14.33-32 32v144H32c-17.67 0-32 14.33-32 32v32c0 17.67 14.33 32 32 32h144v144c0 17.67 14.33 32 32 32h32c17.67 0 32-14.33 32-32V304h144c17.67 0 32-14.33 32-32v-32c0-17.67-14.33-32-32-32z\"><\/path><\/svg><\/span><span class=\"eael-advanced-accordion-icon-opened\"><svg aria-hidden=\"true\" class=\"fa-accordion-icon e-font-icon-svg e-fas-minus\" viewBox=\"0 0 448 512\" xmlns=\"http:\/\/www.w3.org\/2000\/svg\"><path d=\"M416 208H32c-17.67 0-32 14.33-32 32v32c0 17.67 14.33 32 32 32h384c17.67 0 32-14.33 32-32v-32c0-17.67-14.33-32-32-32z\"><\/path><\/svg><\/span><span class=\"eael-accordion-tab-title\">5. Peut-on acheter \u00e0 B\u00e9tera \u00e0 distance depuis la France ou la Belgique ?<\/span><svg aria-hidden=\"true\" class=\"fa-toggle e-font-icon-svg e-fas-angle-right\" viewBox=\"0 0 256 512\" xmlns=\"http:\/\/www.w3.org\/2000\/svg\"><path d=\"M224.3 273l-136 136c-9.4 9.4-24.6 9.4-33.9 0l-22.6-22.6c-9.4-9.4-9.4-24.6 0-33.9l96.4-96.4-96.4-96.4c-9.4-9.4-9.4-24.6 0-33.9L54.3 103c9.4-9.4 24.6-9.4 33.9 0l136 136c9.5 9.4 9.5 24.6.1 34z\"><\/path><\/svg><\/div><div id=\"elementor-tab-content-1455\" class=\"eael-accordion-content clearfix\" data-tab=\"5\" aria-labelledby=\"5-peut-on-acheter-btera-distance-depuis-la-france-ou-la-belgique-\"><p>Oui, \u00e0 condition d&rsquo;\u00eatre accompagn\u00e9 par un professionnel local capable de visiter en votre nom, de vous transmettre un rapport complet et de suivre les d\u00e9marches juridiques sur place. Nous avons r\u00e9alis\u00e9 plusieurs acquisitions \u00e0 B\u00e9tera pour des clients fran\u00e7ais et belges qui n&rsquo;ont visit\u00e9 le bien qu&rsquo;une seule fois, apr\u00e8s pr\u00e9s\u00e9lection terrain.<\/p><\/div>\n\t\t\t\t\t<\/div><div class=\"eael-accordion-list\">\n\t\t\t\t\t<div id=\"6-quelle-est-la-diffrence-entre-btera-et-moncada-pour-un-achat-immobilier-\" class=\"elementor-tab-title eael-accordion-header\" tabindex=\"0\" data-tab=\"6\" aria-controls=\"elementor-tab-content-1456\"><span class=\"eael-advanced-accordion-icon-closed\"><svg aria-hidden=\"true\" class=\"fa-accordion-icon e-font-icon-svg e-fas-plus\" viewBox=\"0 0 448 512\" xmlns=\"http:\/\/www.w3.org\/2000\/svg\"><path d=\"M416 208H272V64c0-17.67-14.33-32-32-32h-32c-17.67 0-32 14.33-32 32v144H32c-17.67 0-32 14.33-32 32v32c0 17.67 14.33 32 32 32h144v144c0 17.67 14.33 32 32 32h32c17.67 0 32-14.33 32-32V304h144c17.67 0 32-14.33 32-32v-32c0-17.67-14.33-32-32-32z\"><\/path><\/svg><\/span><span class=\"eael-advanced-accordion-icon-opened\"><svg aria-hidden=\"true\" class=\"fa-accordion-icon e-font-icon-svg e-fas-minus\" viewBox=\"0 0 448 512\" xmlns=\"http:\/\/www.w3.org\/2000\/svg\"><path d=\"M416 208H32c-17.67 0-32 14.33-32 32v32c0 17.67 14.33 32 32 32h384c17.67 0 32-14.33 32-32v-32c0-17.67-14.33-32-32-32z\"><\/path><\/svg><\/span><span class=\"eael-accordion-tab-title\">6. Quelle est la diff\u00e9rence entre B\u00e9tera et Moncada pour un achat immobilier ?<\/span><svg aria-hidden=\"true\" class=\"fa-toggle e-font-icon-svg e-fas-angle-right\" viewBox=\"0 0 256 512\" xmlns=\"http:\/\/www.w3.org\/2000\/svg\"><path d=\"M224.3 273l-136 136c-9.4 9.4-24.6 9.4-33.9 0l-22.6-22.6c-9.4-9.4-9.4-24.6 0-33.9l96.4-96.4-96.4-96.4c-9.4-9.4-9.4-24.6 0-33.9L54.3 103c9.4-9.4 24.6-9.4 33.9 0l136 136c9.5 9.4 9.5 24.6.1 34z\"><\/path><\/svg><\/div><div id=\"elementor-tab-content-1456\" class=\"eael-accordion-content clearfix\" data-tab=\"6\" aria-labelledby=\"6-quelle-est-la-diffrence-entre-btera-et-moncada-pour-un-achat-immobilier-\"><div><div class=\"group\"><div class=\"contents\"><div class=\"group relative relative pb-3\"><div class=\"font-claude-response relative leading-[1.65rem] [&amp;_pre&gt;div]:bg-bg-000\/50 [&amp;_pre&gt;div]:border-0.5 [&amp;_pre&gt;div]:border-border-400 [&amp;_.ignore-pre-bg&gt;div]:bg-transparent [&amp;_.standard-markdown_:is(p,blockquote,h1,h2,h3,h4,h5,h6)]:pl-2 [&amp;_.standard-markdown_:is(p,blockquote,ul,ol,h1,h2,h3,h4,h5,h6)]:pr-8 [&amp;_.progressive-markdown_:is(p,blockquote,h1,h2,h3,h4,h5,h6)]:pl-2 [&amp;_.progressive-markdown_:is(p,blockquote,ul,ol,h1,h2,h3,h4,h5,h6)]:pr-8\"><div class=\"standard-markdown grid-cols-1 grid [&amp;_&gt;_*]:min-w-0 gap-3 standard-markdown\"><p class=\"font-claude-response-body break-words whitespace-normal\">B\u00e9tera offre davantage d&rsquo;espace, des urbanisations ferm\u00e9es avec s\u00e9curit\u00e9, et un cadre plus r\u00e9sidentiel et naturel \u2014 id\u00e9al pour les familles avec enfants et les r\u00e9sidences secondaires. Moncada est plus urbaine, plus accessible au quotidien, et permet des budgets d&rsquo;entr\u00e9e plus bas. Nous sommes bas\u00e9s \u00e0 Moncada et travaillons les deux march\u00e9s.<\/p><\/div><\/div><\/div><\/div><\/div><\/div><\/div>\n\t\t\t\t\t<\/div><\/div>\t\t\t\t<\/div>\n\t\t\t\t<\/div>\n\t\t\t\t\t<\/div>\n\t\t\t\t<\/div>\n\t\t\t\t<\/div>\n\t\t","protected":false},"excerpt":{"rendered":"<p>Vous envisagez d\u2019acheter \u00e0 B\u00e9tera en 2026 ? D\u00e9couvrez les prix immobiliers, les urbanisations comme Mas Camarena et Torre en Conill, les \u00e9coles internationales et les points de vigilance avant d\u2019acheter pr\u00e8s de Valencia.<\/p>","protected":false},"author":1,"featured_media":8494,"comment_status":"closed","ping_status":"closed","sticky":false,"template":"","format":"standard","meta":{"site-sidebar-layout":"default","site-content-layout":"","ast-site-content-layout":"default","site-content-style":"default","site-sidebar-style":"default","ast-global-header-display":"","ast-banner-title-visibility":"","ast-main-header-display":"","ast-hfb-above-header-display":"","ast-hfb-below-header-display":"","ast-hfb-mobile-header-display":"","site-post-title":"","ast-breadcrumbs-content":"","ast-featured-img":"","footer-sml-layout":"","ast-disable-related-posts":"","theme-transparent-header-meta":"","adv-header-id-meta":"","stick-header-meta":"","header-above-stick-meta":"","header-main-stick-meta":"","header-below-stick-meta":"","astra-migrate-meta-layouts":"default","ast-page-background-enabled":"default","ast-page-background-meta":{"desktop":{"background-color":"var(--ast-global-color-4)","background-image":"","background-repeat":"repeat","background-position":"center center","background-size":"auto","background-attachment":"scroll","background-type":"","background-media":"","overlay-type":"","overlay-color":"","overlay-opacity":"","overlay-gradient":""},"tablet":{"background-color":"","background-image":"","background-repeat":"repeat","background-position":"center center","background-size":"auto","background-attachment":"scroll","background-type":"","background-media":"","overlay-type":"","overlay-color":"","overlay-opacity":"","overlay-gradient":""},"mobile":{"background-color":"","background-image":"","background-repeat":"repeat","background-position":"center center","background-size":"auto","background-attachment":"scroll","background-type":"","background-media":"","overlay-type":"","overlay-color":"","overlay-opacity":"","overlay-gradient":""}},"ast-content-background-meta":{"desktop":{"background-color":"var(--ast-global-color-5)","background-image":"","background-repeat":"repeat","background-position":"center center","background-size":"auto","background-attachment":"scroll","background-type":"","background-media":"","overlay-type":"","overlay-color":"","overlay-opacity":"","overlay-gradient":""},"tablet":{"background-color":"var(--ast-global-color-5)","background-image":"","background-repeat":"repeat","background-position":"center center","background-size":"auto","background-attachment":"scroll","background-type":"","background-media":"","overlay-type":"","overlay-color":"","overlay-opacity":"","overlay-gradient":""},"mobile":{"background-color":"var(--ast-global-color-5)","background-image":"","background-repeat":"repeat","background-position":"center center","background-size":"auto","background-attachment":"scroll","background-type":"","background-media":"","overlay-type":"","overlay-color":"","overlay-opacity":"","overlay-gradient":""}},"footnotes":"","_wpscppro_dont_share_socialmedia":false,"_wpscppro_custom_social_share_image":0,"_facebook_share_type":"default","_twitter_share_type":"default","_linkedin_share_type":"default","_pinterest_share_type":"default","_linkedin_share_type_page":"","_instagram_share_type":"default","_medium_share_type":"default","_threads_share_type":"default","_google_business_share_type":"default","_selected_social_profile":[],"_wpsp_enable_custom_social_template":false,"_wpsp_social_scheduling":{"enabled":true,"datetime":"2026-06-28 09:00:49","platforms":[],"status":"pending_publication","dateOption":"today","timeOption":"now","customDays":"","customHours":"","customDate":"","customTime":"","schedulingType":"absolute"},"_wpsp_active_default_template":true},"categories":[1],"tags":[233,251,160,255,154,256,252,234,254,226,253,241],"class_list":["post-8454","post","type-post","status-publish","format-standard","has-post-thumbnail","hentry","category-conseils-achat-immobilier-espagne","tag-acheter-a-betera","tag-betera-valence","tag-immobilier-betera","tag-immobilier-camp-de-turia","tag-immobilier-valencia","tag-investir-a-betera","tag-maison-a-betera","tag-mas-camarena","tag-prix-immobilier-betera","tag-torre-en-conill","tag-villa-a-betera","tag-vivre-a-betera"],"_links":{"self":[{"href":"https:\/\/elegancebymelya.com\/es\/wp-json\/wp\/v2\/posts\/8454","targetHints":{"allow":["GET"]}}],"collection":[{"href":"https:\/\/elegancebymelya.com\/es\/wp-json\/wp\/v2\/posts"}],"about":[{"href":"https:\/\/elegancebymelya.com\/es\/wp-json\/wp\/v2\/types\/post"}],"author":[{"embeddable":true,"href":"https:\/\/elegancebymelya.com\/es\/wp-json\/wp\/v2\/users\/1"}],"replies":[{"embeddable":true,"href":"https:\/\/elegancebymelya.com\/es\/wp-json\/wp\/v2\/comments?post=8454"}],"version-history":[{"count":37,"href":"https:\/\/elegancebymelya.com\/es\/wp-json\/wp\/v2\/posts\/8454\/revisions"}],"predecessor-version":[{"id":8593,"href":"https:\/\/elegancebymelya.com\/es\/wp-json\/wp\/v2\/posts\/8454\/revisions\/8593"}],"wp:featuredmedia":[{"embeddable":true,"href":"https:\/\/elegancebymelya.com\/es\/wp-json\/wp\/v2\/media\/8494"}],"wp:attachment":[{"href":"https:\/\/elegancebymelya.com\/es\/wp-json\/wp\/v2\/media?parent=8454"}],"wp:term":[{"taxonomy":"category","embeddable":true,"href":"https:\/\/elegancebymelya.com\/es\/wp-json\/wp\/v2\/categories?post=8454"},{"taxonomy":"post_tag","embeddable":true,"href":"https:\/\/elegancebymelya.com\/es\/wp-json\/wp\/v2\/tags?post=8454"}],"curies":[{"name":"wp","href":"https:\/\/api.w.org\/{rel}","templated":true}]}}