{"id":6460,"date":"2025-11-05T13:58:21","date_gmt":"2025-11-05T13:58:21","guid":{"rendered":"https:\/\/elegancebymelya.com\/?p=6460"},"modified":"2026-06-17T16:41:57","modified_gmt":"2026-06-17T16:41:57","slug":"vivre-a-valence-espagne","status":"publish","type":"post","link":"https:\/\/elegancebymelya.com\/es\/vivre-a-valence-espagne\/","title":{"rendered":"Vivre \u00e0 Valence en 2026 : guide complet pour familles francophones"},"content":{"rendered":"\n<style>\n  \/* ===== TITRE PRINCIPAL ===== *\/\n  h1 {\n    font-size: 2rem;\n    line-height: 1.3;\n    color: #233a55;\n    margin-bottom: 0;\n    text-align: center;\n    font-family: \"Playfair Display\", \"Cormorant Garamond\", serif;\n    text-transform: uppercase;\n    letter-spacing: 0.5px;\n  }\n\n  .h1-sub {\n    display: flex;\n    align-items: center;\n    justify-content: center;\n    gap: 12px;\n    font-size: 1.2rem;\n    font-weight: 400;\n    color: #233a55;\n    margin-top: 8px;\n    text-transform: uppercase;\n    letter-spacing: 0.8px;\n  }\n\n  .h1-sub::before,\n  .h1-sub::after {\n    content: \"\";\n    flex: 1;\n    height: 1px;\n    background: linear-gradient(to right, transparent 10%, #C6A350 50%, transparent 90%);\n    max-width: 100px;\n  }\n\n  .h1-sub::after {\n    background: linear-gradient(to left, transparent 10%, #C6A350 50%, transparent 90%);\n  }\n\n  \/* ===== TITRES SECONDAIRES ===== *\/\n  h2 {\n    color: #233a55;\n    font-size: 1.8rem;\n    font-weight: 700;\n    margin-top: 45px;\n    margin-bottom: 12px;\n    text-transform: none;\n    letter-spacing: 0.3px;\n  }\n\n  h3 {\n    color: #1f1f1f;\n    font-weight: 600;\n    margin-top: 24px;\n  }\n\n  \/* ===== CITATION PRINCIPALE ===== *\/\n  .main-quote {\n    font-family: \"Playfair Display\", serif;\n    font-size: 1.6rem;\n    font-style: italic;\n    font-weight: 500;\n    text-align: center;\n    color: #1e1e1e;\n    margin: 40px auto;\n    max-width: 840px;\n    line-height: 1.6;\n    position: relative;\n    padding: 32px 22px;\n    background: #faf9f6;\n    border-radius: 14px;\n    box-shadow: 0 2px 12px rgba(0,0,0,0.06);\n    border: 1px solid #efe7d3;\n  }\n\n  .main-quote::before {\n    content: \"\u275d\";\n    position: absolute;\n    top: 4px;\n    left: 16px;\n    font-size: 3.2rem;\n    color: #C6A350;\n    opacity: 0.35;\n  }\n\n  .main-quote::after {\n    content: \"\u275e\";\n    position: absolute;\n    bottom: -6px;\n    right: 18px;\n    font-size: 3.2rem;\n    color: #C6A350;\n    opacity: 0.35;\n  }\n\n  \/* ===== CTA ENCADR\u00c9 PREMIUM ===== *\/\n  .cta-box {\n    background: #faf9f6;\n    border-left: 4px solid #C6A350;\n    border-radius: 10px;\n    padding: 18px 22px;\n    margin: 40px 0;\n    font-size: 1.05rem;\n    line-height: 1.8;\n    color: #1f1f1f;\n    box-shadow: 0 2px 8px rgba(0,0,0,0.05);\n  }\n\n  .cta-box strong {\n    color: #C6A350;\n    font-weight: 600;\n  }\n\n  .cta-box span {\n    font-style: italic;\n  }\n\n  .cta-main-link,\n  .cta-sub-link {\n    display: inline-block;\n    margin-top: 6px;\n    font-weight: 600;\n    text-decoration: none;\n    transition: all 0.3s ease;\n  }\n\n  .cta-main-link {\n    color: #E5890A;\n  }\n\n  .cta-sub-link {\n    color: #C66B1A;\n  }\n\n  .cta-main-link:hover,\n  .cta-sub-link:hover {\n    color: #C6A350;\n  }\n\n  \/* ===== BLOC INFO (Le saviez-vous ?) ===== *\/\n  .info-box {\n    background: #faf9f6;\n    border-left: 4px solid #C6A350;\n    border-radius: 10px;\n    padding: 18px 22px;\n    margin: 35px 0;\n    font-size: 1.05rem;\n    line-height: 1.7;\n    color: #1e1e1e;\n  }\n\n  .info-box strong {\n    font-weight: 600;\n    color: #C6A350;\n  }\n\n  \/* ===== LIENS ===== *\/\n  a.gold-hover {\n    color: #000;\n    text-decoration: underline;\n    text-decoration-color: #000;\n    transition: all 0.3s ease;\n  }\n\n  a.gold-hover:hover {\n    color: #C6A350;\n    text-decoration-color: #C6A350;\n  }\n\n  ul.styled-list li { margin-bottom: 6px; }\n  ul.styled-list li strong { color: #000; }\n<\/style>\n\n<h1>Vivre \u00e0 Valence<\/h1>\n  <div class=\"h1-sub\">climat, quartiers et qualit\u00e9 de vie en 2026<\/div>\n\n<p>Si vous r\u00eavez d\u2019une vie en Espagne, Valence s\u2019impose comme l\u2019un des meilleurs choix pour les familles francophones. Climat doux toute l\u2019ann\u00e9e, mer accessible en quelques minutes, rythme de vie d\u00e9tendu et co\u00fbt de la vie raisonnable : la troisi\u00e8me ville d\u2019Espagne s\u00e9duit par son \u00e9quilibre entre dynamisme urbain et douceur m\u00e9diterran\u00e9enne.<\/p>\n\n<p>Install\u00e9e au c\u0153ur de la <strong>Communaut\u00e9 valencienne<\/strong>, entre mer et montagnes, Valence offre une diversit\u00e9 de paysages et de modes de vie unique. Des plages de sable fin aux villages int\u00e9rieurs entour\u00e9s d\u2019orangers, chaque zone invite \u00e0 profiter du meilleur de la M\u00e9diterran\u00e9e.<\/p>\n\n<figure>\n  <img decoding=\"async\" src=\"https:\/\/elegancebymelya.com\/wp-content\/uploads\/2025\/11\/vivre-a-valence-espagne.jpg\"\n       alt=\"Vivre \u00e0 Valence \u2014 art et culture m\u00e9diterran\u00e9enne, azulejos color\u00e9s de la ville\">\n  <figcaption>Fresque typique de Valence : les azulejos color\u00e9s refl\u00e8tent l\u2019\u00e2me et l\u2019artisanat de la ville m\u00e9diterran\u00e9enne.<\/figcaption>\n<\/figure>\n\n\n<h2>Pourquoi choisir Valence pour s\u2019y installer ?<\/h2>\n\n<p>Valence combine tous les atouts de la M\u00e9diterran\u00e9e avec une taille humaine et un mode de vie paisible. On y trouve la convivialit\u00e9 d\u2019une grande ville sans le stress des m\u00e9tropoles comme Madrid ou Barcelone. Son climat ensoleill\u00e9 plus de 300 jours par an permet de profiter de la plage, des terrasses et des nombreux espaces verts toute l\u2019ann\u00e9e.<\/p>\n\n<p>La gastronomie y joue aussi un r\u00f4le central : Valence est le berceau de la paella, mais sa sc\u00e8ne culinaire va bien au-del\u00e0. Entre march\u00e9s locaux, restaurants familiaux et produits frais, tout est r\u00e9uni pour adopter une alimentation saine et savoureuse.<\/p>\n\n<p>C\u2019est aussi une ville s\u00fbre, agr\u00e9able \u00e0 vivre, o\u00f9 les enfants peuvent grandir dans un environnement paisible, \u00e0 proximit\u00e9 des parcs, des plages et des \u00e9coles de qualit\u00e9.<\/p>\n\n<figure>\n  <img decoding=\"async\" src=\"https:\/\/elegancebymelya.com\/wp-content\/uploads\/2025\/11\/quartiers-de-valence-famille.jpg\" alt=\"Quartiers familiaux de Valence : Ruzafa, Cabanyal, Monteolivete\">\n  <figcaption>Centre-ville de Valence \u2014 un m\u00e9lange unique d\u2019architecture moderniste, de palmiers et d\u2019ambiance m\u00e9diterran\u00e9enne, symbole de la qualit\u00e9 de vie valencienne.<\/figcaption>\n<\/figure>\n\n<div class=\"cta-box\">\n  \ud83d\udcac Vous envisagez de vous installer \u00e0 Valence ? \n  <a href=\"https:\/\/calendly.com\/elegancebymelya-info\/30min\" target=\"_blank\" rel=\"noopener noreferrer\">\n    <strong>Planifiez une consultation gratuite<\/strong>\n  <\/a> \n  avec notre \u00e9quipe francophone pour d\u00e9couvrir les quartiers et les \u00e9coles adapt\u00e9s \u00e0 votre famille.\n<\/div>\n\n<h2>Le co\u00fbt de la vie \u00e0 Valence<\/h2>\n\n<p>C\u2019est l\u2019un des grands atouts de la ville : vivre \u00e0 Valence reste plus abordable que dans d\u2019autres grandes villes espagnoles. Les loyers y sont souvent <strong>15 \u00e0 30 % inf\u00e9rieurs<\/strong> \u00e0 ceux de Madrid ou Barcelone, et les d\u00e9penses du quotidien (alimentation, loisirs, transports) restent raisonnables.<\/p>\n\n<p>Pour une famille, cela permet de conserver un bon niveau de confort tout en profitant d\u2019une vie plus \u00e9quilibr\u00e9e. Les transports publics sont efficaces et \u00e9conomiques, et il est tout \u00e0 fait possible de vivre sans voiture, surtout dans les quartiers bien desservis.<\/p>\n\n<div class=\"info-box\">\n  Pour en savoir plus sur les frais d\u2019achat et les co\u00fbts li\u00e9s \u00e0 l\u2019installation, consultez aussi notre guide :<br>\n  \ud83d\udc49 <a href=\"https:\/\/elegancebymelya.com\/acheter-un-bien-immobilier-en-espagne\/\" target=\"_blank\" rel=\"noopener noreferrer\"><strong>Acheter un bien immobilier en Espagne : \u00e9tapes et budget \u00e0 pr\u00e9voir<\/strong><\/a>\n<\/div>\n\n<h2>Les meilleurs quartiers pour les familles \u00e0 Valence<\/h2>\n\n<p>Valence est une mosa\u00efque de quartiers, chacun avec son caract\u00e8re et ses avantages. Pour les familles francophones, certains se distinguent par leur cadre de vie, leur s\u00e9curit\u00e9 et leur ambiance locale.<\/p>\n\n<ul class=\"quartiers-list\">\n  <li>\n    <div class=\"quartiers-icon\"><\/div>\n    <div class=\"quartiers-text\">\n      <h3>El Carmen<\/h3>\n      <p>Situ\u00e9 dans le c\u0153ur historique (Ciutat Vella), El Carmen s\u00e9duit par ses ruelles pleines de charme, ses places anim\u00e9es et ses b\u00e2timents anciens. Bien qu\u2019un peu plus anim\u00e9 le soir, le quartier reste agr\u00e9able pour les familles appr\u00e9ciant l\u2019authenticit\u00e9 et la vie de quartier.<\/p>\n    <\/div>\n  <\/li>\n\n  <li>\n    <div class=\"quartiers-icon\"><\/div>\n    <div class=\"quartiers-text\">\n      <h3>Ruzafa<\/h3>\n      <p>Quartier boh\u00e8me et culturel du centre-ville, Ruzafa attire les jeunes familles en qu\u00eate d\u2019un mode de vie urbain et vivant. Boulangeries artisanales, march\u00e9s, \u00e9coles proches et ambiance cosmopolite en font un secteur tr\u00e8s recherch\u00e9.<\/p>\n    <\/div>\n  <\/li>\n\n  <li>\n    <div class=\"quartiers-icon\"><\/div>\n    <div class=\"quartiers-text\">\n      <h3>El Cabanyal<\/h3>\n      <p>Ancien quartier de p\u00eacheurs devenu symbole de renaissance, El Cabanyal permet de vivre \u00e0 deux pas de la mer, dans une atmosph\u00e8re conviviale et color\u00e9e. Ses maisons modernistes et son esprit communautaire s\u00e9duisent les familles aimant la mer et la proximit\u00e9 des plages.<\/p>\n    <\/div>\n  <\/li>\n\n  <li>\n    <div class=\"quartiers-icon\"><\/div>\n    <div class=\"quartiers-text\">\n      <h3>Monteolivete et Patraix<\/h3>\n      <p>Ces quartiers r\u00e9sidentiels conservent un esprit de village \u00e0 quelques minutes du centre. On y trouve des \u00e9coles, des commerces de proximit\u00e9 et une vraie vie de voisinage. C\u2019est l\u2019un des meilleurs compromis pour les familles qui veulent rester dans la capitale sans renoncer \u00e0 la tranquillit\u00e9.<\/p>\n    <\/div>\n  <\/li>\n<\/ul>\n\n<h2>Les alentours de Valence : espace, nature et confort<\/h2>\n\n<p>Pour les familles \u00e0 la recherche d\u2019une maison avec jardin, piscine ou plus de calme, plusieurs communes situ\u00e9es \u00e0 20\u201330 minutes du centre offrent un cadre de vie exceptionnel.<\/p>\n\n<p><strong>La Eliana et B\u00e9tera<\/strong><br>Tr\u00e8s pris\u00e9es pour leur cadre verdoyant, leurs \u00e9coles internationales et leur atmosph\u00e8re conviviale. Ces zones offrent de grandes villas et un excellent \u00e9quilibre entre vie familiale et proximit\u00e9 de la ville.<\/p>\n\n<p><strong>Godella et Campolivar<\/strong><br>Appr\u00e9ci\u00e9es des expatri\u00e9s, elles allient confort, s\u00e9curit\u00e9 et environnement paisible, avec des liaisons rapides en m\u00e9tro vers le centre de Valence.<\/p>\n\n<p>Ces communes de la Communaut\u00e9 valencienne sont id\u00e9ales pour ceux qui recherchent un mode de vie r\u00e9sidentiel tout en restant connect\u00e9s \u00e0 la ville.<\/p>\n\n<div class=\"cta-box\">\n  \ud83d\udcac D\u00e9couvrez aussi nos conseils pour \n  <a href=\"https:\/\/elegancebymelya.com\/acheter\/#vousattendre\" target=\"_blank\" rel=\"noopener noreferrer\">\n    <strong>acheter une maison autour de Valence<\/strong>\n  <\/a> \n  selon vos besoins et votre budget.\n<\/div>\n\n<h2>\u00c9ducation et universit\u00e9s \u00e0 Valence<\/h2>\n\n<p>L\u2019un des grands avantages de Valence est la qualit\u00e9 de son syst\u00e8me \u00e9ducatif. La ville compte de nombreuses \u00e9coles publiques, priv\u00e9es et internationales, dont plusieurs \u00e9tablissements bilingues espagnol-anglais ou espagnol-fran\u00e7ais, tr\u00e8s appr\u00e9ci\u00e9s des familles expatri\u00e9es.<\/p>\n\n<p>C\u00f4t\u00e9 enseignement sup\u00e9rieur, Valence abrite certaines des meilleures universit\u00e9s d\u2019Espagne, comme :<\/p>\n\n<p>\n  <a href=\"https:\/\/www.uv.es\/uvweb\/universitat\/ca\/universitat\/missio-visio-valors\/missio-1285924490521.html\" target=\"_blank\" rel=\"noopener noreferrer\"><strong>Universit\u00e9 de Valence (UV)<\/strong><\/a><br>\n  <a href=\"https:\/\/www.upv.es\/organizacion\/escuelas-facultades\/index-es.html\" target=\"_blank\" rel=\"noopener noreferrer\"><strong>Universit\u00e9 Polytechnique de Valence (UPV)<\/strong><\/a>\n<\/p>\n\n<p>Elles sont reconnues pour leurs programmes en ing\u00e9nierie, architecture, sant\u00e9, commerce et design, et participent pleinement \u00e0 l\u2019attractivit\u00e9 \u00e9conomique et culturelle de la ville.<\/p>\n\n<p>Les familles profitent \u00e9galement d\u2019un grand nombre d\u2019activit\u00e9s pour les enfants : clubs sportifs, ateliers culturels, parcs de jeux, mus\u00e9es interactifs et le c\u00e9l\u00e8bre Jardin du Turia, v\u00e9ritable poumon vert de la ville.<\/p>\n\n<h2>Travailler \u00e0 Valence : une \u00e9conomie en pleine croissance<\/h2>\n\n<p>Au-del\u00e0 de sa qualit\u00e9 de vie, Valence conna\u00eet une croissance \u00e9conomique soutenue. La ville se positionne comme un p\u00f4le attractif pour les entreprises innovantes et les t\u00e9l\u00e9travailleurs. Le d\u00e9veloppement des secteurs technologique, logistique, touristique et du design attire de plus en plus d\u2019investisseurs europ\u00e9ens.<\/p>\n\n<p>Selon la Chambre de commerce de Valence, la r\u00e9gion a connu ces derni\u00e8res ann\u00e9es une hausse constante des cr\u00e9ations d\u2019entreprises et de l\u2019emploi qualifi\u00e9.<\/p>\n\n<figure>\n  <img decoding=\"async\" src=\"https:\/\/elegancebymelya.com\/wp-content\/uploads\/2025\/11\/valence-espagne.jpg\" alt=\"Climat, logement et vie \u00e0 Valence en 2025\">\n  <figcaption>Sc\u00e8ne de vie \u00e0 Valence : une ville espagnole dynamique et accueillante o\u00f9 il fait bon vivre.<\/figcaption>\n<\/figure>\n\n<p>Cette vitalit\u00e9 \u00e9conomique, combin\u00e9e \u00e0 un co\u00fbt de vie mod\u00e9r\u00e9, cr\u00e9e un \u00e9quilibre id\u00e9al entre travail et vie personnelle, particuli\u00e8rement recherch\u00e9 par les familles actives.<\/p>\n\n<div class=\"cta-box\">\n  \ud83d\udcac Envie de vous lancer dans un projet immobilier \u00e0 Valence ? \n  <a href=\"https:\/\/www.elegancebymelya.com\/contact\" target=\"_blank\" rel=\"noopener noreferrer\">\n    <strong>Contactez notre \u00e9quipe francophone<\/strong>\n  <\/a> \n  pour b\u00e9n\u00e9ficier d\u2019un accompagnement complet et personnalis\u00e9.\n<\/div>\n\n<h2>Valence, Madrid ou Barcelone ?<\/h2>\n\n<p>Derri\u00e8re Madrid et Barcelone, <strong>Valence s\u2019impose d\u00e9sormais comme l\u2019une des villes les plus attractives d\u2019Espagne<\/strong>. Elle s\u00e9duit par son \u00e9quilibre entre qualit\u00e9 de vie, co\u00fbt raisonnable et dynamisme \u00e9conomique.<\/p>\n\n<p>\u00c0 <strong>Madrid<\/strong>, la vie professionnelle est intense : le march\u00e9 de l\u2019emploi est vaste, les salaires plus \u00e9lev\u00e9s, mais les loyers et le rythme de vie le sont tout autant.<\/p>\n\n<p><strong>Barcelone<\/strong>, quant \u00e0 elle, brille par son ouverture internationale et sa vitalit\u00e9 culturelle, mais les prix de l\u2019immobilier y atteignent souvent des niveaux comparables \u00e0 ceux des grandes capitales europ\u00e9ennes.<\/p>\n\n<p>En comparaison, <strong>Valence combine les avantages des deux sans leurs inconv\u00e9nients<\/strong> : un march\u00e9 immobilier encore abordable, un climat ensoleill\u00e9, des infrastructures modernes et un cadre de vie plus d\u00e9tendu. Son r\u00e9seau de transports, son a\u00e9roport bien connect\u00e9 et la pr\u00e9sence de grandes universit\u00e9s en font une ville id\u00e9ale pour les familles, les t\u00e9l\u00e9travailleurs ou les investisseurs souhaitant un pied-\u00e0-terre rentable.<\/p>\n\n<div class=\"cta-box\">\n  \ud83d\udc49 En r\u00e9sum\u00e9, <strong>vivre \u00e0 Valence, c\u2019est b\u00e9n\u00e9ficier du dynamisme de Madrid, du charme de Barcelone et du calme m\u00e9diterran\u00e9en<\/strong>, le tout dans une ville \u00e0 taille humaine o\u00f9 l\u2019on profite vraiment de la vie.\n<\/div>\n\n\n<h2>Conclusion<\/h2>\n\n<p>Vivre \u00e0 Valence en famille, c\u2019est choisir un \u00e9quilibre rare entre mer, soleil, nature et confort. Une ville chaleureuse, accueillante, o\u00f9 tout semble plus simple et plus fluide.<\/p>\n\n<p>Et si vous souhaitez vous installer \u00e0 Valence ou investir dans la r\u00e9gion, notre \u00e9quipe francophone sur place peut vous accompagner \u00e0 chaque \u00e9tape, avec des conseils personnalis\u00e9s et une connaissance approfondie du march\u00e9 local.<\/p>\n\n<p><a href=\"https:\/\/www.elegancebymelya.com\/contact\" class=\"cta-button\">Contactez-nous ici<\/a><\/p>\n\n<div class=\"useful-links\">\n  <h3>Liens utiles :<\/h3>\n  <ul>\n    <li><a href=\"https:\/\/calendly.com\/elegancebymelya-info\/30min\" target=\"_blank\" rel=\"noopener noreferrer\">Planifier un appel \u2013 Consultation gratuite<\/a><\/li>\n    <li><a href=\"https:\/\/elegancebymelya.com\/acheter-un-bien-immobilier-en-espagne\/\" target=\"_blank\" rel=\"noopener noreferrer\">Guide d\u2019achat immobilier en Espagne<\/a><\/li>\n    <li><a href=\"https:\/\/elegancebymelya.com\/acheter\/#vousattendre\" target=\"_blank\" rel=\"noopener noreferrer\">Acheter autour de Valence \u2013 Nos conseils<\/a><\/li>\n    <li><a href=\"https:\/\/melyagroup.com\" target=\"_blank\" rel=\"noopener noreferrer\">Catalogue de biens \u2013 Melya Group<\/a><\/li>\n    <li><a href=\"https:\/\/www.uv.es\/uvweb\/universitat\/ca\/universitat\/missio-visio-valors\/missio-1285924490521.html\" target=\"_blank\" rel=\"noopener noreferrer\">Universit\u00e9 de Valence (UV)<\/a><\/li>\n    <li><a href=\"https:\/\/www.upv.es\/organizacion\/escuelas-facultades\/index-es.html\" target=\"_blank\" rel=\"noopener noreferrer\">Universit\u00e9 Polytechnique de Valence (UPV)<\/a><\/li>\n  <\/ul>\n<\/div>\n\n\n\n<!-- ===== FAQ \u00c9l\u00e9gance \u2014 Coller dans un bloc HTML ===== -->\n\n<h2>FAQ \u2014 Vivre et investir \u00e0 Valence en 2026<\/h2>\n\n<style>\n  \/* FAQ \u00e9l\u00e9gante (ne touche que ce bloc) *\/\n  .faq-elegance details {\n    border: 1px solid #e9e2cf;\n    border-left: 4px solid #C6A350;\n    border-radius: 8px;\n    padding: 14px 16px;\n    margin: 14px 0;\n    background: #fff;\n  }\n  .faq-elegance summary {\n    cursor: pointer;\n    list-style: none;\n    font-weight: 700;\n    color: #233A55;\n  }\n  .faq-elegance summary::-webkit-details-marker { display: none; }\n  .faq-elegance summary:after {\n    content: \"\uff0b\";\n    float: right;\n    font-weight: 600;\n    color: #C6A350;\n    transition: transform .2s ease;\n  }\n  .faq-elegance details[open] summary:after { content: \"\u2013\"; }\n  .faq-elegance .answer {\n    margin-top: 10px;\n    color: #111111;\n    line-height: 1.8;\n  }\n  .faq-elegance a {\n    color: #DA5205;\n    font-weight: 600;\n    text-decoration: none;\n    border-bottom: 1px solid transparent;\n    transition: all .25s ease;\n  }\n  .faq-elegance a:hover {\n    color: #C6A350;\n    border-bottom-color: #C6A350;\n  }\n  .faq-elegance u {\n    text-decoration-color: #C6A350;\n    text-underline-offset: 3px;\n  }\n\n  \/* Titre H2 plus sobre *\/\n  h2 {\n    font-family: \"Playfair Display\", \"Cormorant Garamond\", serif;\n    font-weight: 700;\n    color: #233A55;\n    border-left: 4px solid #C6A350;\n    padding-left: 12px;\n    margin-bottom: 22px;\n  }\n<\/style>\n\n<div class=\"faq-elegance\">\n\n  <details>\n    <summary>1. Quelle est la fiscalit\u00e9 lors de l\u2019achat d\u2019un bien immobilier \u00e0 Valence ?<\/summary>\n    <div class=\"answer\">\n      Pour un <strong>bien ancien<\/strong>, l\u2019<strong>ITP (Impuesto de Transmisiones Patrimoniales)<\/strong> est de <strong>10 %<\/strong> dans la Communaut\u00e9 valencienne.<br>\n      Pour un <strong>bien neuf<\/strong>, il faut payer la <strong>TVA (IVA)<\/strong> \u00e0 <strong>10 %<\/strong> + l\u2019<strong>AJD (Acte Juridique Document\u00e9)<\/strong> d\u2019environ <strong>1,5 %<\/strong>.<br>\n      \u00c0 cela s\u2019ajoutent les frais de notaire, registre, avocat et traduction.<br><br>\n      \ud83d\udc49 <strong>Nous pouvons vous fournir un r\u00e9capitulatif d\u00e9taill\u00e9 de l\u2019ensemble des frais<\/strong> li\u00e9s \u00e0 votre projet afin <strong>d\u2019\u00e9viter toute mauvaise surprise<\/strong> et de <strong>ma\u00eetriser votre enveloppe budg\u00e9taire<\/strong> d\u00e8s le d\u00e9part.\n    <\/div>\n  <\/details>\n\n  <details>\n    <summary>2. Les \u00e9trangers peuvent-ils acheter facilement un bien \u00e0 Valence ?<\/summary>\n    <div class=\"answer\">\n      Oui, le march\u00e9 immobilier espagnol est totalement ouvert aux \u00e9trangers. Il suffit d\u2019obtenir un <strong>NIE (Num\u00e9ro d\u2019Identification d\u2019\u00c9tranger)<\/strong> et d\u2019avoir un <strong>compte bancaire espagnol<\/strong> pour finaliser l\u2019achat.<br><br>\n      Les d\u00e9marches sont simples, mais il est essentiel de <strong>contr\u00f4ler la situation juridique du bien<\/strong> avant de signer : charges impay\u00e9es, conformit\u00e9 urbanistique, absence d\u2019hypoth\u00e8que cach\u00e9e\u2026<br><br>\n      Chez <strong>Melya Group<\/strong>, nous assurons un accompagnement complet : recherche, v\u00e9rification juridique, n\u00e9gociation, et suivi fiscal jusqu\u2019\u00e0 la remise des cl\u00e9s.\n    <\/div>\n  <\/details>\n\n  <details>\n    <summary>3. Quelles sont les perspectives du march\u00e9 immobilier \u00e0 Valence ?<\/summary>\n    <div class=\"answer\">\n      Le march\u00e9 immobilier valencien reste <strong>dynamique et attractif<\/strong> en 2026.<br>\n      Les prix connaissent une hausse mod\u00e9r\u00e9e, soutenue par la demande \u00e9trang\u00e8re et le d\u00e9veloppement \u00e9conomique local.<br>\n      Les quartiers en bord de mer \u2014 <strong>El Cabanyal<\/strong>, <strong>Malvarrosa<\/strong> \u2014 et ceux en p\u00e9riph\u00e9rie r\u00e9sidentielle \u2014 <strong>Godella<\/strong>, <strong>La Eliana<\/strong>, <strong>B\u00e9tera<\/strong> \u2014 offrent de <strong>belles opportunit\u00e9s d\u2019investissement<\/strong>.<br>\n      Valence demeure bien plus abordable que Madrid, Barcelone ou Malaga, tout en offrant une <strong>rentabilit\u00e9 locative int\u00e9ressante<\/strong>.\n    <\/div>\n  <\/details>\n\n  <details>\n    <summary>4. Faut-il une licence touristique pour louer en courte dur\u00e9e (Airbnb) \u00e0 Valence ?<\/summary>\n    <div class=\"answer\">\n      Oui, une <strong>licence touristique<\/strong est <strong>obligatoire<\/strong> pour toute location de courte dur\u00e9e (Airbnb, Booking, etc.) dans la Communaut\u00e9 valencienne.<br>\n      Elle est d\u00e9livr\u00e9e par la <strong>Generalitat Valenciana<\/strong> et le logement doit respecter plusieurs crit\u00e8res : conformit\u00e9 urbanistique, s\u00e9curit\u00e9, capacit\u00e9 d\u2019accueil, et enregistrement officiel.<br><br>\n      Certaines zones de Valence, notamment le centre historique et les quartiers touristiques, font l\u2019objet de <strong>restrictions<\/strong> pour les nouvelles licences.<br><br>\n      \ud83d\udc49 Nous vous accompagnons dans la <strong>v\u00e9rification de la faisabilit\u00e9 locative<\/strong> et la <strong>demande de licence touristique<\/strong> lorsque le projet le permet.\n    <\/div>\n  <\/details>\n\n  <details>\n    <summary>5. Comment se rendre facilement \u00e0 Valence depuis la France ?<\/summary>\n    <div class=\"answer\">\n      Valence est tr\u00e8s bien connect\u00e9e :<br>\n      \u2708\ufe0f A\u00e9roport international de <strong>Valence-Manises<\/strong> : vols directs depuis Paris, Lyon, Bruxelles, Gen\u00e8ve ou Toulouse.<br>\n      \ud83d\ude86 Train \u00e0 grande vitesse (<strong>AVE<\/strong>) reliant Madrid en <strong>1 h 50<\/strong>.<br>\n      \ud83d\ude97 Autoroute <strong>AP-7<\/strong> longeant la c\u00f4te m\u00e9diterran\u00e9enne jusqu\u2019\u00e0 la fronti\u00e8re fran\u00e7aise.<br><br>\n      Ces connexions facilitent les allers-retours et font de Valence une destination pratique pour <strong>y vivre, investir ou g\u00e9rer un bien \u00e0 distance<\/strong>.\n    <\/div>\n  <\/details>\n\n  <details>\n    <summary>6. Pourquoi se faire accompagner par une \u00e9quipe francophone \u00e0 Valence ?<\/summary>\n    <div class=\"answer\">\n      Acheter ou s\u2019installer \u00e0 Valence implique de comprendre les sp\u00e9cificit\u00e9s locales : fiscalit\u00e9, urbanisme, d\u00e9marches notariales et r\u00e8gles bancaires.<br><br>\n      Notre <strong>\u00e9quipe francophone<\/strong> bas\u00e9e \u00e0 Valence vous accompagne de A \u00e0 Z : mandat de recherche, contr\u00f4le juridique, traduction, ouverture de compte, fiscalit\u00e9, signature notaire et installation.<br><br>\n      Gr\u00e2ce \u00e0 notre <strong>connaissance du march\u00e9 local<\/strong> et de ses acteurs, nous garantissons un <strong>achat s\u00e9curis\u00e9, transparent et sans barri\u00e8re linguistique<\/strong>.\n    <\/div>\n  <\/details>\n\n<\/div>\n\n\n\n<section class=\"cta-full-elegance\">\n  <div class=\"cta-full-inner\">\n    <h2>Votre projet immobilier m\u00e9rite un <strong>accompagnement sur mesure<\/strong>.<\/h2>\n    <p>D\u00e9couvrez nos services exclusifs pour un achat ou une vente en Espagne en toute s\u00e9r\u00e9nit\u00e9.<\/p>\n\n    <div class=\"cta-buttons\">\n      <a href=\"https:\/\/www.elegancebymelya.com\/acheter\" class=\"cta-btn orange\">Acheter mon bien<\/a>\n      <a href=\"https:\/\/www.elegancebymelya.com\/contact\" class=\"cta-btn blanc\">Vendre mon bien<\/a>\n    <\/div>\n  <\/div>\n<\/section>\n\n\n\n<p><\/p>\n","protected":false},"excerpt":{"rendered":"<p>Vivre \u00e0 Valence climat, quartiers et qualit\u00e9 de vie en 2026 Si vous r\u00eavez d\u2019une vie en Espagne, Valence s\u2019impose [&hellip;]<\/p>\n","protected":false},"author":1,"featured_media":6508,"comment_status":"closed","ping_status":"open","sticky":false,"template":"","format":"standard","meta":{"site-sidebar-layout":"default","site-content-layout":"","ast-site-content-layout":"","site-content-style":"default","site-sidebar-style":"default","ast-global-header-display":"","ast-banner-title-visibility":"","ast-main-header-display":"","ast-hfb-above-header-display":"","ast-hfb-below-header-display":"","ast-hfb-mobile-header-display":"","site-post-title":"","ast-breadcrumbs-content":"","ast-featured-img":"","footer-sml-layout":"","ast-disable-related-posts":"","theme-transparent-header-meta":"","adv-header-id-meta":"","stick-header-meta":"","header-above-stick-meta":"","header-main-stick-meta":"","header-below-stick-meta":"","astra-migrate-meta-layouts":"default","ast-page-background-enabled":"default","ast-page-background-meta":{"desktop":{"background-color":"var(--ast-global-color-4)","background-image":"","background-repeat":"repeat","background-position":"center center","background-size":"auto","background-attachment":"scroll","background-type":"","background-media":"","overlay-type":"","overlay-color":"","overlay-opacity":"","overlay-gradient":""},"tablet":{"background-color":"","background-image":"","background-repeat":"repeat","background-position":"center center","background-size":"auto","background-attachment":"scroll","background-type":"","background-media":"","overlay-type":"","overlay-color":"","overlay-opacity":"","overlay-gradient":""},"mobile":{"background-color":"","background-image":"","background-repeat":"repeat","background-position":"center center","background-size":"auto","background-attachment":"scroll","background-type":"","background-media":"","overlay-type":"","overlay-color":"","overlay-opacity":"","overlay-gradient":""}},"ast-content-background-meta":{"desktop":{"background-color":"var(--ast-global-color-5)","background-image":"","background-repeat":"repeat","background-position":"center center","background-size":"auto","background-attachment":"scroll","background-type":"","background-media":"","overlay-type":"","overlay-color":"","overlay-opacity":"","overlay-gradient":""},"tablet":{"background-color":"var(--ast-global-color-5)","background-image":"","background-repeat":"repeat","background-position":"center center","background-size":"auto","background-attachment":"scroll","background-type":"","background-media":"","overlay-type":"","overlay-color":"","overlay-opacity":"","overlay-gradient":""},"mobile":{"background-color":"var(--ast-global-color-5)","background-image":"","background-repeat":"repeat","background-position":"center center","background-size":"auto","background-attachment":"scroll","background-type":"","background-media":"","overlay-type":"","overlay-color":"","overlay-opacity":"","overlay-gradient":""}},"footnotes":"","_wpscppro_dont_share_socialmedia":false,"_wpscppro_custom_social_share_image":0,"_facebook_share_type":"default","_twitter_share_type":"default","_linkedin_share_type":"default","_pinterest_share_type":"default","_linkedin_share_type_page":"","_instagram_share_type":"default","_medium_share_type":"default","_threads_share_type":"default","_google_business_share_type":"default","_selected_social_profile":[],"_wpsp_enable_custom_social_template":false,"_wpsp_social_scheduling":{"enabled":false,"datetime":null,"platforms":[],"status":"template_only","dateOption":"today","timeOption":"now","customDays":"","customHours":"","customDate":"","customTime":"","schedulingType":"absolute"},"_wpsp_active_default_template":true},"categories":[1],"tags":[36],"class_list":["post-6460","post","type-post","status-publish","format-standard","has-post-thumbnail","hentry","category-conseils-achat-immobilier-espagne","tag-vivre-a-valence-valence-espagne-sinstaller-a-valence-expatriation-espagne-qualite-de-vie-en-espagne-climat-de-valence-quartiers-de-valence-cout-de-la-vie-a-valence"],"_links":{"self":[{"href":"https:\/\/elegancebymelya.com\/es\/wp-json\/wp\/v2\/posts\/6460","targetHints":{"allow":["GET"]}}],"collection":[{"href":"https:\/\/elegancebymelya.com\/es\/wp-json\/wp\/v2\/posts"}],"about":[{"href":"https:\/\/elegancebymelya.com\/es\/wp-json\/wp\/v2\/types\/post"}],"author":[{"embeddable":true,"href":"https:\/\/elegancebymelya.com\/es\/wp-json\/wp\/v2\/users\/1"}],"replies":[{"embeddable":true,"href":"https:\/\/elegancebymelya.com\/es\/wp-json\/wp\/v2\/comments?post=6460"}],"version-history":[{"count":34,"href":"https:\/\/elegancebymelya.com\/es\/wp-json\/wp\/v2\/posts\/6460\/revisions"}],"predecessor-version":[{"id":8355,"href":"https:\/\/elegancebymelya.com\/es\/wp-json\/wp\/v2\/posts\/6460\/revisions\/8355"}],"wp:featuredmedia":[{"embeddable":true,"href":"https:\/\/elegancebymelya.com\/es\/wp-json\/wp\/v2\/media\/6508"}],"wp:attachment":[{"href":"https:\/\/elegancebymelya.com\/es\/wp-json\/wp\/v2\/media?parent=6460"}],"wp:term":[{"taxonomy":"category","embeddable":true,"href":"https:\/\/elegancebymelya.com\/es\/wp-json\/wp\/v2\/categories?post=6460"},{"taxonomy":"post_tag","embeddable":true,"href":"https:\/\/elegancebymelya.com\/es\/wp-json\/wp\/v2\/tags?post=6460"}],"curies":[{"name":"wp","href":"https:\/\/api.w.org\/{rel}","templated":true}]}}